{"id":455066,"date":"2022-11-16T17:38:27","date_gmt":"2022-11-16T23:38:27","guid":{"rendered":"https:\/\/www.zunoticia.com\/noticias-de-hidalgo\/?p=455066"},"modified":"2022-11-16T17:38:30","modified_gmt":"2022-11-16T23:38:30","slug":"administrativo-de-la-uph-realizo-huelga-de-hambre","status":"publish","type":"post","link":"https:\/\/www.zunoticia.com\/noticias-de-hidalgo\/2022\/11\/16\/administrativo-de-la-uph-realizo-huelga-de-hambre\/","title":{"rendered":"Administrativo de la UPH realiz\u00f3 huelga de hambre"},"content":{"rendered":"<aside class=\"mashsb-container mashsb-main mashsb-stretched\"><div class=\"mashsb-box\"><div class=\"mashsb-count mash-large\" style=\"float:left\"><div class=\"counts mashsbcount\">20<\/div><span class=\"mashsb-sharetext\">SHARES<\/span><\/div><div class=\"mashsb-buttons\"><a class=\"mashicon-facebook mash-large mash-center mashsb-noshadow\" href=\"https:\/\/www.facebook.com\/sharer.php?u=https%3A%2F%2Fwww.zunoticia.com%2Fnoticias-de-hidalgo%2F2022%2F11%2F16%2Fadministrativo-de-la-uph-realizo-huelga-de-hambre%2F\" target=\"_top\" rel=\"nofollow\"><span class=\"icon\"><\/span><span class=\"text\">Share<\/span><\/a><a class=\"mashicon-twitter mash-large mash-center mashsb-noshadow\" href=\"https:\/\/twitter.com\/intent\/tweet?text=&amp;url=https:\/\/www.zunoticia.com\/noticias-de-hidalgo\/2022\/11\/16\/administrativo-de-la-uph-realizo-huelga-de-hambre\/\" target=\"_top\" rel=\"nofollow\"><span class=\"icon\"><\/span><span class=\"text\">Tweet<\/span><\/a><div class=\"onoffswitch2 mash-large mashsb-noshadow\" style=\"display:none\"><\/div><\/div>\n            <\/div>\n                <div style=\"clear:both\"><\/div><div class=\"mashsb-toggle-container\"><\/div><\/aside>\n            <!-- Share buttons by mashshare.net - Version: 4.0.47-->\n<ul class=\"wp-block-list\"><li>Despu\u00e9s algunas horas de protesta, Ignacio Ram\u00f3n Villegas Le\u00f3n, lleg\u00f3 a un acuerdo con los directivos y levant\u00f3 la huelga.<\/li><\/ul>\n\n\n\n<p><em>Por Redacci\u00f3n\/Zunoticia<\/em><\/p>\n\n\n\n<p><strong>Huejutla, Hgo. &#8211;<\/strong> Por presunto acoso laboral y malos tratos por parte de la responsable de Recursos Humanos, el Ingeniero Ignacio Ram\u00f3n Villegas Le\u00f3n, administrativo de la Universidad Polit\u00e9cnica de Huejutla (UPH), realiz\u00f3 una huelga de hambre este mi\u00e9rcoles.<\/p>\n\n\n\n<p>Entrevistado por el reportero de Zunoticia, Ignacio Ram\u00f3n manifest\u00f3 que su protesta se deriva porque presuntamente ha sido v\u00edctima de acoso laboral por parte de la contadora Karen Arg\u00fcelles Bar\u00f3n, la cual en reiteradas ocasiones le ha levantado la voz y aplicado descuentos sin justificaci\u00f3n alguna.<\/p>\n\n\n\n<p>El funcionario se\u00f1al\u00f3 que el pasado martes, el jur\u00eddico de la Universidad Polit\u00e9cnica, Francis Orme Ghandy, se present\u00f3 a su domicilio para advertirle que tuviera cuidado, ya que \u00e9l y la contadora Karen solo reciben \u00f3rdenes de sus superiores.<\/p>\n\n\n\n<figure class=\"wp-block-gallery has-nested-images columns-default is-cropped wp-block-gallery-1 is-layout-flex wp-block-gallery-is-layout-flex\">\n<figure class=\"wp-block-image size-large\"><img fetchpriority=\"high\" decoding=\"async\" width=\"1024\" height=\"587\" data-id=\"455069\" src=\"https:\/\/www.zunoticia.com\/noticias-de-hidalgo\/wp-content\/uploads\/2022\/11\/WhatsApp-Image-2022-11-16-at-4.22.12-PM-1-1024x587.jpeg\" alt=\"\" class=\"wp-image-455069\" srcset=\"https:\/\/www.zunoticia.com\/noticias-de-hidalgo\/wp-content\/uploads\/2022\/11\/WhatsApp-Image-2022-11-16-at-4.22.12-PM-1-1024x587.jpeg 1024w, https:\/\/www.zunoticia.com\/noticias-de-hidalgo\/wp-content\/uploads\/2022\/11\/WhatsApp-Image-2022-11-16-at-4.22.12-PM-1-300x172.jpeg 300w, https:\/\/www.zunoticia.com\/noticias-de-hidalgo\/wp-content\/uploads\/2022\/11\/WhatsApp-Image-2022-11-16-at-4.22.12-PM-1-768x440.jpeg 768w, https:\/\/www.zunoticia.com\/noticias-de-hidalgo\/wp-content\/uploads\/2022\/11\/WhatsApp-Image-2022-11-16-at-4.22.12-PM-1.jpeg 1256w\" sizes=\"(max-width: 1024px) 100vw, 1024px\" \/><\/figure>\n\n\n\n<figure class=\"wp-block-image size-large\"><img decoding=\"async\" width=\"1024\" height=\"585\" data-id=\"455068\" src=\"https:\/\/www.zunoticia.com\/noticias-de-hidalgo\/wp-content\/uploads\/2022\/11\/WhatsApp-Image-2022-11-16-at-4.22.12-PM-1024x585.jpeg\" alt=\"\" class=\"wp-image-455068\" srcset=\"https:\/\/www.zunoticia.com\/noticias-de-hidalgo\/wp-content\/uploads\/2022\/11\/WhatsApp-Image-2022-11-16-at-4.22.12-PM-1024x585.jpeg 1024w, https:\/\/www.zunoticia.com\/noticias-de-hidalgo\/wp-content\/uploads\/2022\/11\/WhatsApp-Image-2022-11-16-at-4.22.12-PM-300x171.jpeg 300w, https:\/\/www.zunoticia.com\/noticias-de-hidalgo\/wp-content\/uploads\/2022\/11\/WhatsApp-Image-2022-11-16-at-4.22.12-PM-768x439.jpeg 768w, https:\/\/www.zunoticia.com\/noticias-de-hidalgo\/wp-content\/uploads\/2022\/11\/WhatsApp-Image-2022-11-16-at-4.22.12-PM.jpeg 1260w\" sizes=\"(max-width: 1024px) 100vw, 1024px\" \/><\/figure>\n<\/figure>\n\n\n\n<p>En el mismo contexto, Villegas Le\u00f3n, manifest\u00f3 que, en relaci\u00f3n a su caso, ya solicit\u00f3 la intervenci\u00f3n de la Comisi\u00f3n de Derechos Humanos; Al gobernador del estado, Julio Ram\u00f3n Menchaca Salazar y al subsecretario de Educaci\u00f3n Media Superior y Superior, maestro Daniel Fragoso Torres.<\/p>\n\n\n\n<p>Tras la intervenci\u00f3n del rector de la universidad, Jos\u00e9 Eugenio Segura Marroqu\u00edn, la tarde de este mi\u00e9rcoles Ignacio Ram\u00f3n Villegas, levant\u00f3 la huelga de hambre al llegar a un acuerdo de respeto a sus labores cotidianas, no obstante, hasta el momento se desconoce si habr\u00e1 personas despedidas de la universidad en relaci\u00f3n a este caso.<\/p>\n","protected":false},"excerpt":{"rendered":"<p>Despu\u00e9s algunas horas de protesta, Ignacio Ram\u00f3n Villegas Le\u00f3n, lleg\u00f3 a un acuerdo con los directivos y levant\u00f3 la huelga. Por Redacci\u00f3n\/Zunoticia Huejutla, Hgo. &#8211; Por presunto acoso laboral y malos tratos por parte de la responsable de Recursos Humanos, el Ingeniero Ignacio Ram\u00f3n Villegas Le\u00f3n, administrativo de la Universidad Polit\u00e9cnica de Huejutla (UPH), realiz\u00f3&hellip; <a class=\"more-link\" href=\"https:\/\/www.zunoticia.com\/noticias-de-hidalgo\/2022\/11\/16\/administrativo-de-la-uph-realizo-huelga-de-hambre\/\">Seguir leyendo <span class=\"screen-reader-text\">Administrativo de la UPH realiz\u00f3 huelga de hambre<\/span><\/a><\/p>\n","protected":false},"author":12,"featured_media":455067,"comment_status":"closed","ping_status":"open","sticky":false,"template":"","format":"standard","meta":{"rop_custom_images_group":[],"rop_custom_messages_group":[],"rop_publish_now":"initial","rop_publish_now_accounts":{"facebook_10159540855086992_322828327761733":""},"rop_publish_now_history":[],"rop_publish_now_status":"pending","footnotes":""},"categories":[178],"tags":[121],"class_list":["post-455066","post","type-post","status-publish","format-standard","has-post-thumbnail","hentry","category-policiaca","tag-huejutla","entry"],"_links":{"self":[{"href":"https:\/\/www.zunoticia.com\/noticias-de-hidalgo\/wp-json\/wp\/v2\/posts\/455066","targetHints":{"allow":["GET"]}}],"collection":[{"href":"https:\/\/www.zunoticia.com\/noticias-de-hidalgo\/wp-json\/wp\/v2\/posts"}],"about":[{"href":"https:\/\/www.zunoticia.com\/noticias-de-hidalgo\/wp-json\/wp\/v2\/types\/post"}],"author":[{"embeddable":true,"href":"https:\/\/www.zunoticia.com\/noticias-de-hidalgo\/wp-json\/wp\/v2\/users\/12"}],"replies":[{"embeddable":true,"href":"https:\/\/www.zunoticia.com\/noticias-de-hidalgo\/wp-json\/wp\/v2\/comments?post=455066"}],"version-history":[{"count":1,"href":"https:\/\/www.zunoticia.com\/noticias-de-hidalgo\/wp-json\/wp\/v2\/posts\/455066\/revisions"}],"predecessor-version":[{"id":455070,"href":"https:\/\/www.zunoticia.com\/noticias-de-hidalgo\/wp-json\/wp\/v2\/posts\/455066\/revisions\/455070"}],"wp:featuredmedia":[{"embeddable":true,"href":"https:\/\/www.zunoticia.com\/noticias-de-hidalgo\/wp-json\/wp\/v2\/media\/455067"}],"wp:attachment":[{"href":"https:\/\/www.zunoticia.com\/noticias-de-hidalgo\/wp-json\/wp\/v2\/media?parent=455066"}],"wp:term":[{"taxonomy":"category","embeddable":true,"href":"https:\/\/www.zunoticia.com\/noticias-de-hidalgo\/wp-json\/wp\/v2\/categories?post=455066"},{"taxonomy":"post_tag","embeddable":true,"href":"https:\/\/www.zunoticia.com\/noticias-de-hidalgo\/wp-json\/wp\/v2\/tags?post=455066"}],"curies":[{"name":"wp","href":"https:\/\/api.w.org\/{rel}","templated":true}]}}