{"id":455094,"date":"2022-11-16T19:51:43","date_gmt":"2022-11-17T01:51:43","guid":{"rendered":"https:\/\/www.zunoticia.com\/noticias-de-hidalgo\/?p=455094"},"modified":"2022-11-16T19:51:45","modified_gmt":"2022-11-17T01:51:45","slug":"estoy-en-la-disposicion-de-solucionar-la-situacion-rector-de-la-uph","status":"publish","type":"post","link":"https:\/\/www.zunoticia.com\/noticias-de-hidalgo\/2022\/11\/16\/estoy-en-la-disposicion-de-solucionar-la-situacion-rector-de-la-uph\/","title":{"rendered":"&#8220;Estoy en la disposici\u00f3n de solucionar la situaci\u00f3n&#8221;: Rector de la UPH"},"content":{"rendered":"<aside class=\"mashsb-container mashsb-main mashsb-stretched\"><div class=\"mashsb-box\"><div class=\"mashsb-count mash-large\" style=\"float:left\"><div class=\"counts mashsbcount\">52<\/div><span class=\"mashsb-sharetext\">SHARES<\/span><\/div><div class=\"mashsb-buttons\"><a class=\"mashicon-facebook mash-large mash-center mashsb-noshadow\" href=\"https:\/\/www.facebook.com\/sharer.php?u=https%3A%2F%2Fwww.zunoticia.com%2Fnoticias-de-hidalgo%2F2022%2F11%2F16%2Festoy-en-la-disposicion-de-solucionar-la-situacion-rector-de-la-uph%2F\" target=\"_top\" rel=\"nofollow\"><span class=\"icon\"><\/span><span class=\"text\">Share<\/span><\/a><a class=\"mashicon-twitter mash-large mash-center mashsb-noshadow\" href=\"https:\/\/twitter.com\/intent\/tweet?text=&amp;url=https:\/\/www.zunoticia.com\/noticias-de-hidalgo\/2022\/11\/16\/estoy-en-la-disposicion-de-solucionar-la-situacion-rector-de-la-uph\/\" target=\"_top\" rel=\"nofollow\"><span class=\"icon\"><\/span><span class=\"text\">Tweet<\/span><\/a><div class=\"onoffswitch2 mash-large mashsb-noshadow\" style=\"display:none\"><\/div><\/div>\n            <\/div>\n                <div style=\"clear:both\"><\/div><div class=\"mashsb-toggle-container\"><\/div><\/aside>\n            <!-- Share buttons by mashshare.net - Version: 4.0.47-->\n<p><em>Por Salvador Altamirano\/Zunoticia<\/em><\/p>\n\n\n\n<p><strong>Huejutla, Hgo.-<\/strong> Entrevistado en torno a la huelga de hambre que un empleado de la Universidad Polit\u00e9cnica de la Huasteca (UPH) realiza, argumentando acoso laboral, el rector de la instituci\u00f3n, Jos\u00e9 Eugenio Segura Marroqu\u00edn, refiri\u00f3 que est\u00e1 en la mejor disposici\u00f3n de solucionar la situaci\u00f3n.<\/p>\n\n\n\n<p>Agreg\u00f3 que, para tal efecto, ya acudi\u00f3 a dialogar con la persona, quien argumenta que tiene mucho acoso laboral por personal del \u00e1rea de Recursos Humanos, lo cual se est\u00e1 investigando, ya que tiene poco tiempo de haber tomado posesi\u00f3n del cargo y no est\u00e1 muy enterado.<\/p>\n\n\n\n<p>Subray\u00f3 que le est\u00e1 dando atenci\u00f3n a la problem\u00e1tica, por lo que habl\u00f3 con qui\u00e9n responde al nombre de Ram\u00f3n Villegas Le\u00f3n, \u201clo invit\u00e9 a la oficina de la rector\u00eda para tratar su asunto, pero no quiso, quiere una respuesta que sea la garant\u00eda de unas condiciones tranquilas que le permitan desempe\u00f1ar su trabajo en la instituci\u00f3n, ya que denuncia acoso laboral\u201d.<\/p>\n\n\n\n<p>\u201cYo estoy en la mejor disposici\u00f3n de solucionar el problema, se lo hice ver, y no puedo dar una determinaci\u00f3n, porque quiero dejar muy claro, voy actuar con la raz\u00f3n, con el derecho, y para eso tengo que estar informado, estoy en ese proceso, porque tampoco me voy a prestar a chantajes\u201d, insisti\u00f3.<\/p>\n\n\n\n<p>Para finalizar, Segura Marroqu\u00edn enfatiz\u00f3 que el joven puede que tenga raz\u00f3n, y ser\u00e1 en el transcurso del d\u00eda que dir\u00e1 cu\u00e1l es su situaci\u00f3n, \u201cy si insiste en continuar con la huelga ser\u00e1 bajo su propio riesgo, a lo que s\u00ed estoy obligado es a ver su tema laboral y desempe\u00f1o, ya que es la segunda ocasi\u00f3n que reingresa a la instituci\u00f3n\u201d, finaliz\u00f3.<\/p>\n","protected":false},"excerpt":{"rendered":"<p>Por Salvador Altamirano\/Zunoticia Huejutla, Hgo.- Entrevistado en torno a la huelga de hambre que un empleado de la Universidad Polit\u00e9cnica de la Huasteca (UPH) realiza, argumentando acoso laboral, el rector de la instituci\u00f3n, Jos\u00e9 Eugenio Segura Marroqu\u00edn, refiri\u00f3 que est\u00e1 en la mejor disposici\u00f3n de solucionar la situaci\u00f3n. Agreg\u00f3 que, para tal efecto, ya acudi\u00f3&hellip; <a class=\"more-link\" href=\"https:\/\/www.zunoticia.com\/noticias-de-hidalgo\/2022\/11\/16\/estoy-en-la-disposicion-de-solucionar-la-situacion-rector-de-la-uph\/\">Seguir leyendo <span class=\"screen-reader-text\">&#8220;Estoy en la disposici\u00f3n de solucionar la situaci\u00f3n&#8221;: Rector de la UPH<\/span><\/a><\/p>\n","protected":false},"author":12,"featured_media":455083,"comment_status":"closed","ping_status":"open","sticky":false,"template":"","format":"standard","meta":{"rop_custom_images_group":[],"rop_custom_messages_group":[],"rop_publish_now":"initial","rop_publish_now_accounts":{"facebook_10159540855086992_322828327761733":""},"rop_publish_now_history":[],"rop_publish_now_status":"pending","footnotes":""},"categories":[181],"tags":[121],"class_list":["post-455094","post","type-post","status-publish","format-standard","has-post-thumbnail","hentry","category-huejutla","tag-huejutla","entry"],"_links":{"self":[{"href":"https:\/\/www.zunoticia.com\/noticias-de-hidalgo\/wp-json\/wp\/v2\/posts\/455094","targetHints":{"allow":["GET"]}}],"collection":[{"href":"https:\/\/www.zunoticia.com\/noticias-de-hidalgo\/wp-json\/wp\/v2\/posts"}],"about":[{"href":"https:\/\/www.zunoticia.com\/noticias-de-hidalgo\/wp-json\/wp\/v2\/types\/post"}],"author":[{"embeddable":true,"href":"https:\/\/www.zunoticia.com\/noticias-de-hidalgo\/wp-json\/wp\/v2\/users\/12"}],"replies":[{"embeddable":true,"href":"https:\/\/www.zunoticia.com\/noticias-de-hidalgo\/wp-json\/wp\/v2\/comments?post=455094"}],"version-history":[{"count":1,"href":"https:\/\/www.zunoticia.com\/noticias-de-hidalgo\/wp-json\/wp\/v2\/posts\/455094\/revisions"}],"predecessor-version":[{"id":455097,"href":"https:\/\/www.zunoticia.com\/noticias-de-hidalgo\/wp-json\/wp\/v2\/posts\/455094\/revisions\/455097"}],"wp:featuredmedia":[{"embeddable":true,"href":"https:\/\/www.zunoticia.com\/noticias-de-hidalgo\/wp-json\/wp\/v2\/media\/455083"}],"wp:attachment":[{"href":"https:\/\/www.zunoticia.com\/noticias-de-hidalgo\/wp-json\/wp\/v2\/media?parent=455094"}],"wp:term":[{"taxonomy":"category","embeddable":true,"href":"https:\/\/www.zunoticia.com\/noticias-de-hidalgo\/wp-json\/wp\/v2\/categories?post=455094"},{"taxonomy":"post_tag","embeddable":true,"href":"https:\/\/www.zunoticia.com\/noticias-de-hidalgo\/wp-json\/wp\/v2\/tags?post=455094"}],"curies":[{"name":"wp","href":"https:\/\/api.w.org\/{rel}","templated":true}]}}