{"id":455098,"date":"2022-11-16T19:55:28","date_gmt":"2022-11-17T01:55:28","guid":{"rendered":"https:\/\/www.zunoticia.com\/noticias-de-hidalgo\/?p=455098"},"modified":"2022-11-16T19:55:29","modified_gmt":"2022-11-17T01:55:29","slug":"reforzaran-acciones-en-pro-de-ninez-y-adolescencia-orizatlense","status":"publish","type":"post","link":"https:\/\/www.zunoticia.com\/noticias-de-hidalgo\/2022\/11\/16\/reforzaran-acciones-en-pro-de-ninez-y-adolescencia-orizatlense\/","title":{"rendered":"Reforzar\u00e1n acciones en pro de ni\u00f1ez y adolescencia orizatlense"},"content":{"rendered":"<aside class=\"mashsb-container mashsb-main mashsb-stretched\"><div class=\"mashsb-box\"><div class=\"mashsb-count mash-large\" style=\"float:left\"><div class=\"counts mashsbcount\">8<\/div><span class=\"mashsb-sharetext\">SHARES<\/span><\/div><div class=\"mashsb-buttons\"><a class=\"mashicon-facebook mash-large mash-center mashsb-noshadow\" href=\"https:\/\/www.facebook.com\/sharer.php?u=https%3A%2F%2Fwww.zunoticia.com%2Fnoticias-de-hidalgo%2F2022%2F11%2F16%2Freforzaran-acciones-en-pro-de-ninez-y-adolescencia-orizatlense%2F\" target=\"_top\" rel=\"nofollow\"><span class=\"icon\"><\/span><span class=\"text\">Share<\/span><\/a><a class=\"mashicon-twitter mash-large mash-center mashsb-noshadow\" href=\"https:\/\/twitter.com\/intent\/tweet?text=&amp;url=https:\/\/www.zunoticia.com\/noticias-de-hidalgo\/2022\/11\/16\/reforzaran-acciones-en-pro-de-ninez-y-adolescencia-orizatlense\/\" target=\"_top\" rel=\"nofollow\"><span class=\"icon\"><\/span><span class=\"text\">Tweet<\/span><\/a><div class=\"onoffswitch2 mash-large mashsb-noshadow\" style=\"display:none\"><\/div><\/div>\n            <\/div>\n                <div style=\"clear:both\"><\/div><div class=\"mashsb-toggle-container\"><\/div><\/aside>\n            <!-- Share buttons by mashshare.net - Version: 4.0.47-->\n<p><em>Por \u00c1ngel Silverio\/Zunoticia<\/em><\/p>\n\n\n\n<p><strong>San Felipe Orizatl\u00e1n, Hgo.-<\/strong> Preocupados por la infancia y adolescentes del municipio, la alcaldesa Erika Saab Lara estuvo presente en la tercera sesi\u00f3n ordinaria de Sipinna Hidalgo, en donde se tomaron acuerdos que beneficiar\u00e1n a la ni\u00f1ez orizatlense.<\/p>\n\n\n\n<p>En su mensaje la alcaldesa puntualiz\u00f3, -&#8220;Continuamos trabajando de la mano con el Gobierno de Hidalgo para garantizar la seguridad de las ni\u00f1as, ni\u00f1os y adolescentes, es una de las principales causas a trav\u00e9s del \u00e1rea de Sipinna, no descansaremos en nuestra labor por generar mejores condiciones de vida para los ni\u00f1os&#8221;.<\/p>\n\n\n\n<figure class=\"wp-block-image size-large\"><img fetchpriority=\"high\" decoding=\"async\" width=\"1024\" height=\"429\" src=\"https:\/\/www.zunoticia.com\/noticias-de-hidalgo\/wp-content\/uploads\/2022\/11\/eZy-Watermark-16-11-2022-07-21-46p.m.-1024x429.jpg\" alt=\"\" class=\"wp-image-455085\" srcset=\"https:\/\/www.zunoticia.com\/noticias-de-hidalgo\/wp-content\/uploads\/2022\/11\/eZy-Watermark-16-11-2022-07-21-46p.m.-1024x429.jpg 1024w, https:\/\/www.zunoticia.com\/noticias-de-hidalgo\/wp-content\/uploads\/2022\/11\/eZy-Watermark-16-11-2022-07-21-46p.m.-300x126.jpg 300w, https:\/\/www.zunoticia.com\/noticias-de-hidalgo\/wp-content\/uploads\/2022\/11\/eZy-Watermark-16-11-2022-07-21-46p.m.-768x321.jpg 768w, https:\/\/www.zunoticia.com\/noticias-de-hidalgo\/wp-content\/uploads\/2022\/11\/eZy-Watermark-16-11-2022-07-21-46p.m..jpg 1080w\" sizes=\"(max-width: 1024px) 100vw, 1024px\" \/><\/figure>\n\n\n\n<p>En este evento se puntualiz\u00f3 que se deben gestionar las pol\u00edticas p\u00fablicas que garanticen a la ni\u00f1ez y adolescencia de Hidalgo la defensa de sus derechos, es un compromiso que el gobernador Julio Menchaca reafirm\u00f3 en la tercera sesi\u00f3n, en la cual se vot\u00f3 por nuevos acuerdos en beneficio de los ni\u00f1os y adolescentes.<\/p>\n\n\n\n<p>Cabe destacar que, de manera continua el DIF municipal, a trav\u00e9s del \u00e1rea de Sipinna, se mantiene en constante trabajo para mejorar y atender temas psicosociales que ayuden a los ni\u00f1os orizatlenses, d\u00e1ndoles asesor\u00eda, seguimiento de casos, entre otros.<\/p>\n","protected":false},"excerpt":{"rendered":"<p>Por \u00c1ngel Silverio\/Zunoticia San Felipe Orizatl\u00e1n, Hgo.- Preocupados por la infancia y adolescentes del municipio, la alcaldesa Erika Saab Lara estuvo presente en la tercera sesi\u00f3n ordinaria de Sipinna Hidalgo, en donde se tomaron acuerdos que beneficiar\u00e1n a la ni\u00f1ez orizatlense. En su mensaje la alcaldesa puntualiz\u00f3, -&#8220;Continuamos trabajando de la mano con el Gobierno&hellip; <a class=\"more-link\" href=\"https:\/\/www.zunoticia.com\/noticias-de-hidalgo\/2022\/11\/16\/reforzaran-acciones-en-pro-de-ninez-y-adolescencia-orizatlense\/\">Seguir leyendo <span class=\"screen-reader-text\">Reforzar\u00e1n acciones en pro de ni\u00f1ez y adolescencia orizatlense<\/span><\/a><\/p>\n","protected":false},"author":12,"featured_media":455084,"comment_status":"closed","ping_status":"open","sticky":false,"template":"","format":"standard","meta":{"rop_custom_images_group":[],"rop_custom_messages_group":[],"rop_publish_now":"initial","rop_publish_now_accounts":{"facebook_10159540855086992_322828327761733":""},"rop_publish_now_history":[],"rop_publish_now_status":"pending","footnotes":""},"categories":[180],"tags":[129],"class_list":["post-455098","post","type-post","status-publish","format-standard","has-post-thumbnail","hentry","category-orizatlan","tag-orizatlan","entry"],"_links":{"self":[{"href":"https:\/\/www.zunoticia.com\/noticias-de-hidalgo\/wp-json\/wp\/v2\/posts\/455098","targetHints":{"allow":["GET"]}}],"collection":[{"href":"https:\/\/www.zunoticia.com\/noticias-de-hidalgo\/wp-json\/wp\/v2\/posts"}],"about":[{"href":"https:\/\/www.zunoticia.com\/noticias-de-hidalgo\/wp-json\/wp\/v2\/types\/post"}],"author":[{"embeddable":true,"href":"https:\/\/www.zunoticia.com\/noticias-de-hidalgo\/wp-json\/wp\/v2\/users\/12"}],"replies":[{"embeddable":true,"href":"https:\/\/www.zunoticia.com\/noticias-de-hidalgo\/wp-json\/wp\/v2\/comments?post=455098"}],"version-history":[{"count":1,"href":"https:\/\/www.zunoticia.com\/noticias-de-hidalgo\/wp-json\/wp\/v2\/posts\/455098\/revisions"}],"predecessor-version":[{"id":455101,"href":"https:\/\/www.zunoticia.com\/noticias-de-hidalgo\/wp-json\/wp\/v2\/posts\/455098\/revisions\/455101"}],"wp:featuredmedia":[{"embeddable":true,"href":"https:\/\/www.zunoticia.com\/noticias-de-hidalgo\/wp-json\/wp\/v2\/media\/455084"}],"wp:attachment":[{"href":"https:\/\/www.zunoticia.com\/noticias-de-hidalgo\/wp-json\/wp\/v2\/media?parent=455098"}],"wp:term":[{"taxonomy":"category","embeddable":true,"href":"https:\/\/www.zunoticia.com\/noticias-de-hidalgo\/wp-json\/wp\/v2\/categories?post=455098"},{"taxonomy":"post_tag","embeddable":true,"href":"https:\/\/www.zunoticia.com\/noticias-de-hidalgo\/wp-json\/wp\/v2\/tags?post=455098"}],"curies":[{"name":"wp","href":"https:\/\/api.w.org\/{rel}","templated":true}]}}