{"id":455103,"date":"2022-11-16T20:01:29","date_gmt":"2022-11-17T02:01:29","guid":{"rendered":"https:\/\/www.zunoticia.com\/noticias-de-hidalgo\/?p=455103"},"modified":"2022-11-16T20:01:31","modified_gmt":"2022-11-17T02:01:31","slug":"confirma-presidente-a-julion-alvarez-en-palenque-de-feria-de-nochebuena-2022","status":"publish","type":"post","link":"https:\/\/www.zunoticia.com\/noticias-de-hidalgo\/2022\/11\/16\/confirma-presidente-a-julion-alvarez-en-palenque-de-feria-de-nochebuena-2022\/","title":{"rendered":"Confirma presidente a Juli\u00f3n \u00c1lvarez en palenque de Feria de Nochebuena 2022"},"content":{"rendered":"<aside class=\"mashsb-container mashsb-main mashsb-stretched\"><div class=\"mashsb-box\"><div class=\"mashsb-count mash-large\" style=\"float:left\"><div class=\"counts mashsbcount\">42<\/div><span class=\"mashsb-sharetext\">SHARES<\/span><\/div><div class=\"mashsb-buttons\"><a class=\"mashicon-facebook mash-large mash-center mashsb-noshadow\" href=\"https:\/\/www.facebook.com\/sharer.php?u=https%3A%2F%2Fwww.zunoticia.com%2Fnoticias-de-hidalgo%2F2022%2F11%2F16%2Fconfirma-presidente-a-julion-alvarez-en-palenque-de-feria-de-nochebuena-2022%2F\" target=\"_top\" rel=\"nofollow\"><span class=\"icon\"><\/span><span class=\"text\">Share<\/span><\/a><a class=\"mashicon-twitter mash-large mash-center mashsb-noshadow\" href=\"https:\/\/twitter.com\/intent\/tweet?text=&amp;url=https:\/\/www.zunoticia.com\/noticias-de-hidalgo\/2022\/11\/16\/confirma-presidente-a-julion-alvarez-en-palenque-de-feria-de-nochebuena-2022\/\" target=\"_top\" rel=\"nofollow\"><span class=\"icon\"><\/span><span class=\"text\">Tweet<\/span><\/a><div class=\"onoffswitch2 mash-large mashsb-noshadow\" style=\"display:none\"><\/div><\/div>\n            <\/div>\n                <div style=\"clear:both\"><\/div><div class=\"mashsb-toggle-container\"><\/div><\/aside>\n            <!-- Share buttons by mashshare.net - Version: 4.0.47-->\n<ul class=\"wp-block-list\"><li>Se presentar\u00e1 el pr\u00f3ximo domingo 18 de diciembre.<\/li><li>Los boletos ya est\u00e1n a la venta en el Sistema DIF municipal de Huejutla y a trav\u00e9s de internet.<\/li><\/ul>\n\n\n\n<p><em>Por Redacci\u00f3n\/Zunoticia<\/em><\/p>\n\n\n\n<p><strong>Huejutla, Hgo.-<\/strong> Daniel Andrade Zurutuza, presidente municipal de Huejutla, en conferencia de prensa realizada en la Sala de Cabildos del Ayuntamiento de Huejutla, confirm\u00f3 y oficializ\u00f3 la presentaci\u00f3n del llamado &#8220;Rey de las taquillas&#8221; Juli\u00f3n \u00c1lvarez, el pr\u00f3ximo domingo 18 de diciembre, en el Palenque de la tradicional Feria de Nochebuena 2022.<\/p>\n\n\n\n<p>El alcalde huejutlense dej\u00f3 claro que esta presentaci\u00f3n es independiente a lo que \u00e9l va a proponer a cabildo en pr\u00f3ximos d\u00edas con respecto a la concesi\u00f3n de la Feria de Nochebuena o en su defecto sobre el presupuesto que costar\u00eda asumir la responsabilidad de hacer esta fiesta tradicional.<\/p>\n\n\n\n<p>Agreg\u00f3 que el proyecto que autoricen las y los regidores y s\u00edndicas en sesi\u00f3n de Cabildo, es el que asumir\u00e1 la cartelera del Teatro del Pueblo, los juegos mec\u00e1nicos y dem\u00e1s espacios de entretenimiento con que contar\u00e1 la feria; adelant\u00f3 que la sesi\u00f3n ser\u00eda entre el 22 y 24 de noviembre.<\/p>\n\n\n\n<p>El alcalde enfatiz\u00f3 que la idea de separar la Feria de Nochebuena y el Palenque es por el riesgo econ\u00f3mico que conlleva invertir en un artista de talla internacional como lo es Juli\u00f3n \u00c1lvarez, por lo que se decidi\u00f3 que el empresario Jaime M\u00e9ndez, promotor de artistas de talla nacional e internacional, a trav\u00e9s de JM Producciones, fuera el responsable de organizar este espect\u00e1culo.<\/p>\n\n\n\n<figure class=\"wp-block-image size-large\"><img fetchpriority=\"high\" decoding=\"async\" width=\"682\" height=\"1024\" src=\"https:\/\/www.zunoticia.com\/noticias-de-hidalgo\/wp-content\/uploads\/2022\/11\/Imagen-de-WhatsApp-2022-11-16-a-las-19.22.37-682x1024.jpg\" alt=\"\" class=\"wp-image-455088\" srcset=\"https:\/\/www.zunoticia.com\/noticias-de-hidalgo\/wp-content\/uploads\/2022\/11\/Imagen-de-WhatsApp-2022-11-16-a-las-19.22.37-682x1024.jpg 682w, https:\/\/www.zunoticia.com\/noticias-de-hidalgo\/wp-content\/uploads\/2022\/11\/Imagen-de-WhatsApp-2022-11-16-a-las-19.22.37-200x300.jpg 200w, https:\/\/www.zunoticia.com\/noticias-de-hidalgo\/wp-content\/uploads\/2022\/11\/Imagen-de-WhatsApp-2022-11-16-a-las-19.22.37-768x1153.jpg 768w, https:\/\/www.zunoticia.com\/noticias-de-hidalgo\/wp-content\/uploads\/2022\/11\/Imagen-de-WhatsApp-2022-11-16-a-las-19.22.37-1023x1536.jpg 1023w, https:\/\/www.zunoticia.com\/noticias-de-hidalgo\/wp-content\/uploads\/2022\/11\/Imagen-de-WhatsApp-2022-11-16-a-las-19.22.37.jpg 1066w\" sizes=\"(max-width: 682px) 100vw, 682px\" \/><\/figure>\n\n\n\n<p>Finalmente, Jos\u00e9 Luis Herrera, representante de la empresa JM, quien estuvo presente en la conferencia de prensa, acompa\u00f1ando y respaldando el anuncio del presidente huasteco, anunci\u00f3 que los boletos ya est\u00e1n a la venta a partir de este jueves 17 de noviembre y hasta agotar existencias, en las instalaciones del Sistema DIF municipal de Huejutla y en internet a trav\u00e9s de la p\u00e1gina www.toptickets.com.mx<\/p>\n\n\n\n<p>Trascendi\u00f3 que los precios estar\u00e1n en $3,800 en la secci\u00f3n denominada oro; $2,500 el VIP; $900 pesos el preferente y finalmente en $400 pesos el general. &#8220;Huejutla te espera en la Tradici\u00f3n que nos une, la Feria de Nochebuena 2022, del 17 de diciembre al 8 de enero&#8221;, concluy\u00f3 el alcalde&nbsp;Dany&nbsp;Andrade.<\/p>\n","protected":false},"excerpt":{"rendered":"<p>Se presentar\u00e1 el pr\u00f3ximo domingo 18 de diciembre. Los boletos ya est\u00e1n a la venta en el Sistema DIF municipal de Huejutla y a trav\u00e9s de internet. Por Redacci\u00f3n\/Zunoticia Huejutla, Hgo.- Daniel Andrade Zurutuza, presidente municipal de Huejutla, en conferencia de prensa realizada en la Sala de Cabildos del Ayuntamiento de Huejutla, confirm\u00f3 y oficializ\u00f3&hellip; <a class=\"more-link\" href=\"https:\/\/www.zunoticia.com\/noticias-de-hidalgo\/2022\/11\/16\/confirma-presidente-a-julion-alvarez-en-palenque-de-feria-de-nochebuena-2022\/\">Seguir leyendo <span class=\"screen-reader-text\">Confirma presidente a Juli\u00f3n \u00c1lvarez en palenque de Feria de Nochebuena 2022<\/span><\/a><\/p>\n","protected":false},"author":12,"featured_media":455078,"comment_status":"closed","ping_status":"open","sticky":false,"template":"","format":"standard","meta":{"rop_custom_images_group":[],"rop_custom_messages_group":[],"rop_publish_now":"initial","rop_publish_now_accounts":{"facebook_10159540855086992_322828327761733":""},"rop_publish_now_history":[],"rop_publish_now_status":"pending","footnotes":""},"categories":[181],"tags":[121],"class_list":["post-455103","post","type-post","status-publish","format-standard","has-post-thumbnail","hentry","category-huejutla","tag-huejutla","entry"],"_links":{"self":[{"href":"https:\/\/www.zunoticia.com\/noticias-de-hidalgo\/wp-json\/wp\/v2\/posts\/455103","targetHints":{"allow":["GET"]}}],"collection":[{"href":"https:\/\/www.zunoticia.com\/noticias-de-hidalgo\/wp-json\/wp\/v2\/posts"}],"about":[{"href":"https:\/\/www.zunoticia.com\/noticias-de-hidalgo\/wp-json\/wp\/v2\/types\/post"}],"author":[{"embeddable":true,"href":"https:\/\/www.zunoticia.com\/noticias-de-hidalgo\/wp-json\/wp\/v2\/users\/12"}],"replies":[{"embeddable":true,"href":"https:\/\/www.zunoticia.com\/noticias-de-hidalgo\/wp-json\/wp\/v2\/comments?post=455103"}],"version-history":[{"count":1,"href":"https:\/\/www.zunoticia.com\/noticias-de-hidalgo\/wp-json\/wp\/v2\/posts\/455103\/revisions"}],"predecessor-version":[{"id":455105,"href":"https:\/\/www.zunoticia.com\/noticias-de-hidalgo\/wp-json\/wp\/v2\/posts\/455103\/revisions\/455105"}],"wp:featuredmedia":[{"embeddable":true,"href":"https:\/\/www.zunoticia.com\/noticias-de-hidalgo\/wp-json\/wp\/v2\/media\/455078"}],"wp:attachment":[{"href":"https:\/\/www.zunoticia.com\/noticias-de-hidalgo\/wp-json\/wp\/v2\/media?parent=455103"}],"wp:term":[{"taxonomy":"category","embeddable":true,"href":"https:\/\/www.zunoticia.com\/noticias-de-hidalgo\/wp-json\/wp\/v2\/categories?post=455103"},{"taxonomy":"post_tag","embeddable":true,"href":"https:\/\/www.zunoticia.com\/noticias-de-hidalgo\/wp-json\/wp\/v2\/tags?post=455103"}],"curies":[{"name":"wp","href":"https:\/\/api.w.org\/{rel}","templated":true}]}}