{"id":455106,"date":"2022-11-16T20:29:21","date_gmt":"2022-11-17T02:29:21","guid":{"rendered":"https:\/\/www.zunoticia.com\/noticias-de-hidalgo\/?p=455106"},"modified":"2022-11-16T20:29:22","modified_gmt":"2022-11-17T02:29:22","slug":"buena-respuesta-al-uso-obligatorio-de-casco","status":"publish","type":"post","link":"https:\/\/www.zunoticia.com\/noticias-de-hidalgo\/2022\/11\/16\/buena-respuesta-al-uso-obligatorio-de-casco\/","title":{"rendered":"Buena respuesta al uso obligatorio de casco"},"content":{"rendered":"<aside class=\"mashsb-container mashsb-main mashsb-stretched\"><div class=\"mashsb-box\"><div class=\"mashsb-count mash-large\" style=\"float:left\"><div class=\"counts mashsbcount\">22<\/div><span class=\"mashsb-sharetext\">SHARES<\/span><\/div><div class=\"mashsb-buttons\"><a class=\"mashicon-facebook mash-large mash-center mashsb-noshadow\" href=\"https:\/\/www.facebook.com\/sharer.php?u=https%3A%2F%2Fwww.zunoticia.com%2Fnoticias-de-hidalgo%2F2022%2F11%2F16%2Fbuena-respuesta-al-uso-obligatorio-de-casco%2F\" target=\"_top\" rel=\"nofollow\"><span class=\"icon\"><\/span><span class=\"text\">Share<\/span><\/a><a class=\"mashicon-twitter mash-large mash-center mashsb-noshadow\" href=\"https:\/\/twitter.com\/intent\/tweet?text=&amp;url=https:\/\/www.zunoticia.com\/noticias-de-hidalgo\/2022\/11\/16\/buena-respuesta-al-uso-obligatorio-de-casco\/\" target=\"_top\" rel=\"nofollow\"><span class=\"icon\"><\/span><span class=\"text\">Tweet<\/span><\/a><div class=\"onoffswitch2 mash-large mashsb-noshadow\" style=\"display:none\"><\/div><\/div>\n            <\/div>\n                <div style=\"clear:both\"><\/div><div class=\"mashsb-toggle-container\"><\/div><\/aside>\n            <!-- Share buttons by mashshare.net - Version: 4.0.47-->\n<p><em>Por \u00c1ngel Silverio\/Zunoticia<\/em><\/p>\n\n\n\n<p><strong>San Felipe Orizatl\u00e1n, Hgo.-<\/strong>&nbsp; A un mes de intensa campa\u00f1a para dar a conocer el uso obligatorio de casco en motociclistas, se ha tenido una buena respuesta por parte de los usuarios, pues hoy en d\u00eda se ha notado que la gran mayor\u00eda ha atendido la disposici\u00f3n del gobierno municipal.<\/p>\n\n\n\n<p>Joel Hern\u00e1ndez Espinosa, director de Seguridad P\u00fablica, manifest\u00f3 que gracias a la intensa campa\u00f1a de sensibilizaci\u00f3n, se ha logrado que los motociclistas opten por hacer uso del equipo de protecci\u00f3n, pues en los puntos de inspecci\u00f3n que han instalado se ha notado que ya es m\u00ednimo el n\u00famero de usuarios que no portan el casco.<\/p>\n\n\n\n<p>&#8220;Hemos tenido un gran apoyo de los usuarios, han entendido que los cascos son por su seguridad, no por sacar dinero con las infracciones, est\u00e1n conscientes de los accidentes, y eso es lo que queremos generar, que es por su propia seguridad, por salvar su vida&#8221;.<\/p>\n\n\n\n<p>Cabe destacar que en pr\u00f3ximos d\u00edas estar\u00e1 instalado el m\u00f3dulo de licencia de manejos, por lo que los invitan a tramitar su licencia y as\u00ed poder circular sin ning\u00fan problema y con la documentaci\u00f3n necesaria.<\/p>\n","protected":false},"excerpt":{"rendered":"<p>Por \u00c1ngel Silverio\/Zunoticia San Felipe Orizatl\u00e1n, Hgo.-&nbsp; A un mes de intensa campa\u00f1a para dar a conocer el uso obligatorio de casco en motociclistas, se ha tenido una buena respuesta por parte de los usuarios, pues hoy en d\u00eda se ha notado que la gran mayor\u00eda ha atendido la disposici\u00f3n del gobierno municipal. Joel Hern\u00e1ndez&hellip; <a class=\"more-link\" href=\"https:\/\/www.zunoticia.com\/noticias-de-hidalgo\/2022\/11\/16\/buena-respuesta-al-uso-obligatorio-de-casco\/\">Seguir leyendo <span class=\"screen-reader-text\">Buena respuesta al uso obligatorio de casco<\/span><\/a><\/p>\n","protected":false},"author":12,"featured_media":455079,"comment_status":"closed","ping_status":"open","sticky":false,"template":"","format":"standard","meta":{"rop_custom_images_group":[],"rop_custom_messages_group":[],"rop_publish_now":"initial","rop_publish_now_accounts":{"facebook_10159540855086992_322828327761733":""},"rop_publish_now_history":[],"rop_publish_now_status":"pending","footnotes":""},"categories":[180],"tags":[129],"class_list":["post-455106","post","type-post","status-publish","format-standard","has-post-thumbnail","hentry","category-orizatlan","tag-orizatlan","entry"],"_links":{"self":[{"href":"https:\/\/www.zunoticia.com\/noticias-de-hidalgo\/wp-json\/wp\/v2\/posts\/455106","targetHints":{"allow":["GET"]}}],"collection":[{"href":"https:\/\/www.zunoticia.com\/noticias-de-hidalgo\/wp-json\/wp\/v2\/posts"}],"about":[{"href":"https:\/\/www.zunoticia.com\/noticias-de-hidalgo\/wp-json\/wp\/v2\/types\/post"}],"author":[{"embeddable":true,"href":"https:\/\/www.zunoticia.com\/noticias-de-hidalgo\/wp-json\/wp\/v2\/users\/12"}],"replies":[{"embeddable":true,"href":"https:\/\/www.zunoticia.com\/noticias-de-hidalgo\/wp-json\/wp\/v2\/comments?post=455106"}],"version-history":[{"count":1,"href":"https:\/\/www.zunoticia.com\/noticias-de-hidalgo\/wp-json\/wp\/v2\/posts\/455106\/revisions"}],"predecessor-version":[{"id":455107,"href":"https:\/\/www.zunoticia.com\/noticias-de-hidalgo\/wp-json\/wp\/v2\/posts\/455106\/revisions\/455107"}],"wp:featuredmedia":[{"embeddable":true,"href":"https:\/\/www.zunoticia.com\/noticias-de-hidalgo\/wp-json\/wp\/v2\/media\/455079"}],"wp:attachment":[{"href":"https:\/\/www.zunoticia.com\/noticias-de-hidalgo\/wp-json\/wp\/v2\/media?parent=455106"}],"wp:term":[{"taxonomy":"category","embeddable":true,"href":"https:\/\/www.zunoticia.com\/noticias-de-hidalgo\/wp-json\/wp\/v2\/categories?post=455106"},{"taxonomy":"post_tag","embeddable":true,"href":"https:\/\/www.zunoticia.com\/noticias-de-hidalgo\/wp-json\/wp\/v2\/tags?post=455106"}],"curies":[{"name":"wp","href":"https:\/\/api.w.org\/{rel}","templated":true}]}}