{"id":455108,"date":"2022-11-16T21:40:10","date_gmt":"2022-11-17T03:40:10","guid":{"rendered":"https:\/\/www.zunoticia.com\/noticias-de-hidalgo\/?p=455108"},"modified":"2022-11-16T21:40:13","modified_gmt":"2022-11-17T03:40:13","slug":"en-hidalgo-primero-es-la-educacion-seph-y-cceh-firmaron-convenio","status":"publish","type":"post","link":"https:\/\/www.zunoticia.com\/noticias-de-hidalgo\/2022\/11\/16\/en-hidalgo-primero-es-la-educacion-seph-y-cceh-firmaron-convenio\/","title":{"rendered":"En Hidalgo primero es la educaci\u00f3n. SEPH y CCEH firmaron convenio"},"content":{"rendered":"<aside class=\"mashsb-container mashsb-main mashsb-stretched\"><div class=\"mashsb-box\"><div class=\"mashsb-count mash-large\" style=\"float:left\"><div class=\"counts mashsbcount\">20<\/div><span class=\"mashsb-sharetext\">SHARES<\/span><\/div><div class=\"mashsb-buttons\"><a class=\"mashicon-facebook mash-large mash-center mashsb-noshadow\" href=\"https:\/\/www.facebook.com\/sharer.php?u=https%3A%2F%2Fwww.zunoticia.com%2Fnoticias-de-hidalgo%2F2022%2F11%2F16%2Fen-hidalgo-primero-es-la-educacion-seph-y-cceh-firmaron-convenio%2F\" target=\"_top\" rel=\"nofollow\"><span class=\"icon\"><\/span><span class=\"text\">Share<\/span><\/a><a class=\"mashicon-twitter mash-large mash-center mashsb-noshadow\" href=\"https:\/\/twitter.com\/intent\/tweet?text=&amp;url=https:\/\/www.zunoticia.com\/noticias-de-hidalgo\/2022\/11\/16\/en-hidalgo-primero-es-la-educacion-seph-y-cceh-firmaron-convenio\/\" target=\"_top\" rel=\"nofollow\"><span class=\"icon\"><\/span><span class=\"text\">Tweet<\/span><\/a><div class=\"onoffswitch2 mash-large mashsb-noshadow\" style=\"display:none\"><\/div><\/div>\n            <\/div>\n                <div style=\"clear:both\"><\/div><div class=\"mashsb-toggle-container\"><\/div><\/aside>\n            <!-- Share buttons by mashshare.net - Version: 4.0.47-->\n<ul class=\"wp-block-list\"><li>Establece una alianza que permite sumar voluntades, esfuerzos y recursos para fortalecer el trabajo educativo.<\/li><\/ul>\n\n\n\n<p><em>Por Redacci\u00f3n\/Zunoticia<\/em><\/p>\n\n\n\n<p><strong>Pachuca, Hgo.-<\/strong> Con el objetivo de establecer las bases de cooperaci\u00f3n, coordinaci\u00f3n y vinculaci\u00f3n entre empresas e Instituciones de Educaci\u00f3n Superior, para coadyuvar la innovaci\u00f3n, proyectos cient\u00edficos y tecnol\u00f3gicos, transferencia tecnol\u00f3gica y de conocimientos, y desarrollos de competencias profesionales del alumnado, la Secretar\u00eda de Educaci\u00f3n P\u00fablica de Hidalgo (SEPH) firm\u00f3 convenio de colaboraci\u00f3n con el Consejo Coordinador Empresarial de Hidalgo (CCEH).<\/p>\n\n\n\n<p>En su mensaje, el secretario de Educaci\u00f3n P\u00fablica de Hidalgo, Natividad Castrej\u00f3n Valdez, indic\u00f3 que, la firma de este documento establece una alianza que permite sumar voluntades, esfuerzos y recursos. Asimismo, refuerza el compromiso de apoyar toda iniciativa que fortalezca el trabajo educativo que se realiza en favor del patrimonio m\u00e1s valioso, representado en la formaci\u00f3n de las y los profesionistas que exigen el desarrollo y progreso de la entidad.<\/p>\n\n\n\n<p>El titular de la SEPH puntualiz\u00f3 que uno de los planteamientos en materia educativa en esta administraci\u00f3n que encabeza el gobernador Julio Menchaca Salazar, es fortalecer el Modelo Dual, que involucra la estancia de las y los alumnos en las empresas y en la escuela, esto brindar\u00e1 a todos los sectores de la poblaci\u00f3n m\u00e1s y mejores oportunidades de desarrollo personal, familiar y social, que garanticen a todas y todos elevar los \u00edndices de bienestar.<\/p>\n\n\n\n<p>En su oportunidad, el presidente del CCEH, Gerardo S\u00e1nchez Ram\u00edrez, detall\u00f3 que la labor en conjunto permitir\u00e1 que las y los j\u00f3venes accedan a un trabajo digno y a tener mejores oportunidades, \u201cnosotros como empresarios necesitamos del apoyo de los profesionistas, ya que ellos promueven el desarrollo de la tecnolog\u00eda, fomentan el emprendimiento y la innovaci\u00f3n y con esto contribuyen a elevar la productividad en nuestras empresas\u201d.<\/p>\n\n\n\n<figure class=\"wp-block-image size-large\"><img fetchpriority=\"high\" decoding=\"async\" width=\"1024\" height=\"683\" src=\"https:\/\/www.zunoticia.com\/noticias-de-hidalgo\/wp-content\/uploads\/2022\/11\/eZy-Watermark-16-11-2022-08-59-38p.m.-1024x683.jpg\" alt=\"\" class=\"wp-image-455118\" srcset=\"https:\/\/www.zunoticia.com\/noticias-de-hidalgo\/wp-content\/uploads\/2022\/11\/eZy-Watermark-16-11-2022-08-59-38p.m.-1024x683.jpg 1024w, https:\/\/www.zunoticia.com\/noticias-de-hidalgo\/wp-content\/uploads\/2022\/11\/eZy-Watermark-16-11-2022-08-59-38p.m.-300x200.jpg 300w, https:\/\/www.zunoticia.com\/noticias-de-hidalgo\/wp-content\/uploads\/2022\/11\/eZy-Watermark-16-11-2022-08-59-38p.m.-768x512.jpg 768w, https:\/\/www.zunoticia.com\/noticias-de-hidalgo\/wp-content\/uploads\/2022\/11\/eZy-Watermark-16-11-2022-08-59-38p.m..jpg 1280w\" sizes=\"(max-width: 1024px) 100vw, 1024px\" \/><\/figure>\n\n\n\n<p>En dicho evento, el subsecretario de Educaci\u00f3n Media Superior y Superior, Daniel Fragoso Torres, present\u00f3 la aplicaci\u00f3n denominada \u201cVinc\u00falate\u201d, que es una plataforma de herramientas para la transferencia tecnol\u00f3gica y la vinculaci\u00f3n entre la investigaci\u00f3n y la industria, la cual tiene por objetivo generar un v\u00ednculo directo entre empresas e instituciones de estos niveles educativos, mediante una plataforma moderna, r\u00e1pida y de f\u00e1cil interacci\u00f3n.<\/p>\n\n\n\n<p>Se\u00f1al\u00f3 que, en su primera fase de desarrollo, la aplicaci\u00f3n m\u00f3vil permitir\u00e1 consultar las habilidades m\u00e1s demandadas por el sector empresarial, que son ofertadas por las instituciones, las cuales sabemos, dijo, mantienen est\u00e1ndares y contenidos de vanguardia y alta calidad. Adem\u00e1s, las empresas podr\u00e1n consultar a las instituciones educativas, ya sea por habilidad, palabra clave o carrera, brindando las posibilidades de crear filtros din\u00e1micos en tiempo real.<\/p>\n","protected":false},"excerpt":{"rendered":"<p>Establece una alianza que permite sumar voluntades, esfuerzos y recursos para fortalecer el trabajo educativo. Por Redacci\u00f3n\/Zunoticia Pachuca, Hgo.- Con el objetivo de establecer las bases de cooperaci\u00f3n, coordinaci\u00f3n y vinculaci\u00f3n entre empresas e Instituciones de Educaci\u00f3n Superior, para coadyuvar la innovaci\u00f3n, proyectos cient\u00edficos y tecnol\u00f3gicos, transferencia tecnol\u00f3gica y de conocimientos, y desarrollos de competencias&hellip; <a class=\"more-link\" href=\"https:\/\/www.zunoticia.com\/noticias-de-hidalgo\/2022\/11\/16\/en-hidalgo-primero-es-la-educacion-seph-y-cceh-firmaron-convenio\/\">Seguir leyendo <span class=\"screen-reader-text\">En Hidalgo primero es la educaci\u00f3n. SEPH y CCEH firmaron convenio<\/span><\/a><\/p>\n","protected":false},"author":12,"featured_media":455119,"comment_status":"closed","ping_status":"open","sticky":false,"template":"","format":"standard","meta":{"rop_custom_images_group":[],"rop_custom_messages_group":[],"rop_publish_now":"initial","rop_publish_now_accounts":{"facebook_10159540855086992_322828327761733":""},"rop_publish_now_history":[],"rop_publish_now_status":"pending","footnotes":""},"categories":[208],"tags":[214],"class_list":["post-455108","post","type-post","status-publish","format-standard","has-post-thumbnail","hentry","category-estado","tag-estado","entry"],"_links":{"self":[{"href":"https:\/\/www.zunoticia.com\/noticias-de-hidalgo\/wp-json\/wp\/v2\/posts\/455108","targetHints":{"allow":["GET"]}}],"collection":[{"href":"https:\/\/www.zunoticia.com\/noticias-de-hidalgo\/wp-json\/wp\/v2\/posts"}],"about":[{"href":"https:\/\/www.zunoticia.com\/noticias-de-hidalgo\/wp-json\/wp\/v2\/types\/post"}],"author":[{"embeddable":true,"href":"https:\/\/www.zunoticia.com\/noticias-de-hidalgo\/wp-json\/wp\/v2\/users\/12"}],"replies":[{"embeddable":true,"href":"https:\/\/www.zunoticia.com\/noticias-de-hidalgo\/wp-json\/wp\/v2\/comments?post=455108"}],"version-history":[{"count":1,"href":"https:\/\/www.zunoticia.com\/noticias-de-hidalgo\/wp-json\/wp\/v2\/posts\/455108\/revisions"}],"predecessor-version":[{"id":455125,"href":"https:\/\/www.zunoticia.com\/noticias-de-hidalgo\/wp-json\/wp\/v2\/posts\/455108\/revisions\/455125"}],"wp:featuredmedia":[{"embeddable":true,"href":"https:\/\/www.zunoticia.com\/noticias-de-hidalgo\/wp-json\/wp\/v2\/media\/455119"}],"wp:attachment":[{"href":"https:\/\/www.zunoticia.com\/noticias-de-hidalgo\/wp-json\/wp\/v2\/media?parent=455108"}],"wp:term":[{"taxonomy":"category","embeddable":true,"href":"https:\/\/www.zunoticia.com\/noticias-de-hidalgo\/wp-json\/wp\/v2\/categories?post=455108"},{"taxonomy":"post_tag","embeddable":true,"href":"https:\/\/www.zunoticia.com\/noticias-de-hidalgo\/wp-json\/wp\/v2\/tags?post=455108"}],"curies":[{"name":"wp","href":"https:\/\/api.w.org\/{rel}","templated":true}]}}