{"id":455131,"date":"2022-11-16T21:46:33","date_gmt":"2022-11-17T03:46:33","guid":{"rendered":"https:\/\/www.zunoticia.com\/noticias-de-hidalgo\/?p=455131"},"modified":"2022-11-16T21:46:36","modified_gmt":"2022-11-17T03:46:36","slug":"semot-abona-en-la-construccion-del-plan-estatal-para-la-transformacion","status":"publish","type":"post","link":"https:\/\/www.zunoticia.com\/noticias-de-hidalgo\/2022\/11\/16\/semot-abona-en-la-construccion-del-plan-estatal-para-la-transformacion\/","title":{"rendered":"Semot abona en la construcci\u00f3n del Plan Estatal para la Transformaci\u00f3n"},"content":{"rendered":"<aside class=\"mashsb-container mashsb-main mashsb-stretched\"><div class=\"mashsb-box\"><div class=\"mashsb-count mash-large\" style=\"float:left\"><div class=\"counts mashsbcount\">34<\/div><span class=\"mashsb-sharetext\">SHARES<\/span><\/div><div class=\"mashsb-buttons\"><a class=\"mashicon-facebook mash-large mash-center mashsb-noshadow\" href=\"https:\/\/www.facebook.com\/sharer.php?u=https%3A%2F%2Fwww.zunoticia.com%2Fnoticias-de-hidalgo%2F2022%2F11%2F16%2Fsemot-abona-en-la-construccion-del-plan-estatal-para-la-transformacion%2F\" target=\"_top\" rel=\"nofollow\"><span class=\"icon\"><\/span><span class=\"text\">Share<\/span><\/a><a class=\"mashicon-twitter mash-large mash-center mashsb-noshadow\" href=\"https:\/\/twitter.com\/intent\/tweet?text=&amp;url=https:\/\/www.zunoticia.com\/noticias-de-hidalgo\/2022\/11\/16\/semot-abona-en-la-construccion-del-plan-estatal-para-la-transformacion\/\" target=\"_top\" rel=\"nofollow\"><span class=\"icon\"><\/span><span class=\"text\">Tweet<\/span><\/a><div class=\"onoffswitch2 mash-large mashsb-noshadow\" style=\"display:none\"><\/div><\/div>\n            <\/div>\n                <div style=\"clear:both\"><\/div><div class=\"mashsb-toggle-container\"><\/div><\/aside>\n            <!-- Share buttons by mashshare.net - Version: 4.0.47-->\n<p><em>Por Redacci\u00f3n\/Zunoticia<\/em><\/p>\n\n\n\n<p><strong>Pachuca, Hgo.-<\/strong> Como parte del Sistema Estatal de Planeaci\u00f3n Democr\u00e1tica se instal\u00f3 el Subcomit\u00e9 Sectorial de Movilidad y Transporte, con la finalidad de formular los programas sectoriales y especiales, para la construcci\u00f3n del Plan Estatal de Desarrollo 2022- 2028.<\/p>\n\n\n\n<figure class=\"wp-block-image size-large\"><img fetchpriority=\"high\" decoding=\"async\" width=\"1024\" height=\"550\" src=\"https:\/\/www.zunoticia.com\/noticias-de-hidalgo\/wp-content\/uploads\/2022\/11\/eZy-Watermark-16-11-2022-09-01-10p.m.-1024x550.jpg\" alt=\"\" class=\"wp-image-455113\" srcset=\"https:\/\/www.zunoticia.com\/noticias-de-hidalgo\/wp-content\/uploads\/2022\/11\/eZy-Watermark-16-11-2022-09-01-10p.m.-1024x550.jpg 1024w, https:\/\/www.zunoticia.com\/noticias-de-hidalgo\/wp-content\/uploads\/2022\/11\/eZy-Watermark-16-11-2022-09-01-10p.m.-300x161.jpg 300w, https:\/\/www.zunoticia.com\/noticias-de-hidalgo\/wp-content\/uploads\/2022\/11\/eZy-Watermark-16-11-2022-09-01-10p.m.-768x412.jpg 768w, https:\/\/www.zunoticia.com\/noticias-de-hidalgo\/wp-content\/uploads\/2022\/11\/eZy-Watermark-16-11-2022-09-01-10p.m..jpg 1280w\" sizes=\"(max-width: 1024px) 100vw, 1024px\" \/><\/figure>\n\n\n\n<p>La secretaria de Movilidad y Transporte, Lyzbeth Robles Guti\u00e9rrez, tom\u00f3 la protesta a las y los integrantes de dicho subcomit\u00e9 del que funge tambi\u00e9n como presidente.<\/p>\n\n\n\n<p>En la primera sesi\u00f3n con el acompa\u00f1amiento de las y los integrantes de diversas dependencias estatales, as\u00ed como de los diferentes sectores: social, p\u00fablico y acad\u00e9mico; la titular de la Semot precis\u00f3 que con la participaci\u00f3n activa del subcomit\u00e9 se dar\u00e1 continuidad a la coordinaci\u00f3n de las pol\u00edticas correspondientes en materia de movilidad y transporte.<\/p>\n\n\n\n<p>Adem\u00e1s, insisti\u00f3 en atender e implementar acciones para que todas y todos tengan las mismas oportunidades. Atendiendo a la movilidad como un derecho humano.<\/p>\n\n\n\n<p>En su mensaje agreg\u00f3 que para la administraci\u00f3n del gobernador Julio Menchaca Salazar es fundamental contribuir en mejorar la calidad de vida de las familias hidalguenses.<\/p>\n\n\n\n<p>En este sentido, enfatiz\u00f3 que toda persona tiene derecho a la movilidad en condiciones de seguridad vial, accesibilidad, eficiencia, sostenibilidad, calidad, inclusi\u00f3n e igualdad.<\/p>\n\n\n\n<figure class=\"wp-block-image size-large\"><img decoding=\"async\" width=\"1024\" height=\"682\" src=\"https:\/\/www.zunoticia.com\/noticias-de-hidalgo\/wp-content\/uploads\/2022\/11\/eZy-Watermark-16-11-2022-09-01-30p.m.-1024x682.jpg\" alt=\"\" class=\"wp-image-455112\" srcset=\"https:\/\/www.zunoticia.com\/noticias-de-hidalgo\/wp-content\/uploads\/2022\/11\/eZy-Watermark-16-11-2022-09-01-30p.m.-1024x682.jpg 1024w, https:\/\/www.zunoticia.com\/noticias-de-hidalgo\/wp-content\/uploads\/2022\/11\/eZy-Watermark-16-11-2022-09-01-30p.m.-300x200.jpg 300w, https:\/\/www.zunoticia.com\/noticias-de-hidalgo\/wp-content\/uploads\/2022\/11\/eZy-Watermark-16-11-2022-09-01-30p.m.-768x512.jpg 768w, https:\/\/www.zunoticia.com\/noticias-de-hidalgo\/wp-content\/uploads\/2022\/11\/eZy-Watermark-16-11-2022-09-01-30p.m..jpg 1280w\" sizes=\"(max-width: 1024px) 100vw, 1024px\" \/><\/figure>\n\n\n\n<p>La secretaria Lyzbeth Robles exhort\u00f3 a los presentes a aspirar a transformar la movilidad en Hidalgo, haciendo cada quien lo que le corresponde.<\/p>\n\n\n\n<p>David Arturo Rodr\u00edguez Calzad\u00edaz, director general de Planeaci\u00f3n Democr\u00e1tica y Estudios Prospectivos e integrante del subcomit\u00e9, expres\u00f3 que de esta forma se da continuidad en la construcci\u00f3n del Plan Estatal de Desarrollo como eje instructor, a fin de trazar un nuevo rumbo para Hidalgo.<\/p>\n","protected":false},"excerpt":{"rendered":"<p>Por Redacci\u00f3n\/Zunoticia Pachuca, Hgo.- Como parte del Sistema Estatal de Planeaci\u00f3n Democr\u00e1tica se instal\u00f3 el Subcomit\u00e9 Sectorial de Movilidad y Transporte, con la finalidad de formular los programas sectoriales y especiales, para la construcci\u00f3n del Plan Estatal de Desarrollo 2022- 2028. La secretaria de Movilidad y Transporte, Lyzbeth Robles Guti\u00e9rrez, tom\u00f3 la protesta a las&hellip; <a class=\"more-link\" href=\"https:\/\/www.zunoticia.com\/noticias-de-hidalgo\/2022\/11\/16\/semot-abona-en-la-construccion-del-plan-estatal-para-la-transformacion\/\">Seguir leyendo <span class=\"screen-reader-text\">Semot abona en la construcci\u00f3n del Plan Estatal para la Transformaci\u00f3n<\/span><\/a><\/p>\n","protected":false},"author":12,"featured_media":455111,"comment_status":"closed","ping_status":"open","sticky":false,"template":"","format":"standard","meta":{"rop_custom_images_group":[],"rop_custom_messages_group":[],"rop_publish_now":"initial","rop_publish_now_accounts":{"facebook_10159540855086992_322828327761733":""},"rop_publish_now_history":[],"rop_publish_now_status":"pending","footnotes":""},"categories":[208],"tags":[214],"class_list":["post-455131","post","type-post","status-publish","format-standard","has-post-thumbnail","hentry","category-estado","tag-estado","entry"],"_links":{"self":[{"href":"https:\/\/www.zunoticia.com\/noticias-de-hidalgo\/wp-json\/wp\/v2\/posts\/455131","targetHints":{"allow":["GET"]}}],"collection":[{"href":"https:\/\/www.zunoticia.com\/noticias-de-hidalgo\/wp-json\/wp\/v2\/posts"}],"about":[{"href":"https:\/\/www.zunoticia.com\/noticias-de-hidalgo\/wp-json\/wp\/v2\/types\/post"}],"author":[{"embeddable":true,"href":"https:\/\/www.zunoticia.com\/noticias-de-hidalgo\/wp-json\/wp\/v2\/users\/12"}],"replies":[{"embeddable":true,"href":"https:\/\/www.zunoticia.com\/noticias-de-hidalgo\/wp-json\/wp\/v2\/comments?post=455131"}],"version-history":[{"count":1,"href":"https:\/\/www.zunoticia.com\/noticias-de-hidalgo\/wp-json\/wp\/v2\/posts\/455131\/revisions"}],"predecessor-version":[{"id":455134,"href":"https:\/\/www.zunoticia.com\/noticias-de-hidalgo\/wp-json\/wp\/v2\/posts\/455131\/revisions\/455134"}],"wp:featuredmedia":[{"embeddable":true,"href":"https:\/\/www.zunoticia.com\/noticias-de-hidalgo\/wp-json\/wp\/v2\/media\/455111"}],"wp:attachment":[{"href":"https:\/\/www.zunoticia.com\/noticias-de-hidalgo\/wp-json\/wp\/v2\/media?parent=455131"}],"wp:term":[{"taxonomy":"category","embeddable":true,"href":"https:\/\/www.zunoticia.com\/noticias-de-hidalgo\/wp-json\/wp\/v2\/categories?post=455131"},{"taxonomy":"post_tag","embeddable":true,"href":"https:\/\/www.zunoticia.com\/noticias-de-hidalgo\/wp-json\/wp\/v2\/tags?post=455131"}],"curies":[{"name":"wp","href":"https:\/\/api.w.org\/{rel}","templated":true}]}}