{"id":455148,"date":"2022-11-16T22:55:04","date_gmt":"2022-11-17T04:55:04","guid":{"rendered":"https:\/\/www.zunoticia.com\/noticias-de-hidalgo\/?p=455148"},"modified":"2022-11-16T22:55:07","modified_gmt":"2022-11-17T04:55:07","slug":"espejeando-por-perseo-470","status":"publish","type":"post","link":"https:\/\/www.zunoticia.com\/noticias-de-hidalgo\/2022\/11\/16\/espejeando-por-perseo-470\/","title":{"rendered":"ESPEJEANDO por Perseo"},"content":{"rendered":"<aside class=\"mashsb-container mashsb-main mashsb-stretched\"><div class=\"mashsb-box\"><div class=\"mashsb-count mash-large\" style=\"float:left\"><div class=\"counts mashsbcount\">47<\/div><span class=\"mashsb-sharetext\">SHARES<\/span><\/div><div class=\"mashsb-buttons\"><a class=\"mashicon-facebook mash-large mash-center mashsb-noshadow\" href=\"https:\/\/www.facebook.com\/sharer.php?u=https%3A%2F%2Fwww.zunoticia.com%2Fnoticias-de-hidalgo%2F2022%2F11%2F16%2Fespejeando-por-perseo-470%2F\" target=\"_top\" rel=\"nofollow\"><span class=\"icon\"><\/span><span class=\"text\">Share<\/span><\/a><a class=\"mashicon-twitter mash-large mash-center mashsb-noshadow\" href=\"https:\/\/twitter.com\/intent\/tweet?text=&amp;url=https:\/\/www.zunoticia.com\/noticias-de-hidalgo\/2022\/11\/16\/espejeando-por-perseo-470\/\" target=\"_top\" rel=\"nofollow\"><span class=\"icon\"><\/span><span class=\"text\">Tweet<\/span><\/a><div class=\"onoffswitch2 mash-large mashsb-noshadow\" style=\"display:none\"><\/div><\/div>\n            <\/div>\n                <div style=\"clear:both\"><\/div><div class=\"mashsb-toggle-container\"><\/div><\/aside>\n            <!-- Share buttons by mashshare.net - Version: 4.0.47-->\n<p>\u2022 Se confirm\u00f3 la presentaci\u00f3n del int\u00e9rprete Juli\u00f3n \u00c1lvarez al palenque de Huejutla, y como se trata de un evento de primer nivel en el que ser\u00e1 el empresario quien correr\u00e1 el riesgo con la venta de boletos y consumos, pues este mi\u00e9rcoles reciente se anunci\u00f3 su presentaci\u00f3n en el nivel oro, que consiste en el boleto m\u00e1s caro de tres mil personas en el \u00e1rea m\u00e1s cercana, y ya se vendi\u00f3. Es decir, si quiere ser parte de esta experiencia en asientos en primera fila, pues tendr\u00eda ma\u00f1ana mismo que comprar sus boletos por que se vaticina que se habr\u00e1n de agotar e incluso se especula que ser\u00edan seis mil boletos \u00fanicamente.<\/p>\n\n\n\n<p>\u2022 Daniel Andrade Zurutuza fue claro al mencionar que el municipio no est\u00e1 en posibilidades de invertir, que esto es un evento privado en el palenque, que muestra a un empresario que le apuesta a Huejutla, lo que buscan es que Tampico, Valles, Tamazunchale y Pachuca ubiquen a Huejutla como punto de concentraci\u00f3n.<\/p>\n\n\n\n<p>\u2022 Daniel Andrade no se ha quedado en espect\u00e1culos de gran nivel, tambi\u00e9n estar\u00e1 firmando un convenio de transparencia que pondr\u00e1 al municipio en la ruta del orden y la legalidad, lo llamativo de este evento ferial de Nochebuena es que no habr\u00e1 inversi\u00f3n municipal, ser\u00e1 empresarial y la tarea del municipio es entregarle al empresario el terreno de la feria en condiciones; justifica el alcalde que Huejutla no est\u00e1 en condiciones de un gasto oneroso por eso se buscan las alternativas empresariales y solo les pide que traigan nuevas atracciones para la gente.<\/p>\n\n\n\n<p>\u2022\u2022 El gobernador del estado Julio Menchaca sabe perfectamente que aqu\u00ed en la huasteca no hay necesidad de decir que se le quiere, eso se demuestra y el mejor de los escenarios que pinta es que tiene claro el objetivo de preferenciar al pueblo, establecer las condiciones de nuestros ciudadanos que siempre han estado abajo y ahora les toca estar en el primer plano en Hidalgo que incluye a nuestra regi\u00f3n huasteca.<\/p>\n\n\n\n<p>\u2022\u2022 La confianza est\u00e1 entregada y el pueblo tiene en su coraz\u00f3n la esperanza porque el gobernador en sus primeros pasos ha mostrado que es parte de y se debe al ellos.<\/p>\n\n\n\n<p>\u2022\u2022 No por nada y a pesar de que es poco el tiempo en que asume la responsabilidad de la gubernatura, hablando de reconocimiento y mediciones, los resultados de la empresa LaEncuesta.mx que realiz\u00f3 un levantamiento a nivel nacional para conocer lo que piensan los ciudadanos acerca de sus gobernadores.<\/p>\n\n\n\n<p>\u2022\u2022 El gobernador Mauricio Vila de Yucat\u00e1n tiene la primera posici\u00f3n, el segundo lugar es para Miguel Riquelme de Coahuila y la tercera posici\u00f3n es para Marina \u00c1vila de Baja California. Las \u00faltimas posiciones son para Enrique Alfaro de Jalisco, Alfredo Ram\u00edrez de Michoac\u00e1n y en \u00faltimo lugar David Monreal de Zacatecas.<\/p>\n\n\n\n<p>\u2022\u2022 Para los gobernadores entrantes, Julio Menchaca de Hidalgo tiene una aprobaci\u00f3n del 60.2%, Mar\u00eda Lezama de Quintana Roo el 53.6%, Teresa Jim\u00e9nez de Aguascalientes el 52.2%, Am\u00e9rico Villarreal de Tamaulipas con el 51.4% y Esteban Villegas de Durango el 40.22.<\/p>\n\n\n\n<p>\u2022\u2022 Julio Menchaca est\u00e1 calificado muy por encima de los gobernantes, y va entrando.<\/p>\n\n\n\n<figure class=\"wp-block-image size-large\"><img fetchpriority=\"high\" decoding=\"async\" width=\"1024\" height=\"746\" src=\"https:\/\/www.zunoticia.com\/noticias-de-hidalgo\/wp-content\/uploads\/2022\/11\/Imagen-de-WhatsApp-2022-11-16-a-las-22.29.54-1024x746.jpg\" alt=\"\" class=\"wp-image-455149\" srcset=\"https:\/\/www.zunoticia.com\/noticias-de-hidalgo\/wp-content\/uploads\/2022\/11\/Imagen-de-WhatsApp-2022-11-16-a-las-22.29.54-1024x746.jpg 1024w, https:\/\/www.zunoticia.com\/noticias-de-hidalgo\/wp-content\/uploads\/2022\/11\/Imagen-de-WhatsApp-2022-11-16-a-las-22.29.54-300x219.jpg 300w, https:\/\/www.zunoticia.com\/noticias-de-hidalgo\/wp-content\/uploads\/2022\/11\/Imagen-de-WhatsApp-2022-11-16-a-las-22.29.54-768x560.jpg 768w, https:\/\/www.zunoticia.com\/noticias-de-hidalgo\/wp-content\/uploads\/2022\/11\/Imagen-de-WhatsApp-2022-11-16-a-las-22.29.54.jpg 1280w\" sizes=\"(max-width: 1024px) 100vw, 1024px\" \/><\/figure>\n","protected":false},"excerpt":{"rendered":"<p>\u2022 Se confirm\u00f3 la presentaci\u00f3n del int\u00e9rprete Juli\u00f3n \u00c1lvarez al palenque de Huejutla, y como se trata de un evento de primer nivel en el que ser\u00e1 el empresario quien correr\u00e1 el riesgo con la venta de boletos y consumos, pues este mi\u00e9rcoles reciente se anunci\u00f3 su presentaci\u00f3n en el nivel oro, que consiste en&hellip; <a class=\"more-link\" href=\"https:\/\/www.zunoticia.com\/noticias-de-hidalgo\/2022\/11\/16\/espejeando-por-perseo-470\/\">Seguir leyendo <span class=\"screen-reader-text\">ESPEJEANDO por Perseo<\/span><\/a><\/p>\n","protected":false},"author":12,"featured_media":455150,"comment_status":"closed","ping_status":"open","sticky":false,"template":"","format":"standard","meta":{"rop_custom_images_group":[],"rop_custom_messages_group":[],"rop_publish_now":"initial","rop_publish_now_accounts":{"facebook_10159540855086992_322828327761733":""},"rop_publish_now_history":[],"rop_publish_now_status":"pending","footnotes":""},"categories":[176],"tags":[205],"class_list":["post-455148","post","type-post","status-publish","format-standard","has-post-thumbnail","hentry","category-espejeando","tag-espejeando","entry"],"_links":{"self":[{"href":"https:\/\/www.zunoticia.com\/noticias-de-hidalgo\/wp-json\/wp\/v2\/posts\/455148","targetHints":{"allow":["GET"]}}],"collection":[{"href":"https:\/\/www.zunoticia.com\/noticias-de-hidalgo\/wp-json\/wp\/v2\/posts"}],"about":[{"href":"https:\/\/www.zunoticia.com\/noticias-de-hidalgo\/wp-json\/wp\/v2\/types\/post"}],"author":[{"embeddable":true,"href":"https:\/\/www.zunoticia.com\/noticias-de-hidalgo\/wp-json\/wp\/v2\/users\/12"}],"replies":[{"embeddable":true,"href":"https:\/\/www.zunoticia.com\/noticias-de-hidalgo\/wp-json\/wp\/v2\/comments?post=455148"}],"version-history":[{"count":1,"href":"https:\/\/www.zunoticia.com\/noticias-de-hidalgo\/wp-json\/wp\/v2\/posts\/455148\/revisions"}],"predecessor-version":[{"id":455151,"href":"https:\/\/www.zunoticia.com\/noticias-de-hidalgo\/wp-json\/wp\/v2\/posts\/455148\/revisions\/455151"}],"wp:featuredmedia":[{"embeddable":true,"href":"https:\/\/www.zunoticia.com\/noticias-de-hidalgo\/wp-json\/wp\/v2\/media\/455150"}],"wp:attachment":[{"href":"https:\/\/www.zunoticia.com\/noticias-de-hidalgo\/wp-json\/wp\/v2\/media?parent=455148"}],"wp:term":[{"taxonomy":"category","embeddable":true,"href":"https:\/\/www.zunoticia.com\/noticias-de-hidalgo\/wp-json\/wp\/v2\/categories?post=455148"},{"taxonomy":"post_tag","embeddable":true,"href":"https:\/\/www.zunoticia.com\/noticias-de-hidalgo\/wp-json\/wp\/v2\/tags?post=455148"}],"curies":[{"name":"wp","href":"https:\/\/api.w.org\/{rel}","templated":true}]}}