{"id":455192,"date":"2022-11-17T15:36:44","date_gmt":"2022-11-17T21:36:44","guid":{"rendered":"https:\/\/www.zunoticia.com\/noticias-de-hidalgo\/?p=455192"},"modified":"2022-11-17T15:36:46","modified_gmt":"2022-11-17T21:36:46","slug":"semot-capacita-a-personas-operadoras-del-transporte-publico","status":"publish","type":"post","link":"https:\/\/www.zunoticia.com\/noticias-de-hidalgo\/2022\/11\/17\/semot-capacita-a-personas-operadoras-del-transporte-publico\/","title":{"rendered":"SEMOT capacita a personas operadoras del transporte p\u00fablico."},"content":{"rendered":"<aside class=\"mashsb-container mashsb-main mashsb-stretched\"><div class=\"mashsb-box\"><div class=\"mashsb-count mash-large\" style=\"float:left\"><div class=\"counts mashsbcount\">1<\/div><span class=\"mashsb-sharetext\">SHARES<\/span><\/div><div class=\"mashsb-buttons\"><a class=\"mashicon-facebook mash-large mash-center mashsb-noshadow\" href=\"https:\/\/www.facebook.com\/sharer.php?u=https%3A%2F%2Fwww.zunoticia.com%2Fnoticias-de-hidalgo%2F2022%2F11%2F17%2Fsemot-capacita-a-personas-operadoras-del-transporte-publico%2F\" target=\"_top\" rel=\"nofollow\"><span class=\"icon\"><\/span><span class=\"text\">Share<\/span><\/a><a class=\"mashicon-twitter mash-large mash-center mashsb-noshadow\" href=\"https:\/\/twitter.com\/intent\/tweet?text=&amp;url=https:\/\/www.zunoticia.com\/noticias-de-hidalgo\/2022\/11\/17\/semot-capacita-a-personas-operadoras-del-transporte-publico\/\" target=\"_top\" rel=\"nofollow\"><span class=\"icon\"><\/span><span class=\"text\">Tweet<\/span><\/a><div class=\"onoffswitch2 mash-large mashsb-noshadow\" style=\"display:none\"><\/div><\/div>\n            <\/div>\n                <div style=\"clear:both\"><\/div><div class=\"mashsb-toggle-container\"><\/div><\/aside>\n            <!-- Share buttons by mashshare.net - Version: 4.0.47-->\n<p><em>Por Redacci\u00f3n\/Zunoticia<\/em><\/p>\n\n\n\n<p><strong>Pachuca de Soto, Hgo. &#8211; <\/strong>La Secretar\u00eda de Movilidad y Transporte (Semot) a trav\u00e9s del Sistema de Transporte Convencional de Hidalgo, capacit\u00f3 a m\u00e1s de 270 personas operadoras del transporte p\u00fablico convencional en sus modalidades colectivo e individual, con la finalidad de mejorar su servicio, el cual impacta en la ciudadan\u00eda.<\/p>\n\n\n\n<p>La clausura de los dos d\u00edas de actividades, estuvo a cargo de la titular de la Semot Lyzbeth Robles Guti\u00e9rrez, donde dijo: &#8220;ay\u00fadenme a transformar el transporte p\u00fablico, no m\u00e1s carreritas, ni unidades sucias, si cada quien hace lo que le toca, podemos lograr un Hidalgo con mejor movilidad.<\/p>\n\n\n\n<p>El gobernador Julio Menchaca Salazar ha instruido que para lograr el Hidalgo que queremos, necesitamos unir esfuerzos, trabajando paso a paso en este proceso de transformaci\u00f3n. Por esta raz\u00f3n se concientiza a las personas operadoras sobre su responsabilidad al transportar vidas humanas, indic\u00f3 la secretaria de Movilidad y Transporte.<\/p>\n\n\n\n<p>En atenci\u00f3n a la solicitud de organizaciones transportistas, de recibir distintos cursos para mejorar su servicio. Se imparti\u00f3 la capacitaci\u00f3n: \u201cCalidad y servicio profesional en el transporte p\u00fablico urbano\u201d.<\/p>\n\n\n\n<figure class=\"wp-block-image size-large\"><img fetchpriority=\"high\" decoding=\"async\" width=\"1024\" height=\"658\" src=\"https:\/\/www.zunoticia.com\/noticias-de-hidalgo\/wp-content\/uploads\/2022\/11\/capacitacion-2-1-1024x658.jpg\" alt=\"\" class=\"wp-image-455194\" srcset=\"https:\/\/www.zunoticia.com\/noticias-de-hidalgo\/wp-content\/uploads\/2022\/11\/capacitacion-2-1-1024x658.jpg 1024w, https:\/\/www.zunoticia.com\/noticias-de-hidalgo\/wp-content\/uploads\/2022\/11\/capacitacion-2-1-300x193.jpg 300w, https:\/\/www.zunoticia.com\/noticias-de-hidalgo\/wp-content\/uploads\/2022\/11\/capacitacion-2-1-768x493.jpg 768w, https:\/\/www.zunoticia.com\/noticias-de-hidalgo\/wp-content\/uploads\/2022\/11\/capacitacion-2-1-1536x987.jpg 1536w, https:\/\/www.zunoticia.com\/noticias-de-hidalgo\/wp-content\/uploads\/2022\/11\/capacitacion-2-1-2048x1315.jpg 2048w, https:\/\/www.zunoticia.com\/noticias-de-hidalgo\/wp-content\/uploads\/2022\/11\/capacitacion-2-1-1568x1007.jpg 1568w\" sizes=\"(max-width: 1024px) 100vw, 1024px\" \/><\/figure>\n\n\n\n<p>En este primer ejercicio, participaron personas de las organizaciones de Taxis Unidos de San Javier, Federaci\u00f3n Unida de Trabajadores del Volante (FUTV), Ruta 04 San Agust\u00edn Tlaxiaca, Ruta 47 de Pachuca, Organizaci\u00f3n de Transportistas Unidos, Agrupaci\u00f3n Ellite, Confederaci\u00f3n de Operadores Permisionarios Concesionarios de Hidalgo (COPECH), entre otras.<\/p>\n\n\n\n<p>Estuvo presente V\u00edctor Osmid Guerrero Trejo director general del Sistema de Transporte Convencional de Hidalgo, adem\u00e1s de l\u00edderes y concesionarios.<\/p>\n\n\n\n<p>Dicha capacitaci\u00f3n fue impartida por Isaac Vilchis Contreras, certificado por el Instituto Joch Jaban S. C. de acuerdo con la Secretar\u00eda del Trabajo y Previsi\u00f3n Social.<\/p>\n","protected":false},"excerpt":{"rendered":"<p>Por Redacci\u00f3n\/Zunoticia Pachuca de Soto, Hgo. &#8211; La Secretar\u00eda de Movilidad y Transporte (Semot) a trav\u00e9s del Sistema de Transporte Convencional de Hidalgo, capacit\u00f3 a m\u00e1s de 270 personas operadoras del transporte p\u00fablico convencional en sus modalidades colectivo e individual, con la finalidad de mejorar su servicio, el cual impacta en la ciudadan\u00eda. La clausura&hellip; <a class=\"more-link\" href=\"https:\/\/www.zunoticia.com\/noticias-de-hidalgo\/2022\/11\/17\/semot-capacita-a-personas-operadoras-del-transporte-publico\/\">Seguir leyendo <span class=\"screen-reader-text\">SEMOT capacita a personas operadoras del transporte p\u00fablico.<\/span><\/a><\/p>\n","protected":false},"author":12,"featured_media":455193,"comment_status":"closed","ping_status":"open","sticky":false,"template":"","format":"standard","meta":{"rop_custom_images_group":[],"rop_custom_messages_group":[],"rop_publish_now":"initial","rop_publish_now_accounts":{"facebook_10159540855086992_322828327761733":""},"rop_publish_now_history":[],"rop_publish_now_status":"pending","footnotes":""},"categories":[208],"tags":[214],"class_list":["post-455192","post","type-post","status-publish","format-standard","has-post-thumbnail","hentry","category-estado","tag-estado","entry"],"_links":{"self":[{"href":"https:\/\/www.zunoticia.com\/noticias-de-hidalgo\/wp-json\/wp\/v2\/posts\/455192","targetHints":{"allow":["GET"]}}],"collection":[{"href":"https:\/\/www.zunoticia.com\/noticias-de-hidalgo\/wp-json\/wp\/v2\/posts"}],"about":[{"href":"https:\/\/www.zunoticia.com\/noticias-de-hidalgo\/wp-json\/wp\/v2\/types\/post"}],"author":[{"embeddable":true,"href":"https:\/\/www.zunoticia.com\/noticias-de-hidalgo\/wp-json\/wp\/v2\/users\/12"}],"replies":[{"embeddable":true,"href":"https:\/\/www.zunoticia.com\/noticias-de-hidalgo\/wp-json\/wp\/v2\/comments?post=455192"}],"version-history":[{"count":1,"href":"https:\/\/www.zunoticia.com\/noticias-de-hidalgo\/wp-json\/wp\/v2\/posts\/455192\/revisions"}],"predecessor-version":[{"id":455195,"href":"https:\/\/www.zunoticia.com\/noticias-de-hidalgo\/wp-json\/wp\/v2\/posts\/455192\/revisions\/455195"}],"wp:featuredmedia":[{"embeddable":true,"href":"https:\/\/www.zunoticia.com\/noticias-de-hidalgo\/wp-json\/wp\/v2\/media\/455193"}],"wp:attachment":[{"href":"https:\/\/www.zunoticia.com\/noticias-de-hidalgo\/wp-json\/wp\/v2\/media?parent=455192"}],"wp:term":[{"taxonomy":"category","embeddable":true,"href":"https:\/\/www.zunoticia.com\/noticias-de-hidalgo\/wp-json\/wp\/v2\/categories?post=455192"},{"taxonomy":"post_tag","embeddable":true,"href":"https:\/\/www.zunoticia.com\/noticias-de-hidalgo\/wp-json\/wp\/v2\/tags?post=455192"}],"curies":[{"name":"wp","href":"https:\/\/api.w.org\/{rel}","templated":true}]}}