{"id":455203,"date":"2022-11-17T17:05:36","date_gmt":"2022-11-17T23:05:36","guid":{"rendered":"https:\/\/www.zunoticia.com\/noticias-de-hidalgo\/?p=455203"},"modified":"2022-11-17T17:05:38","modified_gmt":"2022-11-17T23:05:38","slug":"consideran-el-mural-del-origen-del-maiz-patrimonio-cultural","status":"publish","type":"post","link":"https:\/\/www.zunoticia.com\/noticias-de-hidalgo\/2022\/11\/17\/consideran-el-mural-del-origen-del-maiz-patrimonio-cultural\/","title":{"rendered":"Consideran el mural del &#8220;Origen del ma\u00edz&#8221; patrimonio cultural"},"content":{"rendered":"<aside class=\"mashsb-container mashsb-main mashsb-stretched\"><div class=\"mashsb-box\"><div class=\"mashsb-count mash-large\" style=\"float:left\"><div class=\"counts mashsbcount\">33<\/div><span class=\"mashsb-sharetext\">SHARES<\/span><\/div><div class=\"mashsb-buttons\"><a class=\"mashicon-facebook mash-large mash-center mashsb-noshadow\" href=\"https:\/\/www.facebook.com\/sharer.php?u=https%3A%2F%2Fwww.zunoticia.com%2Fnoticias-de-hidalgo%2F2022%2F11%2F17%2Fconsideran-el-mural-del-origen-del-maiz-patrimonio-cultural%2F\" target=\"_top\" rel=\"nofollow\"><span class=\"icon\"><\/span><span class=\"text\">Share<\/span><\/a><a class=\"mashicon-twitter mash-large mash-center mashsb-noshadow\" href=\"https:\/\/twitter.com\/intent\/tweet?text=&amp;url=https:\/\/www.zunoticia.com\/noticias-de-hidalgo\/2022\/11\/17\/consideran-el-mural-del-origen-del-maiz-patrimonio-cultural\/\" target=\"_top\" rel=\"nofollow\"><span class=\"icon\"><\/span><span class=\"text\">Tweet<\/span><\/a><div class=\"onoffswitch2 mash-large mashsb-noshadow\" style=\"display:none\"><\/div><\/div>\n            <\/div>\n                <div style=\"clear:both\"><\/div><div class=\"mashsb-toggle-container\"><\/div><\/aside>\n            <!-- Share buttons by mashshare.net - Version: 4.0.47-->\n<p><em>Por Salvador Altamirano\/Zunoticia<\/em><\/p>\n\n\n\n<p><strong>Huejutla, Hgo. &#8211;<\/strong> Teniendo conocimiento que el ma\u00edz, el alimento por antonomasia de la humanidad, tuvo su origen en la regi\u00f3n central de M\u00e9xico, a trav\u00e9s de la fusi\u00f3n de plantas que crec\u00edan en forma silvestre como el teocintle, vecinos de la poblaci\u00f3n consideran que al mural que hace a\u00f1os plasm\u00f3 en una de las paredes del acceso principal al convento de la Iglesia Catedral de Cristo Rey el profesor Ildefonso Maya Hern\u00e1ndez, como patrimonio cultural y por ende debe de restaurarse.<\/p>\n\n\n\n<p>Especificaron que el referido mural es alusivo, precisamente, al &#8220;origen del ma\u00edz&#8221;, lo que lo torna una obra de arte valiosa, aunado a que fue pintado por un artista de renombre nacional avecindado en Huejutla, quien se llam\u00f3 &#8220;Maya&#8221; de nacimiento y &#8220;huasteco&#8221; de coraz\u00f3n.<\/p>\n\n\n\n<p>Al respecto, quien afirm\u00f3 responder al nombre de Martin G\u00f3mez Bautista, opin\u00f3 que para su restauraci\u00f3n se debe de aprovechar el pr\u00f3ximo retorno de los integrantes del &#8220;Movimiento Internacional Muralista Arte Popular x&#8221;, (MIMAPx), quienes seg\u00fan se tiene conocimiento est\u00e1n en la disposici\u00f3n de plasmar, de manera gratuita, m\u00e1s pinturas en paredes estrat\u00e9gicas de la poblaci\u00f3n.<\/p>\n\n\n\n<p>Agreg\u00f3 que el mural del Origen del ma\u00edz, aunque se encuentra en una pared que no est\u00e1 a la vista, por el simple nombre, calidad y extensi\u00f3n llama la atenci\u00f3n, por lo que sin duda ser\u00eda uno de los elementos preponderantes para que Huejutla sea designado &#8220;Pueblo M\u00e1gico&#8221;.<\/p>\n\n\n\n<p>Para finalizar, enfatiz\u00f3 que el ma\u00edz es un cultivo representativo de M\u00e9xico, por su importancia econ\u00f3mica, social y cultural, lo que otorga al mural trascendencia, por lo que debe de restaurarse y decretarse patrimonio municipal, est\u00e9 protegido o no por el Instituto Nacional de Antropolog\u00eda e Historia (INAH), que no creo -dijo- pero debe de investigarse.<\/p>\n","protected":false},"excerpt":{"rendered":"<p>Por Salvador Altamirano\/Zunoticia Huejutla, Hgo. &#8211; Teniendo conocimiento que el ma\u00edz, el alimento por antonomasia de la humanidad, tuvo su origen en la regi\u00f3n central de M\u00e9xico, a trav\u00e9s de la fusi\u00f3n de plantas que crec\u00edan en forma silvestre como el teocintle, vecinos de la poblaci\u00f3n consideran que al mural que hace a\u00f1os plasm\u00f3 en&hellip; <a class=\"more-link\" href=\"https:\/\/www.zunoticia.com\/noticias-de-hidalgo\/2022\/11\/17\/consideran-el-mural-del-origen-del-maiz-patrimonio-cultural\/\">Seguir leyendo <span class=\"screen-reader-text\">Consideran el mural del &#8220;Origen del ma\u00edz&#8221; patrimonio cultural<\/span><\/a><\/p>\n","protected":false},"author":12,"featured_media":455204,"comment_status":"closed","ping_status":"open","sticky":false,"template":"","format":"standard","meta":{"rop_custom_images_group":[],"rop_custom_messages_group":[],"rop_publish_now":"initial","rop_publish_now_accounts":{"facebook_10159540855086992_322828327761733":""},"rop_publish_now_history":[],"rop_publish_now_status":"pending","footnotes":""},"categories":[181],"tags":[121],"class_list":["post-455203","post","type-post","status-publish","format-standard","has-post-thumbnail","hentry","category-huejutla","tag-huejutla","entry"],"_links":{"self":[{"href":"https:\/\/www.zunoticia.com\/noticias-de-hidalgo\/wp-json\/wp\/v2\/posts\/455203","targetHints":{"allow":["GET"]}}],"collection":[{"href":"https:\/\/www.zunoticia.com\/noticias-de-hidalgo\/wp-json\/wp\/v2\/posts"}],"about":[{"href":"https:\/\/www.zunoticia.com\/noticias-de-hidalgo\/wp-json\/wp\/v2\/types\/post"}],"author":[{"embeddable":true,"href":"https:\/\/www.zunoticia.com\/noticias-de-hidalgo\/wp-json\/wp\/v2\/users\/12"}],"replies":[{"embeddable":true,"href":"https:\/\/www.zunoticia.com\/noticias-de-hidalgo\/wp-json\/wp\/v2\/comments?post=455203"}],"version-history":[{"count":1,"href":"https:\/\/www.zunoticia.com\/noticias-de-hidalgo\/wp-json\/wp\/v2\/posts\/455203\/revisions"}],"predecessor-version":[{"id":455205,"href":"https:\/\/www.zunoticia.com\/noticias-de-hidalgo\/wp-json\/wp\/v2\/posts\/455203\/revisions\/455205"}],"wp:featuredmedia":[{"embeddable":true,"href":"https:\/\/www.zunoticia.com\/noticias-de-hidalgo\/wp-json\/wp\/v2\/media\/455204"}],"wp:attachment":[{"href":"https:\/\/www.zunoticia.com\/noticias-de-hidalgo\/wp-json\/wp\/v2\/media?parent=455203"}],"wp:term":[{"taxonomy":"category","embeddable":true,"href":"https:\/\/www.zunoticia.com\/noticias-de-hidalgo\/wp-json\/wp\/v2\/categories?post=455203"},{"taxonomy":"post_tag","embeddable":true,"href":"https:\/\/www.zunoticia.com\/noticias-de-hidalgo\/wp-json\/wp\/v2\/tags?post=455203"}],"curies":[{"name":"wp","href":"https:\/\/api.w.org\/{rel}","templated":true}]}}