{"id":455209,"date":"2022-11-17T17:09:33","date_gmt":"2022-11-17T23:09:33","guid":{"rendered":"https:\/\/www.zunoticia.com\/noticias-de-hidalgo\/?p=455209"},"modified":"2022-11-17T17:09:35","modified_gmt":"2022-11-17T23:09:35","slug":"buena-respuesta-a-vacunacion-de-los-menores-de-edad","status":"publish","type":"post","link":"https:\/\/www.zunoticia.com\/noticias-de-hidalgo\/2022\/11\/17\/buena-respuesta-a-vacunacion-de-los-menores-de-edad\/","title":{"rendered":"Buena respuesta a vacunaci\u00f3n de los menores de edad"},"content":{"rendered":"<aside class=\"mashsb-container mashsb-main mashsb-stretched\"><div class=\"mashsb-box\"><div class=\"mashsb-count mash-large\" style=\"float:left\"><div class=\"counts mashsbcount\">0<\/div><span class=\"mashsb-sharetext\">SHARES<\/span><\/div><div class=\"mashsb-buttons\"><a class=\"mashicon-facebook mash-large mash-center mashsb-noshadow\" href=\"https:\/\/www.facebook.com\/sharer.php?u=https%3A%2F%2Fwww.zunoticia.com%2Fnoticias-de-hidalgo%2F2022%2F11%2F17%2Fbuena-respuesta-a-vacunacion-de-los-menores-de-edad%2F\" target=\"_top\" rel=\"nofollow\"><span class=\"icon\"><\/span><span class=\"text\">Share<\/span><\/a><a class=\"mashicon-twitter mash-large mash-center mashsb-noshadow\" href=\"https:\/\/twitter.com\/intent\/tweet?text=&amp;url=https:\/\/www.zunoticia.com\/noticias-de-hidalgo\/2022\/11\/17\/buena-respuesta-a-vacunacion-de-los-menores-de-edad\/\" target=\"_top\" rel=\"nofollow\"><span class=\"icon\"><\/span><span class=\"text\">Tweet<\/span><\/a><div class=\"onoffswitch2 mash-large mashsb-noshadow\" style=\"display:none\"><\/div><\/div>\n            <\/div>\n                <div style=\"clear:both\"><\/div><div class=\"mashsb-toggle-container\"><\/div><\/aside>\n            <!-- Share buttons by mashshare.net - Version: 4.0.47-->\n<p><em>Por \u00c1ngel Silverio\/Zunoticia<\/em><\/p>\n\n\n\n<p><strong>Jaltoc\u00e1n, Hgo. \u2013<\/strong> \u201cCon gran afluencia inici\u00f3 la jornada de vacunaci\u00f3n anticovid a menores de edad, donde se reconoci\u00f3 el inter\u00e9s y la excelente respuesta que han dado las madres y padres de familia para brindar a las y los menores de edad, la protecci\u00f3n que ofrece la vacuna, pues la emergencia sanitaria por COVID 19 a\u00fan no ha concluido\u201d.<\/p>\n\n\n\n<p>As\u00ed lo dio a conocer la enlace de Salud municipal, Karla Ferreyra, quien se\u00f1al\u00f3 que inici\u00f3 la aplicaci\u00f3n de la vacuna a poblaci\u00f3n de entre 5 a 11 a\u00f1os de edad, quienes fueron acompa\u00f1ados de sus padres y\/o de una persona adulta.<\/p>\n\n\n\n<p>&#8220;Una gran respuesta y eso es muestra de la responsabilidad que tienen los padres de familia con sus hijos; es muy importante que se les aplique la vacuna, que no dejen pasar las fechas en que se anuncia que se realizar\u00e1 la aplicaci\u00f3n, ya que es muy importante que cuenten con todas las dosis&#8221; cit\u00f3.<\/p>\n\n\n\n<p>Cabe destacar que se le pide a la poblaci\u00f3n en general, no dejar pasar las pr\u00f3ximas fechas en que se lleve a cabo la vacunaci\u00f3n para los rezagados, as\u00ed como las segundas, terceras y dosis de refuerzos, por lo que llaman a estar pendientes.<\/p>\n","protected":false},"excerpt":{"rendered":"<p>Por \u00c1ngel Silverio\/Zunoticia Jaltoc\u00e1n, Hgo. \u2013 \u201cCon gran afluencia inici\u00f3 la jornada de vacunaci\u00f3n anticovid a menores de edad, donde se reconoci\u00f3 el inter\u00e9s y la excelente respuesta que han dado las madres y padres de familia para brindar a las y los menores de edad, la protecci\u00f3n que ofrece la vacuna, pues la emergencia&hellip; <a class=\"more-link\" href=\"https:\/\/www.zunoticia.com\/noticias-de-hidalgo\/2022\/11\/17\/buena-respuesta-a-vacunacion-de-los-menores-de-edad\/\">Seguir leyendo <span class=\"screen-reader-text\">Buena respuesta a vacunaci\u00f3n de los menores de edad<\/span><\/a><\/p>\n","protected":false},"author":12,"featured_media":455210,"comment_status":"closed","ping_status":"open","sticky":false,"template":"","format":"standard","meta":{"rop_custom_images_group":[],"rop_custom_messages_group":[],"rop_publish_now":"initial","rop_publish_now_accounts":{"facebook_10159540855086992_322828327761733":""},"rop_publish_now_history":[],"rop_publish_now_status":"pending","footnotes":""},"categories":[179,200],"tags":[131],"class_list":["post-455209","post","type-post","status-publish","format-standard","has-post-thumbnail","hentry","category-huasteca","category-jaltocan","tag-jaltocan","entry"],"_links":{"self":[{"href":"https:\/\/www.zunoticia.com\/noticias-de-hidalgo\/wp-json\/wp\/v2\/posts\/455209","targetHints":{"allow":["GET"]}}],"collection":[{"href":"https:\/\/www.zunoticia.com\/noticias-de-hidalgo\/wp-json\/wp\/v2\/posts"}],"about":[{"href":"https:\/\/www.zunoticia.com\/noticias-de-hidalgo\/wp-json\/wp\/v2\/types\/post"}],"author":[{"embeddable":true,"href":"https:\/\/www.zunoticia.com\/noticias-de-hidalgo\/wp-json\/wp\/v2\/users\/12"}],"replies":[{"embeddable":true,"href":"https:\/\/www.zunoticia.com\/noticias-de-hidalgo\/wp-json\/wp\/v2\/comments?post=455209"}],"version-history":[{"count":1,"href":"https:\/\/www.zunoticia.com\/noticias-de-hidalgo\/wp-json\/wp\/v2\/posts\/455209\/revisions"}],"predecessor-version":[{"id":455211,"href":"https:\/\/www.zunoticia.com\/noticias-de-hidalgo\/wp-json\/wp\/v2\/posts\/455209\/revisions\/455211"}],"wp:featuredmedia":[{"embeddable":true,"href":"https:\/\/www.zunoticia.com\/noticias-de-hidalgo\/wp-json\/wp\/v2\/media\/455210"}],"wp:attachment":[{"href":"https:\/\/www.zunoticia.com\/noticias-de-hidalgo\/wp-json\/wp\/v2\/media?parent=455209"}],"wp:term":[{"taxonomy":"category","embeddable":true,"href":"https:\/\/www.zunoticia.com\/noticias-de-hidalgo\/wp-json\/wp\/v2\/categories?post=455209"},{"taxonomy":"post_tag","embeddable":true,"href":"https:\/\/www.zunoticia.com\/noticias-de-hidalgo\/wp-json\/wp\/v2\/tags?post=455209"}],"curies":[{"name":"wp","href":"https:\/\/api.w.org\/{rel}","templated":true}]}}