{"id":455220,"date":"2022-11-17T17:16:12","date_gmt":"2022-11-17T23:16:12","guid":{"rendered":"https:\/\/www.zunoticia.com\/noticias-de-hidalgo\/?p=455220"},"modified":"2022-11-17T17:16:15","modified_gmt":"2022-11-17T23:16:15","slug":"desaparece-jornalero-que-se-fue-a-trabajar-al-corte","status":"publish","type":"post","link":"https:\/\/www.zunoticia.com\/noticias-de-hidalgo\/2022\/11\/17\/desaparece-jornalero-que-se-fue-a-trabajar-al-corte\/","title":{"rendered":"Desaparece jornalero que se fue a trabajar al corte"},"content":{"rendered":"<aside class=\"mashsb-container mashsb-main mashsb-stretched\"><div class=\"mashsb-box\"><div class=\"mashsb-count mash-large\" style=\"float:left\"><div class=\"counts mashsbcount\">70<\/div><span class=\"mashsb-sharetext\">SHARES<\/span><\/div><div class=\"mashsb-buttons\"><a class=\"mashicon-facebook mash-large mash-center mashsb-noshadow\" href=\"https:\/\/www.facebook.com\/sharer.php?u=https%3A%2F%2Fwww.zunoticia.com%2Fnoticias-de-hidalgo%2F2022%2F11%2F17%2Fdesaparece-jornalero-que-se-fue-a-trabajar-al-corte%2F\" target=\"_top\" rel=\"nofollow\"><span class=\"icon\"><\/span><span class=\"text\">Share<\/span><\/a><a class=\"mashicon-twitter mash-large mash-center mashsb-noshadow\" href=\"https:\/\/twitter.com\/intent\/tweet?text=&amp;url=https:\/\/www.zunoticia.com\/noticias-de-hidalgo\/2022\/11\/17\/desaparece-jornalero-que-se-fue-a-trabajar-al-corte\/\" target=\"_top\" rel=\"nofollow\"><span class=\"icon\"><\/span><span class=\"text\">Tweet<\/span><\/a><div class=\"onoffswitch2 mash-large mashsb-noshadow\" style=\"display:none\"><\/div><\/div>\n            <\/div>\n                <div style=\"clear:both\"><\/div><div class=\"mashsb-toggle-container\"><\/div><\/aside>\n            <!-- Share buttons by mashshare.net - Version: 4.0.47-->\n<p><em>Por Redacci\u00f3n\/Zunoticia<\/em><\/p>\n\n\n\n<p><strong>Atlapexco, Hgo. &#8211;<\/strong> Un jornalero originario de la localidad de Atlatipa Huitzotlaco, perteneciente a este municipio, quien se fue a trabajar al corte de frambuesa a Guadalajara, Jalisco, se encuentra en calidad de desaparecido.<\/p>\n\n\n\n<p>Se trata de Sabino de la Cruz Mart\u00ednez, de 47 a\u00f1os de edad, quien desde el pasado 12 de noviembre del a\u00f1o en curso no se sabe nada de \u00e9l, motivo por el cual sus familiares solicitan el apoyo de la poblaci\u00f3n para localizarlo.<\/p>\n\n\n\n<p>Esta persona presuntamente se fue con el contratista M\u00e1ximo Bautista Hern\u00e1ndez, mejor conocido como \u201cSim\u00f3n\u201d, de la comunidad de Huitzotlaco, sin embargo, no saben nada de su paradero, por lo que sus parientes temen por su integridad f\u00edsica.<\/p>\n\n\n\n<p>Por lo anterior, piden comunicarse con sus familiares, si alguien lo reconoce, toda vez que est\u00e1n muy preocupados por \u00e9l.<\/p>\n","protected":false},"excerpt":{"rendered":"<p>Por Redacci\u00f3n\/Zunoticia Atlapexco, Hgo. &#8211; Un jornalero originario de la localidad de Atlatipa Huitzotlaco, perteneciente a este municipio, quien se fue a trabajar al corte de frambuesa a Guadalajara, Jalisco, se encuentra en calidad de desaparecido. Se trata de Sabino de la Cruz Mart\u00ednez, de 47 a\u00f1os de edad, quien desde el pasado 12 de&hellip; <a class=\"more-link\" href=\"https:\/\/www.zunoticia.com\/noticias-de-hidalgo\/2022\/11\/17\/desaparece-jornalero-que-se-fue-a-trabajar-al-corte\/\">Seguir leyendo <span class=\"screen-reader-text\">Desaparece jornalero que se fue a trabajar al corte<\/span><\/a><\/p>\n","protected":false},"author":12,"featured_media":455221,"comment_status":"closed","ping_status":"open","sticky":false,"template":"","format":"standard","meta":{"rop_custom_images_group":[],"rop_custom_messages_group":[],"rop_publish_now":"initial","rop_publish_now_accounts":{"facebook_10159540855086992_322828327761733":""},"rop_publish_now_history":[],"rop_publish_now_status":"pending","footnotes":""},"categories":[182],"tags":[133],"class_list":["post-455220","post","type-post","status-publish","format-standard","has-post-thumbnail","hentry","category-atlapexco","tag-atlapexco","entry"],"_links":{"self":[{"href":"https:\/\/www.zunoticia.com\/noticias-de-hidalgo\/wp-json\/wp\/v2\/posts\/455220","targetHints":{"allow":["GET"]}}],"collection":[{"href":"https:\/\/www.zunoticia.com\/noticias-de-hidalgo\/wp-json\/wp\/v2\/posts"}],"about":[{"href":"https:\/\/www.zunoticia.com\/noticias-de-hidalgo\/wp-json\/wp\/v2\/types\/post"}],"author":[{"embeddable":true,"href":"https:\/\/www.zunoticia.com\/noticias-de-hidalgo\/wp-json\/wp\/v2\/users\/12"}],"replies":[{"embeddable":true,"href":"https:\/\/www.zunoticia.com\/noticias-de-hidalgo\/wp-json\/wp\/v2\/comments?post=455220"}],"version-history":[{"count":1,"href":"https:\/\/www.zunoticia.com\/noticias-de-hidalgo\/wp-json\/wp\/v2\/posts\/455220\/revisions"}],"predecessor-version":[{"id":455222,"href":"https:\/\/www.zunoticia.com\/noticias-de-hidalgo\/wp-json\/wp\/v2\/posts\/455220\/revisions\/455222"}],"wp:featuredmedia":[{"embeddable":true,"href":"https:\/\/www.zunoticia.com\/noticias-de-hidalgo\/wp-json\/wp\/v2\/media\/455221"}],"wp:attachment":[{"href":"https:\/\/www.zunoticia.com\/noticias-de-hidalgo\/wp-json\/wp\/v2\/media?parent=455220"}],"wp:term":[{"taxonomy":"category","embeddable":true,"href":"https:\/\/www.zunoticia.com\/noticias-de-hidalgo\/wp-json\/wp\/v2\/categories?post=455220"},{"taxonomy":"post_tag","embeddable":true,"href":"https:\/\/www.zunoticia.com\/noticias-de-hidalgo\/wp-json\/wp\/v2\/tags?post=455220"}],"curies":[{"name":"wp","href":"https:\/\/api.w.org\/{rel}","templated":true}]}}