{"id":455238,"date":"2022-11-17T17:42:19","date_gmt":"2022-11-17T23:42:19","guid":{"rendered":"https:\/\/www.zunoticia.com\/noticias-de-hidalgo\/?p=455238"},"modified":"2022-11-17T17:42:20","modified_gmt":"2022-11-17T23:42:20","slug":"va-alcaldesa-por-gestion-de-un-hospital-para-el-municipio","status":"publish","type":"post","link":"https:\/\/www.zunoticia.com\/noticias-de-hidalgo\/2022\/11\/17\/va-alcaldesa-por-gestion-de-un-hospital-para-el-municipio\/","title":{"rendered":"Va alcaldesa por gesti\u00f3n de un hospital para el municipio"},"content":{"rendered":"<aside class=\"mashsb-container mashsb-main mashsb-stretched\"><div class=\"mashsb-box\"><div class=\"mashsb-count mash-large\" style=\"float:left\"><div class=\"counts mashsbcount\">28<\/div><span class=\"mashsb-sharetext\">SHARES<\/span><\/div><div class=\"mashsb-buttons\"><a class=\"mashicon-facebook mash-large mash-center mashsb-noshadow\" href=\"https:\/\/www.facebook.com\/sharer.php?u=https%3A%2F%2Fwww.zunoticia.com%2Fnoticias-de-hidalgo%2F2022%2F11%2F17%2Fva-alcaldesa-por-gestion-de-un-hospital-para-el-municipio%2F\" target=\"_top\" rel=\"nofollow\"><span class=\"icon\"><\/span><span class=\"text\">Share<\/span><\/a><a class=\"mashicon-twitter mash-large mash-center mashsb-noshadow\" href=\"https:\/\/twitter.com\/intent\/tweet?text=&amp;url=https:\/\/www.zunoticia.com\/noticias-de-hidalgo\/2022\/11\/17\/va-alcaldesa-por-gestion-de-un-hospital-para-el-municipio\/\" target=\"_top\" rel=\"nofollow\"><span class=\"icon\"><\/span><span class=\"text\">Tweet<\/span><\/a><div class=\"onoffswitch2 mash-large mashsb-noshadow\" style=\"display:none\"><\/div><\/div>\n            <\/div>\n                <div style=\"clear:both\"><\/div><div class=\"mashsb-toggle-container\"><\/div><\/aside>\n            <!-- Share buttons by mashshare.net - Version: 4.0.47-->\n<p><em>Por \u00c1ngel Silverio\/Zunoticia<\/em><\/p>\n\n\n\n<p><strong>San Felipe Orizatl\u00e1n, Hgo. &#8211;<\/strong> &#8220;Todos los delegados est\u00e1n de acuerdo, que hagamos esa gesti\u00f3n ante el gobernador Julio Menchaca Salazar, desde que estaba como diputada local esa es una gesti\u00f3n que ya traemos desde hace mucho tiempo; nosotros la hemos fortalecido, sin embargo, no ha habido una respuesta favorable, pero confiamos en que el gobernador nos mire y vea la necesidad que se tiene&#8221;.<\/p>\n\n\n\n<p>As\u00ed se expres\u00f3 la alcaldesa Erika Saab Lara, quien, en entrevista con este medio, se\u00f1al\u00f3 que se ha venido presentando al gobernador del estado, la propuesta para construir un hospital en este municipio, pues es importante para salvar vidas de los orizatlenses y de los municipios aleda\u00f1os.<\/p>\n\n\n\n<p>&#8220;Nosotros tenemos mucha confianza, mucha fe en que el gobernador va a voltear a ver a San Felipe Orizatl\u00e1n y poder as\u00ed atender una de las prioridades m\u00e1s importantes como es la salud; somos un municipio grande, somos cabecera de distrito y lo que le pedimos es que se pueda construir y poner en operaci\u00f3n un hospital que hace mucha falta aqu\u00ed en Orizatl\u00e1n. No vamos a quitar el dedo del rengl\u00f3n, vamos a hacer llegar un escrito al gobernador con las firmas de todos los delegados porque as\u00ed me lo han pedido, han estado muy activos todos los delegados para pedir justamente eso, si algo no podemos dejar de atender es la salud&#8221; explic\u00f3.<\/p>\n\n\n\n<p>A\u00f1adi\u00f3 que hay comunidades como el Cerro que est\u00e1 a hora y media de la cabecera municipal, -&#8220;Tomando en cuenta eso, ir a Huejutla para ellos es complicado, estamos hablando de salvar vidas y creemos que el gobernador va a ser receptivo a esta petici\u00f3n&#8221;.<\/p>\n","protected":false},"excerpt":{"rendered":"<p>Por \u00c1ngel Silverio\/Zunoticia San Felipe Orizatl\u00e1n, Hgo. &#8211; &#8220;Todos los delegados est\u00e1n de acuerdo, que hagamos esa gesti\u00f3n ante el gobernador Julio Menchaca Salazar, desde que estaba como diputada local esa es una gesti\u00f3n que ya traemos desde hace mucho tiempo; nosotros la hemos fortalecido, sin embargo, no ha habido una respuesta favorable, pero confiamos&hellip; <a class=\"more-link\" href=\"https:\/\/www.zunoticia.com\/noticias-de-hidalgo\/2022\/11\/17\/va-alcaldesa-por-gestion-de-un-hospital-para-el-municipio\/\">Seguir leyendo <span class=\"screen-reader-text\">Va alcaldesa por gesti\u00f3n de un hospital para el municipio<\/span><\/a><\/p>\n","protected":false},"author":12,"featured_media":455239,"comment_status":"closed","ping_status":"open","sticky":false,"template":"","format":"standard","meta":{"rop_custom_images_group":[],"rop_custom_messages_group":[],"rop_publish_now":"initial","rop_publish_now_accounts":{"facebook_10159540855086992_322828327761733":""},"rop_publish_now_history":[],"rop_publish_now_status":"pending","footnotes":""},"categories":[180],"tags":[129],"class_list":["post-455238","post","type-post","status-publish","format-standard","has-post-thumbnail","hentry","category-orizatlan","tag-orizatlan","entry"],"_links":{"self":[{"href":"https:\/\/www.zunoticia.com\/noticias-de-hidalgo\/wp-json\/wp\/v2\/posts\/455238","targetHints":{"allow":["GET"]}}],"collection":[{"href":"https:\/\/www.zunoticia.com\/noticias-de-hidalgo\/wp-json\/wp\/v2\/posts"}],"about":[{"href":"https:\/\/www.zunoticia.com\/noticias-de-hidalgo\/wp-json\/wp\/v2\/types\/post"}],"author":[{"embeddable":true,"href":"https:\/\/www.zunoticia.com\/noticias-de-hidalgo\/wp-json\/wp\/v2\/users\/12"}],"replies":[{"embeddable":true,"href":"https:\/\/www.zunoticia.com\/noticias-de-hidalgo\/wp-json\/wp\/v2\/comments?post=455238"}],"version-history":[{"count":1,"href":"https:\/\/www.zunoticia.com\/noticias-de-hidalgo\/wp-json\/wp\/v2\/posts\/455238\/revisions"}],"predecessor-version":[{"id":455240,"href":"https:\/\/www.zunoticia.com\/noticias-de-hidalgo\/wp-json\/wp\/v2\/posts\/455238\/revisions\/455240"}],"wp:featuredmedia":[{"embeddable":true,"href":"https:\/\/www.zunoticia.com\/noticias-de-hidalgo\/wp-json\/wp\/v2\/media\/455239"}],"wp:attachment":[{"href":"https:\/\/www.zunoticia.com\/noticias-de-hidalgo\/wp-json\/wp\/v2\/media?parent=455238"}],"wp:term":[{"taxonomy":"category","embeddable":true,"href":"https:\/\/www.zunoticia.com\/noticias-de-hidalgo\/wp-json\/wp\/v2\/categories?post=455238"},{"taxonomy":"post_tag","embeddable":true,"href":"https:\/\/www.zunoticia.com\/noticias-de-hidalgo\/wp-json\/wp\/v2\/tags?post=455238"}],"curies":[{"name":"wp","href":"https:\/\/api.w.org\/{rel}","templated":true}]}}