{"id":455260,"date":"2022-11-17T18:51:08","date_gmt":"2022-11-18T00:51:08","guid":{"rendered":"https:\/\/www.zunoticia.com\/noticias-de-hidalgo\/?p=455260"},"modified":"2022-11-17T18:51:09","modified_gmt":"2022-11-18T00:51:09","slug":"sin-fecha-especifica-para-la-inauguracion-del-centro-cultural-de-las-huastecas-tania-meza","status":"publish","type":"post","link":"https:\/\/www.zunoticia.com\/noticias-de-hidalgo\/2022\/11\/17\/sin-fecha-especifica-para-la-inauguracion-del-centro-cultural-de-las-huastecas-tania-meza\/","title":{"rendered":"Sin fecha espec\u00edfica para la inauguraci\u00f3n del Centro Cultural de las Huastecas: Tania Meza"},"content":{"rendered":"<aside class=\"mashsb-container mashsb-main mashsb-stretched\"><div class=\"mashsb-box\"><div class=\"mashsb-count mash-large\" style=\"float:left\"><div class=\"counts mashsbcount\">14<\/div><span class=\"mashsb-sharetext\">SHARES<\/span><\/div><div class=\"mashsb-buttons\"><a class=\"mashicon-facebook mash-large mash-center mashsb-noshadow\" href=\"https:\/\/www.facebook.com\/sharer.php?u=https%3A%2F%2Fwww.zunoticia.com%2Fnoticias-de-hidalgo%2F2022%2F11%2F17%2Fsin-fecha-especifica-para-la-inauguracion-del-centro-cultural-de-las-huastecas-tania-meza%2F\" target=\"_top\" rel=\"nofollow\"><span class=\"icon\"><\/span><span class=\"text\">Share<\/span><\/a><a class=\"mashicon-twitter mash-large mash-center mashsb-noshadow\" href=\"https:\/\/twitter.com\/intent\/tweet?text=&amp;url=https:\/\/www.zunoticia.com\/noticias-de-hidalgo\/2022\/11\/17\/sin-fecha-especifica-para-la-inauguracion-del-centro-cultural-de-las-huastecas-tania-meza\/\" target=\"_top\" rel=\"nofollow\"><span class=\"icon\"><\/span><span class=\"text\">Tweet<\/span><\/a><div class=\"onoffswitch2 mash-large mashsb-noshadow\" style=\"display:none\"><\/div><\/div>\n            <\/div>\n                <div style=\"clear:both\"><\/div><div class=\"mashsb-toggle-container\"><\/div><\/aside>\n            <!-- Share buttons by mashshare.net - Version: 4.0.47-->\n<p><em>Por Salvador Altamirano\/Zunoticia<\/em><\/p>\n\n\n\n<p><strong>Huejutla, Hgo.-<\/strong> Entrevistada durante su reciente gira de trabajo en el municipio en torno a la inauguraci\u00f3n del Centro Cultural de las Huastecas, la Secretaria Estatal de Cultura, Tania Meza Escorsa, expres\u00f3 que no hay fecha espec\u00edfica.<\/p>\n\n\n\n<p>Explic\u00f3 que la apertura en el sexenio anterior estuvo en un proceso lento, arrancaba, no arrancaba, se arreglaba una parte u otra del edificio, y si se ofertan algunas capacitaciones y talleres, no est\u00e1 formalmente en operatividad.<\/p>\n\n\n\n<p>Coment\u00f3 que esperan que con el presupuesto 2023 que aprobar\u00e1 el Congreso del Estado puedan llevar a cabo la inauguraci\u00f3n formal, por lo que est\u00e1n trabajando de manera conjunta con el Ayuntamiento.<\/p>\n\n\n\n<figure class=\"wp-block-image size-large\"><img fetchpriority=\"high\" decoding=\"async\" width=\"1024\" height=\"576\" src=\"https:\/\/www.zunoticia.com\/noticias-de-hidalgo\/wp-content\/uploads\/2022\/11\/eZy-Watermark-17-11-2022-06-39-11p.m.-1024x576.jpg\" alt=\"\" class=\"wp-image-455256\" srcset=\"https:\/\/www.zunoticia.com\/noticias-de-hidalgo\/wp-content\/uploads\/2022\/11\/eZy-Watermark-17-11-2022-06-39-11p.m.-1024x576.jpg 1024w, https:\/\/www.zunoticia.com\/noticias-de-hidalgo\/wp-content\/uploads\/2022\/11\/eZy-Watermark-17-11-2022-06-39-11p.m.-300x169.jpg 300w, https:\/\/www.zunoticia.com\/noticias-de-hidalgo\/wp-content\/uploads\/2022\/11\/eZy-Watermark-17-11-2022-06-39-11p.m.-768x432.jpg 768w, https:\/\/www.zunoticia.com\/noticias-de-hidalgo\/wp-content\/uploads\/2022\/11\/eZy-Watermark-17-11-2022-06-39-11p.m..jpg 1280w\" sizes=\"(max-width: 1024px) 100vw, 1024px\" \/><\/figure>\n\n\n\n<p>A pregunta formulada, la titular de la dependencia estatal de cultura explic\u00f3 que el proyecto de la &#8220;Casa Blanca&#8221; est\u00e1 enfocado en general a los derechos de los pueblos ind\u00edgenas, de los cuales el m\u00e1s representativo es el cultural.<\/p>\n\n\n\n<p>Pero no exclusivo -aclar\u00f3-, o sea, que no solamente ser\u00e1 de la Secretar\u00eda de Cultura, sino que incluir\u00e1n Educaci\u00f3n, Lenguas y Migraci\u00f3n, y todo lo que tenga que ver con los pueblos ind\u00edgenas.<\/p>\n","protected":false},"excerpt":{"rendered":"<p>Por Salvador Altamirano\/Zunoticia Huejutla, Hgo.- Entrevistada durante su reciente gira de trabajo en el municipio en torno a la inauguraci\u00f3n del Centro Cultural de las Huastecas, la Secretaria Estatal de Cultura, Tania Meza Escorsa, expres\u00f3 que no hay fecha espec\u00edfica. Explic\u00f3 que la apertura en el sexenio anterior estuvo en un proceso lento, arrancaba, no&hellip; <a class=\"more-link\" href=\"https:\/\/www.zunoticia.com\/noticias-de-hidalgo\/2022\/11\/17\/sin-fecha-especifica-para-la-inauguracion-del-centro-cultural-de-las-huastecas-tania-meza\/\">Seguir leyendo <span class=\"screen-reader-text\">Sin fecha espec\u00edfica para la inauguraci\u00f3n del Centro Cultural de las Huastecas: Tania Meza<\/span><\/a><\/p>\n","protected":false},"author":12,"featured_media":455255,"comment_status":"closed","ping_status":"open","sticky":false,"template":"","format":"standard","meta":{"rop_custom_images_group":[],"rop_custom_messages_group":[],"rop_publish_now":"initial","rop_publish_now_accounts":{"facebook_10159540855086992_322828327761733":""},"rop_publish_now_history":[],"rop_publish_now_status":"pending","footnotes":""},"categories":[1],"tags":[121],"class_list":["post-455260","post","type-post","status-publish","format-standard","has-post-thumbnail","hentry","category-sin-categoria","tag-huejutla","entry"],"_links":{"self":[{"href":"https:\/\/www.zunoticia.com\/noticias-de-hidalgo\/wp-json\/wp\/v2\/posts\/455260","targetHints":{"allow":["GET"]}}],"collection":[{"href":"https:\/\/www.zunoticia.com\/noticias-de-hidalgo\/wp-json\/wp\/v2\/posts"}],"about":[{"href":"https:\/\/www.zunoticia.com\/noticias-de-hidalgo\/wp-json\/wp\/v2\/types\/post"}],"author":[{"embeddable":true,"href":"https:\/\/www.zunoticia.com\/noticias-de-hidalgo\/wp-json\/wp\/v2\/users\/12"}],"replies":[{"embeddable":true,"href":"https:\/\/www.zunoticia.com\/noticias-de-hidalgo\/wp-json\/wp\/v2\/comments?post=455260"}],"version-history":[{"count":1,"href":"https:\/\/www.zunoticia.com\/noticias-de-hidalgo\/wp-json\/wp\/v2\/posts\/455260\/revisions"}],"predecessor-version":[{"id":455263,"href":"https:\/\/www.zunoticia.com\/noticias-de-hidalgo\/wp-json\/wp\/v2\/posts\/455260\/revisions\/455263"}],"wp:featuredmedia":[{"embeddable":true,"href":"https:\/\/www.zunoticia.com\/noticias-de-hidalgo\/wp-json\/wp\/v2\/media\/455255"}],"wp:attachment":[{"href":"https:\/\/www.zunoticia.com\/noticias-de-hidalgo\/wp-json\/wp\/v2\/media?parent=455260"}],"wp:term":[{"taxonomy":"category","embeddable":true,"href":"https:\/\/www.zunoticia.com\/noticias-de-hidalgo\/wp-json\/wp\/v2\/categories?post=455260"},{"taxonomy":"post_tag","embeddable":true,"href":"https:\/\/www.zunoticia.com\/noticias-de-hidalgo\/wp-json\/wp\/v2\/tags?post=455260"}],"curies":[{"name":"wp","href":"https:\/\/api.w.org\/{rel}","templated":true}]}}