{"id":455268,"date":"2022-11-17T19:32:11","date_gmt":"2022-11-18T01:32:11","guid":{"rendered":"https:\/\/www.zunoticia.com\/noticias-de-hidalgo\/?p=455268"},"modified":"2022-11-17T19:32:56","modified_gmt":"2022-11-18T01:32:56","slug":"se-da-contestacion-a-dictamen-realizado-por-profepa","status":"publish","type":"post","link":"https:\/\/www.zunoticia.com\/noticias-de-hidalgo\/2022\/11\/17\/se-da-contestacion-a-dictamen-realizado-por-profepa\/","title":{"rendered":"Se da contestaci\u00f3n a dictamen realizado por PROFEPA"},"content":{"rendered":"<aside class=\"mashsb-container mashsb-main mashsb-stretched\"><div class=\"mashsb-box\"><div class=\"mashsb-count mash-large\" style=\"float:left\"><div class=\"counts mashsbcount\">42<\/div><span class=\"mashsb-sharetext\">SHARES<\/span><\/div><div class=\"mashsb-buttons\"><a class=\"mashicon-facebook mash-large mash-center mashsb-noshadow\" href=\"https:\/\/www.facebook.com\/sharer.php?u=https%3A%2F%2Fwww.zunoticia.com%2Fnoticias-de-hidalgo%2F2022%2F11%2F17%2Fse-da-contestacion-a-dictamen-realizado-por-profepa%2F\" target=\"_top\" rel=\"nofollow\"><span class=\"icon\"><\/span><span class=\"text\">Share<\/span><\/a><a class=\"mashicon-twitter mash-large mash-center mashsb-noshadow\" href=\"https:\/\/twitter.com\/intent\/tweet?text=&amp;url=https:\/\/www.zunoticia.com\/noticias-de-hidalgo\/2022\/11\/17\/se-da-contestacion-a-dictamen-realizado-por-profepa\/\" target=\"_top\" rel=\"nofollow\"><span class=\"icon\"><\/span><span class=\"text\">Tweet<\/span><\/a><div class=\"onoffswitch2 mash-large mashsb-noshadow\" style=\"display:none\"><\/div><\/div>\n            <\/div>\n                <div style=\"clear:both\"><\/div><div class=\"mashsb-toggle-container\"><\/div><\/aside>\n            <!-- Share buttons by mashshare.net - Version: 4.0.47-->\n<p><em>Por Pedro Luciano\/Zunoticia<\/em><\/p>\n\n\n\n<p><strong>Atlapexco, Hgo.-<\/strong> Despu\u00e9s de la visita de los peritos de la Procuradur\u00eda Federal de la Protecci\u00f3n al Medio Ambiente al municipio, luego de interponer la denuncia ciudadana ante este organismo, con el fin de denunciar las acciones de los ejidos de Tecolotita y Ley Agraria 6 de Enero, sobre la afectaci\u00f3n al r\u00edo Atlapexco, se concluy\u00f3 que no hay afectaciones a este manto acu\u00edfero, lo cual no est\u00e1 apegado a la realidad, dijeron.<\/p>\n\n\n\n<p>Lo anterior afirmado por el Lic. Dar\u00edo de Jes\u00fas Salazar representante del grupo ciudadano para la protecci\u00f3n de este manto acu\u00edfero, comenta que, a pesar de dicho dictamen por parte del personal perteneciente a esta procuradur\u00eda, en donde manifiestan que no existe afectaci\u00f3n del manto acu\u00edfero por parte de pobladores de este ejido, existen testimonios, documentales en fotograf\u00eda y videos que demuestran la extracci\u00f3n de graba.<\/p>\n\n\n\n<p>Comparti\u00f3 de igual forma que esta circunstancia afecta en gran medida a toda la poblaci\u00f3n, pues, se ha bloqueado la entrada al p\u00fablico al r\u00edo Atlapexco con un port\u00f3n.<\/p>\n\n\n\n<p>Es por lo anterior se buscar\u00e1n las medidas legales necesarias para detener estos ataques y deterioros al r\u00edo Atlapexco, con el fin de prevenir que se contin\u00fae deteriorando, as\u00ed tambi\u00e9n se buscar\u00e1 el acercamiento con autoridades municipales para organizar las estrategias&nbsp;m\u00e1s&nbsp;adecuadas.<\/p>\n","protected":false},"excerpt":{"rendered":"<p>Por Pedro Luciano\/Zunoticia Atlapexco, Hgo.- Despu\u00e9s de la visita de los peritos de la Procuradur\u00eda Federal de la Protecci\u00f3n al Medio Ambiente al municipio, luego de interponer la denuncia ciudadana ante este organismo, con el fin de denunciar las acciones de los ejidos de Tecolotita y Ley Agraria 6 de Enero, sobre la afectaci\u00f3n al&hellip; <a class=\"more-link\" href=\"https:\/\/www.zunoticia.com\/noticias-de-hidalgo\/2022\/11\/17\/se-da-contestacion-a-dictamen-realizado-por-profepa\/\">Seguir leyendo <span class=\"screen-reader-text\">Se da contestaci\u00f3n a dictamen realizado por PROFEPA<\/span><\/a><\/p>\n","protected":false},"author":12,"featured_media":455248,"comment_status":"closed","ping_status":"open","sticky":false,"template":"","format":"standard","meta":{"rop_custom_images_group":[],"rop_custom_messages_group":[],"rop_publish_now":"initial","rop_publish_now_accounts":{"facebook_10159540855086992_322828327761733":""},"rop_publish_now_history":[],"rop_publish_now_status":"pending","footnotes":""},"categories":[182],"tags":[133],"class_list":["post-455268","post","type-post","status-publish","format-standard","has-post-thumbnail","hentry","category-atlapexco","tag-atlapexco","entry"],"_links":{"self":[{"href":"https:\/\/www.zunoticia.com\/noticias-de-hidalgo\/wp-json\/wp\/v2\/posts\/455268","targetHints":{"allow":["GET"]}}],"collection":[{"href":"https:\/\/www.zunoticia.com\/noticias-de-hidalgo\/wp-json\/wp\/v2\/posts"}],"about":[{"href":"https:\/\/www.zunoticia.com\/noticias-de-hidalgo\/wp-json\/wp\/v2\/types\/post"}],"author":[{"embeddable":true,"href":"https:\/\/www.zunoticia.com\/noticias-de-hidalgo\/wp-json\/wp\/v2\/users\/12"}],"replies":[{"embeddable":true,"href":"https:\/\/www.zunoticia.com\/noticias-de-hidalgo\/wp-json\/wp\/v2\/comments?post=455268"}],"version-history":[{"count":1,"href":"https:\/\/www.zunoticia.com\/noticias-de-hidalgo\/wp-json\/wp\/v2\/posts\/455268\/revisions"}],"predecessor-version":[{"id":455270,"href":"https:\/\/www.zunoticia.com\/noticias-de-hidalgo\/wp-json\/wp\/v2\/posts\/455268\/revisions\/455270"}],"wp:featuredmedia":[{"embeddable":true,"href":"https:\/\/www.zunoticia.com\/noticias-de-hidalgo\/wp-json\/wp\/v2\/media\/455248"}],"wp:attachment":[{"href":"https:\/\/www.zunoticia.com\/noticias-de-hidalgo\/wp-json\/wp\/v2\/media?parent=455268"}],"wp:term":[{"taxonomy":"category","embeddable":true,"href":"https:\/\/www.zunoticia.com\/noticias-de-hidalgo\/wp-json\/wp\/v2\/categories?post=455268"},{"taxonomy":"post_tag","embeddable":true,"href":"https:\/\/www.zunoticia.com\/noticias-de-hidalgo\/wp-json\/wp\/v2\/tags?post=455268"}],"curies":[{"name":"wp","href":"https:\/\/api.w.org\/{rel}","templated":true}]}}