{"id":455269,"date":"2022-11-17T19:34:00","date_gmt":"2022-11-18T01:34:00","guid":{"rendered":"https:\/\/www.zunoticia.com\/noticias-de-hidalgo\/?p=455269"},"modified":"2022-11-17T19:34:04","modified_gmt":"2022-11-18T01:34:04","slug":"herida-al-caer-combi-a-barranco","status":"publish","type":"post","link":"https:\/\/www.zunoticia.com\/noticias-de-hidalgo\/2022\/11\/17\/herida-al-caer-combi-a-barranco\/","title":{"rendered":"Herida al caer combi a barranco"},"content":{"rendered":"<aside class=\"mashsb-container mashsb-main mashsb-stretched\"><div class=\"mashsb-box\"><div class=\"mashsb-count mash-large\" style=\"float:left\"><div class=\"counts mashsbcount\">36<\/div><span class=\"mashsb-sharetext\">SHARES<\/span><\/div><div class=\"mashsb-buttons\"><a class=\"mashicon-facebook mash-large mash-center mashsb-noshadow\" href=\"https:\/\/www.facebook.com\/sharer.php?u=https%3A%2F%2Fwww.zunoticia.com%2Fnoticias-de-hidalgo%2F2022%2F11%2F17%2Fherida-al-caer-combi-a-barranco%2F\" target=\"_top\" rel=\"nofollow\"><span class=\"icon\"><\/span><span class=\"text\">Share<\/span><\/a><a class=\"mashicon-twitter mash-large mash-center mashsb-noshadow\" href=\"https:\/\/twitter.com\/intent\/tweet?text=&amp;url=https:\/\/www.zunoticia.com\/noticias-de-hidalgo\/2022\/11\/17\/herida-al-caer-combi-a-barranco\/\" target=\"_top\" rel=\"nofollow\"><span class=\"icon\"><\/span><span class=\"text\">Tweet<\/span><\/a><div class=\"onoffswitch2 mash-large mashsb-noshadow\" style=\"display:none\"><\/div><\/div>\n            <\/div>\n                <div style=\"clear:both\"><\/div><div class=\"mashsb-toggle-container\"><\/div><\/aside>\n            <!-- Share buttons by mashshare.net - Version: 4.0.47-->\n<p><em>Por Redacci\u00f3n\/Zunoticia<\/em><\/p>\n\n\n\n<p><strong>Atlapexco, Hgo.-<\/strong> Fuerte accidente se suscit\u00f3 luego de que un veh\u00edculo particular que era tripulado por dos personas terminara en el fondo de un barranco.<\/p>\n\n\n\n<p>Los hechos ocurrieron durante el transcurso del jueves sobre la carretera \u00c1lamo \u2013 Tamazunchale, metros antes de la entrada a la comunidad de Tecacahuaco perteneciente al municipio de Atlapexco, cuando fue reportado un fuerte accidente, en el que mencionaban que una unidad tipo combi color blanco hab\u00eda sufrido una salida de camino para terminar en el fondo de un barranco de varios metros de profundidad.<\/p>\n\n\n\n<figure class=\"wp-block-image size-full\"><img fetchpriority=\"high\" decoding=\"async\" width=\"738\" height=\"808\" src=\"https:\/\/www.zunoticia.com\/noticias-de-hidalgo\/wp-content\/uploads\/2022\/11\/Imagen-de-WhatsApp-2022-11-17-a-las-17.59.48.jpg\" alt=\"\" class=\"wp-image-455258\" srcset=\"https:\/\/www.zunoticia.com\/noticias-de-hidalgo\/wp-content\/uploads\/2022\/11\/Imagen-de-WhatsApp-2022-11-17-a-las-17.59.48.jpg 738w, https:\/\/www.zunoticia.com\/noticias-de-hidalgo\/wp-content\/uploads\/2022\/11\/Imagen-de-WhatsApp-2022-11-17-a-las-17.59.48-274x300.jpg 274w\" sizes=\"(max-width: 738px) 100vw, 738px\" \/><\/figure>\n\n\n\n<p>El conductor, quien result\u00f3 ileso, logr\u00f3 subir a la v\u00eda para pedir el auxilio correspondiente, as\u00ed mismo mencion\u00f3 que una persona del sexo femenino se encontraba herida en el interior del veh\u00edculo, por lo que requer\u00eda recibir atenci\u00f3n m\u00e9dica especializada, por lo que cuerpos de emergencia se trasladaron al lugar para tomar conocimiento, as\u00ed mismo se presume que el conductor perdi\u00f3 el control por exceso de velocidad, de igual manera m\u00e1s tarde una gr\u00faa arrib\u00f3 para remolcar la unidad que contaba con cuantiosos da\u00f1os materiales.<\/p>\n","protected":false},"excerpt":{"rendered":"<p>Por Redacci\u00f3n\/Zunoticia Atlapexco, Hgo.- Fuerte accidente se suscit\u00f3 luego de que un veh\u00edculo particular que era tripulado por dos personas terminara en el fondo de un barranco. Los hechos ocurrieron durante el transcurso del jueves sobre la carretera \u00c1lamo \u2013 Tamazunchale, metros antes de la entrada a la comunidad de Tecacahuaco perteneciente al municipio de&hellip; <a class=\"more-link\" href=\"https:\/\/www.zunoticia.com\/noticias-de-hidalgo\/2022\/11\/17\/herida-al-caer-combi-a-barranco\/\">Seguir leyendo <span class=\"screen-reader-text\">Herida al caer combi a barranco<\/span><\/a><\/p>\n","protected":false},"author":12,"featured_media":455259,"comment_status":"closed","ping_status":"open","sticky":false,"template":"","format":"standard","meta":{"rop_custom_images_group":[],"rop_custom_messages_group":[],"rop_publish_now":"initial","rop_publish_now_accounts":{"facebook_10159540855086992_322828327761733":""},"rop_publish_now_history":[],"rop_publish_now_status":"pending","footnotes":""},"categories":[178],"tags":[259],"class_list":["post-455269","post","type-post","status-publish","format-standard","has-post-thumbnail","hentry","category-policiaca","tag-policiaca","entry"],"_links":{"self":[{"href":"https:\/\/www.zunoticia.com\/noticias-de-hidalgo\/wp-json\/wp\/v2\/posts\/455269","targetHints":{"allow":["GET"]}}],"collection":[{"href":"https:\/\/www.zunoticia.com\/noticias-de-hidalgo\/wp-json\/wp\/v2\/posts"}],"about":[{"href":"https:\/\/www.zunoticia.com\/noticias-de-hidalgo\/wp-json\/wp\/v2\/types\/post"}],"author":[{"embeddable":true,"href":"https:\/\/www.zunoticia.com\/noticias-de-hidalgo\/wp-json\/wp\/v2\/users\/12"}],"replies":[{"embeddable":true,"href":"https:\/\/www.zunoticia.com\/noticias-de-hidalgo\/wp-json\/wp\/v2\/comments?post=455269"}],"version-history":[{"count":1,"href":"https:\/\/www.zunoticia.com\/noticias-de-hidalgo\/wp-json\/wp\/v2\/posts\/455269\/revisions"}],"predecessor-version":[{"id":455272,"href":"https:\/\/www.zunoticia.com\/noticias-de-hidalgo\/wp-json\/wp\/v2\/posts\/455269\/revisions\/455272"}],"wp:featuredmedia":[{"embeddable":true,"href":"https:\/\/www.zunoticia.com\/noticias-de-hidalgo\/wp-json\/wp\/v2\/media\/455259"}],"wp:attachment":[{"href":"https:\/\/www.zunoticia.com\/noticias-de-hidalgo\/wp-json\/wp\/v2\/media?parent=455269"}],"wp:term":[{"taxonomy":"category","embeddable":true,"href":"https:\/\/www.zunoticia.com\/noticias-de-hidalgo\/wp-json\/wp\/v2\/categories?post=455269"},{"taxonomy":"post_tag","embeddable":true,"href":"https:\/\/www.zunoticia.com\/noticias-de-hidalgo\/wp-json\/wp\/v2\/tags?post=455269"}],"curies":[{"name":"wp","href":"https:\/\/api.w.org\/{rel}","templated":true}]}}