{"id":455274,"date":"2022-11-17T19:41:51","date_gmt":"2022-11-18T01:41:51","guid":{"rendered":"https:\/\/www.zunoticia.com\/noticias-de-hidalgo\/?p=455274"},"modified":"2022-11-17T19:41:52","modified_gmt":"2022-11-18T01:41:52","slug":"donan-cabello-para-ninas-con-cancer","status":"publish","type":"post","link":"https:\/\/www.zunoticia.com\/noticias-de-hidalgo\/2022\/11\/17\/donan-cabello-para-ninas-con-cancer\/","title":{"rendered":"Donan cabello para ni\u00f1as con c\u00e1ncer"},"content":{"rendered":"<aside class=\"mashsb-container mashsb-main mashsb-stretched\"><div class=\"mashsb-box\"><div class=\"mashsb-count mash-large\" style=\"float:left\"><div class=\"counts mashsbcount\">21<\/div><span class=\"mashsb-sharetext\">SHARES<\/span><\/div><div class=\"mashsb-buttons\"><a class=\"mashicon-facebook mash-large mash-center mashsb-noshadow\" href=\"https:\/\/www.facebook.com\/sharer.php?u=https%3A%2F%2Fwww.zunoticia.com%2Fnoticias-de-hidalgo%2F2022%2F11%2F17%2Fdonan-cabello-para-ninas-con-cancer%2F\" target=\"_top\" rel=\"nofollow\"><span class=\"icon\"><\/span><span class=\"text\">Share<\/span><\/a><a class=\"mashicon-twitter mash-large mash-center mashsb-noshadow\" href=\"https:\/\/twitter.com\/intent\/tweet?text=&amp;url=https:\/\/www.zunoticia.com\/noticias-de-hidalgo\/2022\/11\/17\/donan-cabello-para-ninas-con-cancer\/\" target=\"_top\" rel=\"nofollow\"><span class=\"icon\"><\/span><span class=\"text\">Tweet<\/span><\/a><div class=\"onoffswitch2 mash-large mashsb-noshadow\" style=\"display:none\"><\/div><\/div>\n            <\/div>\n                <div style=\"clear:both\"><\/div><div class=\"mashsb-toggle-container\"><\/div><\/aside>\n            <!-- Share buttons by mashshare.net - Version: 4.0.47-->\n<p><em>Por Pedro Luciano\/Zunoticia<\/em><\/p>\n\n\n\n<p><strong>Tlanchinol, Hgo.-<\/strong> Fundaci\u00f3n Telet\u00f3n M\u00e9xico, a trav\u00e9s del Centro de Rehabilitaci\u00f3n \u00c1ngeles de Mar\u00eda ubicado en esta cabecera municipal, recibieron donativos de trenzas de cabello, mismas que fueron enviadas a la F\u00e1brica de Pelucas Oncol\u00f3gicas de dicha instituci\u00f3n.<\/p>\n\n\n\n<p>\u00c1ngeles de Mar\u00eda es un centro privado de rehabilitaci\u00f3n integral que se ha sumado a diversas causas sociales. Actualmente mantiene una alianza solidaria con el CRIT Hidalgo.<\/p>\n\n\n\n<p>Jes\u00fas Ruano, fisioterapeuta del CRAM, detall\u00f3 que las personas que deseen participar donando su cabello pueden acudir al centro de rehabilitaci\u00f3n ubicado a 50 m de la escuela primaria Justo Sierra, cualquier d\u00eda del a\u00f1o; siempre y cuando cumplan con los siguientes requisitos: cabello limpio y seco a la hora del corte, sin decoloraci\u00f3n (pueden haber sido te\u00f1idos), y una longitud m\u00ednima de trenza de 25 cm.<\/p>\n\n\n\n<p>Al respecto, la Titular del Voluntariado del CRIT Hidalgo, Fabiola Franco, agradeci\u00f3 a las y los tlanchinolenses que sumaron a apoyar esta causa, as\u00ed como el apoyo de la estilista profesional Rosy Mart\u00ednez, quien realiz\u00f3 de manera gratuita el corte de cabello a las y los donadores.<\/p>\n\n\n\n<p>Durante el evento de recaudaci\u00f3n se cont\u00f3 con la presencia de &#8220;Yol\u00edn&#8221;, la mascota oficial del Telet\u00f3n, quien entreg\u00f3 certificados de agradecimiento expedidos por la fundaci\u00f3n a todas y todos los&nbsp;participantes.<\/p>\n","protected":false},"excerpt":{"rendered":"<p>Por Pedro Luciano\/Zunoticia Tlanchinol, Hgo.- Fundaci\u00f3n Telet\u00f3n M\u00e9xico, a trav\u00e9s del Centro de Rehabilitaci\u00f3n \u00c1ngeles de Mar\u00eda ubicado en esta cabecera municipal, recibieron donativos de trenzas de cabello, mismas que fueron enviadas a la F\u00e1brica de Pelucas Oncol\u00f3gicas de dicha instituci\u00f3n. \u00c1ngeles de Mar\u00eda es un centro privado de rehabilitaci\u00f3n integral que se ha sumado&hellip; <a class=\"more-link\" href=\"https:\/\/www.zunoticia.com\/noticias-de-hidalgo\/2022\/11\/17\/donan-cabello-para-ninas-con-cancer\/\">Seguir leyendo <span class=\"screen-reader-text\">Donan cabello para ni\u00f1as con c\u00e1ncer<\/span><\/a><\/p>\n","protected":false},"author":12,"featured_media":455253,"comment_status":"closed","ping_status":"open","sticky":false,"template":"","format":"standard","meta":{"rop_custom_images_group":[],"rop_custom_messages_group":[],"rop_publish_now":"initial","rop_publish_now_accounts":{"facebook_10159540855086992_322828327761733":""},"rop_publish_now_history":[],"rop_publish_now_status":"pending","footnotes":""},"categories":[219,201],"tags":[127],"class_list":["post-455274","post","type-post","status-publish","format-standard","has-post-thumbnail","hentry","category-sierra","category-tlanchinol","tag-tlanchinol","entry"],"_links":{"self":[{"href":"https:\/\/www.zunoticia.com\/noticias-de-hidalgo\/wp-json\/wp\/v2\/posts\/455274","targetHints":{"allow":["GET"]}}],"collection":[{"href":"https:\/\/www.zunoticia.com\/noticias-de-hidalgo\/wp-json\/wp\/v2\/posts"}],"about":[{"href":"https:\/\/www.zunoticia.com\/noticias-de-hidalgo\/wp-json\/wp\/v2\/types\/post"}],"author":[{"embeddable":true,"href":"https:\/\/www.zunoticia.com\/noticias-de-hidalgo\/wp-json\/wp\/v2\/users\/12"}],"replies":[{"embeddable":true,"href":"https:\/\/www.zunoticia.com\/noticias-de-hidalgo\/wp-json\/wp\/v2\/comments?post=455274"}],"version-history":[{"count":1,"href":"https:\/\/www.zunoticia.com\/noticias-de-hidalgo\/wp-json\/wp\/v2\/posts\/455274\/revisions"}],"predecessor-version":[{"id":455277,"href":"https:\/\/www.zunoticia.com\/noticias-de-hidalgo\/wp-json\/wp\/v2\/posts\/455274\/revisions\/455277"}],"wp:featuredmedia":[{"embeddable":true,"href":"https:\/\/www.zunoticia.com\/noticias-de-hidalgo\/wp-json\/wp\/v2\/media\/455253"}],"wp:attachment":[{"href":"https:\/\/www.zunoticia.com\/noticias-de-hidalgo\/wp-json\/wp\/v2\/media?parent=455274"}],"wp:term":[{"taxonomy":"category","embeddable":true,"href":"https:\/\/www.zunoticia.com\/noticias-de-hidalgo\/wp-json\/wp\/v2\/categories?post=455274"},{"taxonomy":"post_tag","embeddable":true,"href":"https:\/\/www.zunoticia.com\/noticias-de-hidalgo\/wp-json\/wp\/v2\/tags?post=455274"}],"curies":[{"name":"wp","href":"https:\/\/api.w.org\/{rel}","templated":true}]}}