{"id":455275,"date":"2022-11-17T19:36:50","date_gmt":"2022-11-18T01:36:50","guid":{"rendered":"https:\/\/www.zunoticia.com\/noticias-de-hidalgo\/?p=455275"},"modified":"2022-11-17T19:36:51","modified_gmt":"2022-11-18T01:36:51","slug":"en-labor-social-y-tratamiento-psicologico-alumnos-del-cecyteh-inmiscuidos-en-altercado","status":"publish","type":"post","link":"https:\/\/www.zunoticia.com\/noticias-de-hidalgo\/2022\/11\/17\/en-labor-social-y-tratamiento-psicologico-alumnos-del-cecyteh-inmiscuidos-en-altercado\/","title":{"rendered":"En labor social y tratamiento psicol\u00f3gico alumnos del CECyTEH inmiscuidos en altercado"},"content":{"rendered":"<aside class=\"mashsb-container mashsb-main mashsb-stretched\"><div class=\"mashsb-box\"><div class=\"mashsb-count mash-large\" style=\"float:left\"><div class=\"counts mashsbcount\">14<\/div><span class=\"mashsb-sharetext\">SHARES<\/span><\/div><div class=\"mashsb-buttons\"><a class=\"mashicon-facebook mash-large mash-center mashsb-noshadow\" href=\"https:\/\/www.facebook.com\/sharer.php?u=https%3A%2F%2Fwww.zunoticia.com%2Fnoticias-de-hidalgo%2F2022%2F11%2F17%2Fen-labor-social-y-tratamiento-psicologico-alumnos-del-cecyteh-inmiscuidos-en-altercado%2F\" target=\"_top\" rel=\"nofollow\"><span class=\"icon\"><\/span><span class=\"text\">Share<\/span><\/a><a class=\"mashicon-twitter mash-large mash-center mashsb-noshadow\" href=\"https:\/\/twitter.com\/intent\/tweet?text=&amp;url=https:\/\/www.zunoticia.com\/noticias-de-hidalgo\/2022\/11\/17\/en-labor-social-y-tratamiento-psicologico-alumnos-del-cecyteh-inmiscuidos-en-altercado\/\" target=\"_top\" rel=\"nofollow\"><span class=\"icon\"><\/span><span class=\"text\">Tweet<\/span><\/a><div class=\"onoffswitch2 mash-large mashsb-noshadow\" style=\"display:none\"><\/div><\/div>\n            <\/div>\n                <div style=\"clear:both\"><\/div><div class=\"mashsb-toggle-container\"><\/div><\/aside>\n            <!-- Share buttons by mashshare.net - Version: 4.0.47-->\n<p><em>Por Salvador Altamirano\/Zunoticia<\/em><\/p>\n\n\n\n<p><strong>Huejutla, Hgo.-<\/strong> Entrevistada respecto a una pelea que en fecha reciente protagonizaron en la v\u00eda p\u00fablica y que fue subida a las redes sociales, de dos alumnas del &#8220;Colegio de Estudios Cient\u00edficos y Tecnol\u00f3gicos del Estado de Hidalgo (CECyTEH), plantel Huejutla, la directora de la instituci\u00f3n, Maira Orta Hern\u00e1ndez, expres\u00f3 que lamentan y les apena esa situaci\u00f3n.<\/p>\n\n\n\n<p>Agreg\u00f3 que el personal docente siempre est\u00e1 apoyando, orientando y llevando a cabo talleres con los alumnos, que permitan fortalecer los valores y no se den este tipo de conductas, pero les es imposible cuidar a los j\u00f3venes cuando ya est\u00e1n fuera de la instituci\u00f3n.<\/p>\n\n\n\n<p>Por tal motivo, exhort\u00f3 a los padres de familia a que haya un acercamiento para que los apoyen en cuidar y vigilar a sus hijos en horario de entrada y salida, \u201cporque no es nada m\u00e1s responsabilidad de nosotros, sino tambi\u00e9n de ellos de estar cerca de los estudiantes\u201d, expres\u00f3 la directora del plantel.<\/p>\n\n\n\n<p>A pregunta expresa, refiri\u00f3 que a los alumnos que participaron en el altercado, peleando, motivando y filmando, ya se les aplic\u00f3 el reglamento, por lo que unos est\u00e1n realizando labor social dentro del plantel y las protagonistas est\u00e1n en tratamiento psicol\u00f3gico en sus hogares.<\/p>\n\n\n\n<p>Para finalizar enfatiz\u00f3 la directora que, \u201clas alumnas que se pelearon, no obstante que lo indica el reglamento institucional, no fueron expulsadas como tal, ya que lo que menos queremos es que los j\u00f3venes pierdan la oportunidad de seguir estudiando, pero si se les sancion\u00f3 fuertemente, para que recapaciten y no se vuelva a dar esta situaci\u00f3n ya que es un mal ejemplo para los dem\u00e1s\u201d.<\/p>\n","protected":false},"excerpt":{"rendered":"<p>Por Salvador Altamirano\/Zunoticia Huejutla, Hgo.- Entrevistada respecto a una pelea que en fecha reciente protagonizaron en la v\u00eda p\u00fablica y que fue subida a las redes sociales, de dos alumnas del &#8220;Colegio de Estudios Cient\u00edficos y Tecnol\u00f3gicos del Estado de Hidalgo (CECyTEH), plantel Huejutla, la directora de la instituci\u00f3n, Maira Orta Hern\u00e1ndez, expres\u00f3 que lamentan&hellip; <a class=\"more-link\" href=\"https:\/\/www.zunoticia.com\/noticias-de-hidalgo\/2022\/11\/17\/en-labor-social-y-tratamiento-psicologico-alumnos-del-cecyteh-inmiscuidos-en-altercado\/\">Seguir leyendo <span class=\"screen-reader-text\">En labor social y tratamiento psicol\u00f3gico alumnos del CECyTEH inmiscuidos en altercado<\/span><\/a><\/p>\n","protected":false},"author":12,"featured_media":455252,"comment_status":"closed","ping_status":"open","sticky":false,"template":"","format":"standard","meta":{"rop_custom_images_group":[],"rop_custom_messages_group":[],"rop_publish_now":"initial","rop_publish_now_accounts":{"facebook_10159540855086992_322828327761733":""},"rop_publish_now_history":[],"rop_publish_now_status":"pending","footnotes":""},"categories":[181],"tags":[121],"class_list":["post-455275","post","type-post","status-publish","format-standard","has-post-thumbnail","hentry","category-huejutla","tag-huejutla","entry"],"_links":{"self":[{"href":"https:\/\/www.zunoticia.com\/noticias-de-hidalgo\/wp-json\/wp\/v2\/posts\/455275","targetHints":{"allow":["GET"]}}],"collection":[{"href":"https:\/\/www.zunoticia.com\/noticias-de-hidalgo\/wp-json\/wp\/v2\/posts"}],"about":[{"href":"https:\/\/www.zunoticia.com\/noticias-de-hidalgo\/wp-json\/wp\/v2\/types\/post"}],"author":[{"embeddable":true,"href":"https:\/\/www.zunoticia.com\/noticias-de-hidalgo\/wp-json\/wp\/v2\/users\/12"}],"replies":[{"embeddable":true,"href":"https:\/\/www.zunoticia.com\/noticias-de-hidalgo\/wp-json\/wp\/v2\/comments?post=455275"}],"version-history":[{"count":1,"href":"https:\/\/www.zunoticia.com\/noticias-de-hidalgo\/wp-json\/wp\/v2\/posts\/455275\/revisions"}],"predecessor-version":[{"id":455276,"href":"https:\/\/www.zunoticia.com\/noticias-de-hidalgo\/wp-json\/wp\/v2\/posts\/455275\/revisions\/455276"}],"wp:featuredmedia":[{"embeddable":true,"href":"https:\/\/www.zunoticia.com\/noticias-de-hidalgo\/wp-json\/wp\/v2\/media\/455252"}],"wp:attachment":[{"href":"https:\/\/www.zunoticia.com\/noticias-de-hidalgo\/wp-json\/wp\/v2\/media?parent=455275"}],"wp:term":[{"taxonomy":"category","embeddable":true,"href":"https:\/\/www.zunoticia.com\/noticias-de-hidalgo\/wp-json\/wp\/v2\/categories?post=455275"},{"taxonomy":"post_tag","embeddable":true,"href":"https:\/\/www.zunoticia.com\/noticias-de-hidalgo\/wp-json\/wp\/v2\/tags?post=455275"}],"curies":[{"name":"wp","href":"https:\/\/api.w.org\/{rel}","templated":true}]}}