{"id":455282,"date":"2022-11-17T19:50:36","date_gmt":"2022-11-18T01:50:36","guid":{"rendered":"https:\/\/www.zunoticia.com\/noticias-de-hidalgo\/?p=455282"},"modified":"2022-11-17T19:50:38","modified_gmt":"2022-11-18T01:50:38","slug":"espejeando-por-perseo-471","status":"publish","type":"post","link":"https:\/\/www.zunoticia.com\/noticias-de-hidalgo\/2022\/11\/17\/espejeando-por-perseo-471\/","title":{"rendered":"ESPEJEANDO por Perseo"},"content":{"rendered":"<aside class=\"mashsb-container mashsb-main mashsb-stretched\"><div class=\"mashsb-box\"><div class=\"mashsb-count mash-large\" style=\"float:left\"><div class=\"counts mashsbcount\">28<\/div><span class=\"mashsb-sharetext\">SHARES<\/span><\/div><div class=\"mashsb-buttons\"><a class=\"mashicon-facebook mash-large mash-center mashsb-noshadow\" href=\"https:\/\/www.facebook.com\/sharer.php?u=https%3A%2F%2Fwww.zunoticia.com%2Fnoticias-de-hidalgo%2F2022%2F11%2F17%2Fespejeando-por-perseo-471%2F\" target=\"_top\" rel=\"nofollow\"><span class=\"icon\"><\/span><span class=\"text\">Share<\/span><\/a><a class=\"mashicon-twitter mash-large mash-center mashsb-noshadow\" href=\"https:\/\/twitter.com\/intent\/tweet?text=&amp;url=https:\/\/www.zunoticia.com\/noticias-de-hidalgo\/2022\/11\/17\/espejeando-por-perseo-471\/\" target=\"_top\" rel=\"nofollow\"><span class=\"icon\"><\/span><span class=\"text\">Tweet<\/span><\/a><div class=\"onoffswitch2 mash-large mashsb-noshadow\" style=\"display:none\"><\/div><\/div>\n            <\/div>\n                <div style=\"clear:both\"><\/div><div class=\"mashsb-toggle-container\"><\/div><\/aside>\n            <!-- Share buttons by mashshare.net - Version: 4.0.47-->\n<p>\u2022 El deceso de una mujer tras caer de una unidad de transporte p\u00fablico en movimiento, es sin duda uno de los grandes temas que adem\u00e1s de la investigaci\u00f3n puntual de las autoridades investigadoras de justicia, deben dar respuesta a la sociedad.<\/p>\n\n\n\n<p>\u2022 Tambi\u00e9n la Secretar\u00eda de Movilidad&nbsp; del estado deber\u00eda comenzar a estudiar la posibilidad de incorporar dentro de la Ley de Movilidad, al Transporte Ind\u00edgena.<\/p>\n\n\n\n<p>\u2022 Para nadie es desconocido el descontrol con tantas rampas y rutas empadronadas en transporte ind\u00edgena, pero no reconocidas o concesionadas, es decir, no hay a\u00fan una formalidad legal que permita tener control de estas unidades que han estado por a\u00f1os fuera del registro estatal.<\/p>\n\n\n\n<p>\u2022 Aun se aprecian a j\u00f3venes en las puertas del transporte urbano y rural colgados tras salir de clases, solo hay que ir al Parque de Poblamiento y observar las unidades de este sector que llevan una gran responsabilidad al movilizar al estudiantado, y se puede apreciar &nbsp;tambi\u00e9n las puertas abiertas y j\u00f3venes colgando porque los choferes no quieren dejar a nadie, a\u00fan llenos, y su objetivo es llevar unos pesos de m\u00e1s a un riesgo muy alto.<\/p>\n\n\n\n<p>\u2022 As\u00ed mismo es el transporte rural con estudiantes colgados en la parte de atr\u00e1s de las camionetas estaquitas, cuyo conductor no tiene visibilidad en sus pasajeros por que el uso de una lona que es necesaria para el frio y el sol, no les permite apreciar ni comunicarse con sus clientes, los llevan atr\u00e1s con los ojos vendados pues no hay manera de que se enteren qu\u00e9 hacen sus pasajeros.<\/p>\n\n\n\n<p>\u2022 Urge en serio la regularizaci\u00f3n del transporte ind\u00edgena y usar los protocolos de protecci\u00f3n para el pasajero, no se puede tener un transporte sin regularizar, sin protocolos, mucho menos sin control, el tema tiene reglas claras y la urgencia es que la SEMOT haga lo necesario para meter en cintura a todos por igual, pues es&nbsp; sabido que estos accidentes, de buscar en el historial, habr\u00e1 de encontrarse con hechos lamentables que no debieron de suceder si se contara con una regulaci\u00f3n puntual.<\/p>\n\n\n\n<p>\u2022 &nbsp;En a\u00f1os anteriores Las unidades de la SEMOT en las regiones son para brindar informaci\u00f3n y alguna actividad operativamente hablando en materia de seguridad, estudio de la movilidad o reingenier\u00eda de control y servicio a la sociedad, pero que no se han aterrizado.<\/p>\n\n\n\n<p>\u2022 Se aprecia la necesidad de construir una nueva relaci\u00f3n entre la gran importancia del servicio p\u00fablico y la dependencia a cargo,<\/p>\n\n\n\n<p>\u2022 Adem\u00e1s&nbsp; los municipios no pueden estar ajenos a esto pues finalmente aun cuando las concesiones son estatales, las rampas y traslados est\u00e1n en los municipios.<\/p>\n\n\n\n<p>\u2022 Esa fase debiera superarse&nbsp; para interrumpir con los persistentes da\u00f1os colaterales, con un ajuste en la regulaci\u00f3n y observaci\u00f3n.<\/p>\n\n\n\n<p>\u2022 De entrada esto, porque cada que hay divisi\u00f3n comunal y se hace otra secci\u00f3n, estos incluso abr\u00edan otras rutas de servicio p\u00fablico, con el consentimiento para construir poder electoral y pol\u00edtico.<\/p>\n\n\n\n<p>\u2022 Las rampas de las unidades, algunas ya instaladas en espacios que&nbsp; debieran ser espacios de desarrollo, perfilados para una estrategia de micro central rural, que cumpla con est\u00e1ndares de ubicaci\u00f3n en ascenso y descenso de pasaje, y lejos de ponerlos segmentados, estas rampas debieran ser \u00fanicas y no instalarlas por todos lados, o hacer un conjunto especial en la que se promueva alternancia de crecimiento, como el comercio, alimentaci\u00f3n, pero con formalidad.<\/p>\n\n\n\n<p>\u2022 Otras est\u00e1n en las calles de los ciudadanos, estas rampas ocupan cajones que debieran, algunas, usar el transporte particular, adem\u00e1s de los taxistas que a decir verdad, estos ya que act\u00faan como propietarios de sus cajones y las calles.<\/p>\n\n\n\n<p>\u2022 Si un particular se estaciona casi te linchan por que dicen les pertenece; la falta de una estrategia para resolver los problemas, seguir\u00e1 creando problemas, m\u00e1s que soluciones.\u00a0\u00a0\u00a0<\/p>\n\n\n\n<figure class=\"wp-block-image size-large\"><img fetchpriority=\"high\" decoding=\"async\" width=\"1024\" height=\"660\" src=\"https:\/\/www.zunoticia.com\/noticias-de-hidalgo\/wp-content\/uploads\/2022\/11\/Imagen-de-WhatsApp-2022-11-17-a-las-19.37.32-1024x660.jpg\" alt=\"\" class=\"wp-image-455283\" srcset=\"https:\/\/www.zunoticia.com\/noticias-de-hidalgo\/wp-content\/uploads\/2022\/11\/Imagen-de-WhatsApp-2022-11-17-a-las-19.37.32-1024x660.jpg 1024w, https:\/\/www.zunoticia.com\/noticias-de-hidalgo\/wp-content\/uploads\/2022\/11\/Imagen-de-WhatsApp-2022-11-17-a-las-19.37.32-300x193.jpg 300w, https:\/\/www.zunoticia.com\/noticias-de-hidalgo\/wp-content\/uploads\/2022\/11\/Imagen-de-WhatsApp-2022-11-17-a-las-19.37.32-768x495.jpg 768w, https:\/\/www.zunoticia.com\/noticias-de-hidalgo\/wp-content\/uploads\/2022\/11\/Imagen-de-WhatsApp-2022-11-17-a-las-19.37.32.jpg 1280w\" sizes=\"(max-width: 1024px) 100vw, 1024px\" \/><\/figure>\n","protected":false},"excerpt":{"rendered":"<p>\u2022 El deceso de una mujer tras caer de una unidad de transporte p\u00fablico en movimiento, es sin duda uno de los grandes temas que adem\u00e1s de la investigaci\u00f3n puntual de las autoridades investigadoras de justicia, deben dar respuesta a la sociedad. \u2022 Tambi\u00e9n la Secretar\u00eda de Movilidad&nbsp; del estado deber\u00eda comenzar a estudiar la&hellip; <a class=\"more-link\" href=\"https:\/\/www.zunoticia.com\/noticias-de-hidalgo\/2022\/11\/17\/espejeando-por-perseo-471\/\">Seguir leyendo <span class=\"screen-reader-text\">ESPEJEANDO por Perseo<\/span><\/a><\/p>\n","protected":false},"author":12,"featured_media":455284,"comment_status":"closed","ping_status":"open","sticky":false,"template":"","format":"standard","meta":{"rop_custom_images_group":[],"rop_custom_messages_group":[],"rop_publish_now":"initial","rop_publish_now_accounts":{"facebook_10159540855086992_322828327761733":""},"rop_publish_now_history":[],"rop_publish_now_status":"pending","footnotes":""},"categories":[176],"tags":[205],"class_list":["post-455282","post","type-post","status-publish","format-standard","has-post-thumbnail","hentry","category-espejeando","tag-espejeando","entry"],"_links":{"self":[{"href":"https:\/\/www.zunoticia.com\/noticias-de-hidalgo\/wp-json\/wp\/v2\/posts\/455282","targetHints":{"allow":["GET"]}}],"collection":[{"href":"https:\/\/www.zunoticia.com\/noticias-de-hidalgo\/wp-json\/wp\/v2\/posts"}],"about":[{"href":"https:\/\/www.zunoticia.com\/noticias-de-hidalgo\/wp-json\/wp\/v2\/types\/post"}],"author":[{"embeddable":true,"href":"https:\/\/www.zunoticia.com\/noticias-de-hidalgo\/wp-json\/wp\/v2\/users\/12"}],"replies":[{"embeddable":true,"href":"https:\/\/www.zunoticia.com\/noticias-de-hidalgo\/wp-json\/wp\/v2\/comments?post=455282"}],"version-history":[{"count":1,"href":"https:\/\/www.zunoticia.com\/noticias-de-hidalgo\/wp-json\/wp\/v2\/posts\/455282\/revisions"}],"predecessor-version":[{"id":455285,"href":"https:\/\/www.zunoticia.com\/noticias-de-hidalgo\/wp-json\/wp\/v2\/posts\/455282\/revisions\/455285"}],"wp:featuredmedia":[{"embeddable":true,"href":"https:\/\/www.zunoticia.com\/noticias-de-hidalgo\/wp-json\/wp\/v2\/media\/455284"}],"wp:attachment":[{"href":"https:\/\/www.zunoticia.com\/noticias-de-hidalgo\/wp-json\/wp\/v2\/media?parent=455282"}],"wp:term":[{"taxonomy":"category","embeddable":true,"href":"https:\/\/www.zunoticia.com\/noticias-de-hidalgo\/wp-json\/wp\/v2\/categories?post=455282"},{"taxonomy":"post_tag","embeddable":true,"href":"https:\/\/www.zunoticia.com\/noticias-de-hidalgo\/wp-json\/wp\/v2\/tags?post=455282"}],"curies":[{"name":"wp","href":"https:\/\/api.w.org\/{rel}","templated":true}]}}