{"id":455328,"date":"2022-11-18T12:02:54","date_gmt":"2022-11-18T18:02:54","guid":{"rendered":"https:\/\/www.zunoticia.com\/noticias-de-hidalgo\/?p=455328"},"modified":"2022-11-18T12:02:56","modified_gmt":"2022-11-18T18:02:56","slug":"auto-se-subio-al-camellon","status":"publish","type":"post","link":"https:\/\/www.zunoticia.com\/noticias-de-hidalgo\/2022\/11\/18\/auto-se-subio-al-camellon\/","title":{"rendered":"Auto se subi\u00f3 al camell\u00f3n"},"content":{"rendered":"<aside class=\"mashsb-container mashsb-main mashsb-stretched\"><div class=\"mashsb-box\"><div class=\"mashsb-count mash-large\" style=\"float:left\"><div class=\"counts mashsbcount\">39<\/div><span class=\"mashsb-sharetext\">SHARES<\/span><\/div><div class=\"mashsb-buttons\"><a class=\"mashicon-facebook mash-large mash-center mashsb-noshadow\" href=\"https:\/\/www.facebook.com\/sharer.php?u=https%3A%2F%2Fwww.zunoticia.com%2Fnoticias-de-hidalgo%2F2022%2F11%2F18%2Fauto-se-subio-al-camellon%2F\" target=\"_top\" rel=\"nofollow\"><span class=\"icon\"><\/span><span class=\"text\">Share<\/span><\/a><a class=\"mashicon-twitter mash-large mash-center mashsb-noshadow\" href=\"https:\/\/twitter.com\/intent\/tweet?text=&amp;url=https:\/\/www.zunoticia.com\/noticias-de-hidalgo\/2022\/11\/18\/auto-se-subio-al-camellon\/\" target=\"_top\" rel=\"nofollow\"><span class=\"icon\"><\/span><span class=\"text\">Tweet<\/span><\/a><div class=\"onoffswitch2 mash-large mashsb-noshadow\" style=\"display:none\"><\/div><\/div>\n            <\/div>\n                <div style=\"clear:both\"><\/div><div class=\"mashsb-toggle-container\"><\/div><\/aside>\n            <!-- Share buttons by mashshare.net - Version: 4.0.47-->\n<p><em>Por Redacci\u00f3n\/Zunoticia<\/em><\/p>\n\n\n\n<p><strong>Huejutla, Hgo. &#8211;<\/strong> Aparatoso accidente fue el que se registr\u00f3, debido a que el conductor de un autom\u00f3vil termin\u00f3 por encima del camell\u00f3n, ya que presuntamente circulaba en estado de ebriedad.<\/p>\n\n\n\n<p>Los hechos ocurrieron en el transcurso de la noche del jueves sobre la carretera M\u00e9xico \u2013 Tampico, a la altura de la gasolinera Badillo, cuando elementos de Seguridad P\u00fablica y Tr\u00e1nsito Municipal fueron movilizados por automovilistas que se percataron de un accidente vehicular, en el que mencionaban que un autom\u00f3vil se hab\u00eda subido al camell\u00f3n central.<\/p>\n\n\n\n<p>Las autoridades polic\u00edacas inmediatamente se trasladaron hasta ese punto, donde efectivamente localizaron la unidad tipo Jetta, color negro, mientras que el conductor presuntamente fue detenido minutos despu\u00e9s al encontrarse bajo los efectos del alcohol; as\u00ed mismo se presume que perdi\u00f3 el control para despu\u00e9s terminar en el camell\u00f3n. No hubo personas lesionadas en el accidente y m\u00e1s tarde el veh\u00edculo fue remolcado al corral\u00f3n por una gr\u00faa.<\/p>\n","protected":false},"excerpt":{"rendered":"<p>Por Redacci\u00f3n\/Zunoticia Huejutla, Hgo. &#8211; Aparatoso accidente fue el que se registr\u00f3, debido a que el conductor de un autom\u00f3vil termin\u00f3 por encima del camell\u00f3n, ya que presuntamente circulaba en estado de ebriedad. Los hechos ocurrieron en el transcurso de la noche del jueves sobre la carretera M\u00e9xico \u2013 Tampico, a la altura de la&hellip; <a class=\"more-link\" href=\"https:\/\/www.zunoticia.com\/noticias-de-hidalgo\/2022\/11\/18\/auto-se-subio-al-camellon\/\">Seguir leyendo <span class=\"screen-reader-text\">Auto se subi\u00f3 al camell\u00f3n<\/span><\/a><\/p>\n","protected":false},"author":12,"featured_media":455329,"comment_status":"closed","ping_status":"open","sticky":false,"template":"","format":"standard","meta":{"rop_custom_images_group":[],"rop_custom_messages_group":[],"rop_publish_now":"initial","rop_publish_now_accounts":{"facebook_10159540855086992_322828327761733":""},"rop_publish_now_history":[],"rop_publish_now_status":"pending","footnotes":""},"categories":[181],"tags":[121],"class_list":["post-455328","post","type-post","status-publish","format-standard","has-post-thumbnail","hentry","category-huejutla","tag-huejutla","entry"],"_links":{"self":[{"href":"https:\/\/www.zunoticia.com\/noticias-de-hidalgo\/wp-json\/wp\/v2\/posts\/455328","targetHints":{"allow":["GET"]}}],"collection":[{"href":"https:\/\/www.zunoticia.com\/noticias-de-hidalgo\/wp-json\/wp\/v2\/posts"}],"about":[{"href":"https:\/\/www.zunoticia.com\/noticias-de-hidalgo\/wp-json\/wp\/v2\/types\/post"}],"author":[{"embeddable":true,"href":"https:\/\/www.zunoticia.com\/noticias-de-hidalgo\/wp-json\/wp\/v2\/users\/12"}],"replies":[{"embeddable":true,"href":"https:\/\/www.zunoticia.com\/noticias-de-hidalgo\/wp-json\/wp\/v2\/comments?post=455328"}],"version-history":[{"count":1,"href":"https:\/\/www.zunoticia.com\/noticias-de-hidalgo\/wp-json\/wp\/v2\/posts\/455328\/revisions"}],"predecessor-version":[{"id":455330,"href":"https:\/\/www.zunoticia.com\/noticias-de-hidalgo\/wp-json\/wp\/v2\/posts\/455328\/revisions\/455330"}],"wp:featuredmedia":[{"embeddable":true,"href":"https:\/\/www.zunoticia.com\/noticias-de-hidalgo\/wp-json\/wp\/v2\/media\/455329"}],"wp:attachment":[{"href":"https:\/\/www.zunoticia.com\/noticias-de-hidalgo\/wp-json\/wp\/v2\/media?parent=455328"}],"wp:term":[{"taxonomy":"category","embeddable":true,"href":"https:\/\/www.zunoticia.com\/noticias-de-hidalgo\/wp-json\/wp\/v2\/categories?post=455328"},{"taxonomy":"post_tag","embeddable":true,"href":"https:\/\/www.zunoticia.com\/noticias-de-hidalgo\/wp-json\/wp\/v2\/tags?post=455328"}],"curies":[{"name":"wp","href":"https:\/\/api.w.org\/{rel}","templated":true}]}}