{"id":455370,"date":"2022-11-18T16:44:43","date_gmt":"2022-11-18T22:44:43","guid":{"rendered":"https:\/\/www.zunoticia.com\/noticias-de-hidalgo\/?p=455370"},"modified":"2022-11-18T16:44:45","modified_gmt":"2022-11-18T22:44:45","slug":"el-uso-de-cubrebocas-ya-es-costumbre-en-jaltocanenses","status":"publish","type":"post","link":"https:\/\/www.zunoticia.com\/noticias-de-hidalgo\/2022\/11\/18\/el-uso-de-cubrebocas-ya-es-costumbre-en-jaltocanenses\/","title":{"rendered":"El uso de cubrebocas ya es costumbre en jaltocanenses"},"content":{"rendered":"<aside class=\"mashsb-container mashsb-main mashsb-stretched\"><div class=\"mashsb-box\"><div class=\"mashsb-count mash-large\" style=\"float:left\"><div class=\"counts mashsbcount\">30<\/div><span class=\"mashsb-sharetext\">SHARES<\/span><\/div><div class=\"mashsb-buttons\"><a class=\"mashicon-facebook mash-large mash-center mashsb-noshadow\" href=\"https:\/\/www.facebook.com\/sharer.php?u=https%3A%2F%2Fwww.zunoticia.com%2Fnoticias-de-hidalgo%2F2022%2F11%2F18%2Fel-uso-de-cubrebocas-ya-es-costumbre-en-jaltocanenses%2F\" target=\"_top\" rel=\"nofollow\"><span class=\"icon\"><\/span><span class=\"text\">Share<\/span><\/a><a class=\"mashicon-twitter mash-large mash-center mashsb-noshadow\" href=\"https:\/\/twitter.com\/intent\/tweet?text=&amp;url=https:\/\/www.zunoticia.com\/noticias-de-hidalgo\/2022\/11\/18\/el-uso-de-cubrebocas-ya-es-costumbre-en-jaltocanenses\/\" target=\"_top\" rel=\"nofollow\"><span class=\"icon\"><\/span><span class=\"text\">Tweet<\/span><\/a><div class=\"onoffswitch2 mash-large mashsb-noshadow\" style=\"display:none\"><\/div><\/div>\n            <\/div>\n                <div style=\"clear:both\"><\/div><div class=\"mashsb-toggle-container\"><\/div><\/aside>\n            <!-- Share buttons by mashshare.net - Version: 4.0.47-->\n<p><em>Por \u00c1ngel Silverio\/Zunoticia<\/em><\/p>\n\n\n\n<p><strong>Jaltoc\u00e1n, Hgo. &#8211;<\/strong> Pese a que el riesgo de contraer el COVID-19 ahora es menor, los ciudadanos de este municipio, ya se acostumbraron a hacer uso del cubrebocas en el transporte p\u00fablico, pues aunque ya no es obligatorio, los usuarios en su mayor\u00eda siguen port\u00e1ndolo para su protecci\u00f3n y de los dem\u00e1s pasajeros.<\/p>\n\n\n\n<p>En este sentido, los operadores del transporte p\u00fablico, se\u00f1alaron que ya no es obligatorio el uso de cubrebocas al abordar las unidades, sin embargo, aplauden que los usuarios se hayan acostumbrado y se sigan cuidando del COVID y de otras enfermedades respiratorias, las cuales son comunes en esta temporada.<\/p>\n\n\n\n<p>&#8220;No es obligatorio, pero como ciudadanos responsables debemos de seguir utiliz\u00e1ndolo en lugares cerrados como es el transporte p\u00fablico, ya est\u00e1 en cada uno si lo hace o no, pero en efecto la mayor\u00eda lo sigue usando; no hay necesidad de que se lo pidan, porque creo que se gener\u00f3 esa cultura de hacer uso de la mascarilla, no solo para cuidarnos del COVID, sino de otras enfermedades que se transmiten v\u00eda a\u00e9rea. Te puedo decir que yo en lo particular no me he enfermado desde hace dos a\u00f1os, gracias al uso del cubrebocas, ya es un h\u00e1bito&#8221; indic\u00f3 Nayeli Lara.<\/p>\n\n\n\n<p>Del mismo modo, los trabajadores del volante reconocieron que los ciudadanos desde un inicio de la pandemia acataron las disposiciones del sector salud, y ahora cuando se ha declarado el fin de la pandemia, siguen utilizando el cubrebocas por el bien de todos los jaltocanenses.<\/p>\n","protected":false},"excerpt":{"rendered":"<p>Por \u00c1ngel Silverio\/Zunoticia Jaltoc\u00e1n, Hgo. &#8211; Pese a que el riesgo de contraer el COVID-19 ahora es menor, los ciudadanos de este municipio, ya se acostumbraron a hacer uso del cubrebocas en el transporte p\u00fablico, pues aunque ya no es obligatorio, los usuarios en su mayor\u00eda siguen port\u00e1ndolo para su protecci\u00f3n y de los dem\u00e1s&hellip; <a class=\"more-link\" href=\"https:\/\/www.zunoticia.com\/noticias-de-hidalgo\/2022\/11\/18\/el-uso-de-cubrebocas-ya-es-costumbre-en-jaltocanenses\/\">Seguir leyendo <span class=\"screen-reader-text\">El uso de cubrebocas ya es costumbre en jaltocanenses<\/span><\/a><\/p>\n","protected":false},"author":12,"featured_media":455371,"comment_status":"closed","ping_status":"open","sticky":false,"template":"","format":"standard","meta":{"rop_custom_images_group":[],"rop_custom_messages_group":[],"rop_publish_now":"initial","rop_publish_now_accounts":{"facebook_10159540855086992_322828327761733":""},"rop_publish_now_history":[],"rop_publish_now_status":"pending","footnotes":""},"categories":[179,200],"tags":[131],"class_list":["post-455370","post","type-post","status-publish","format-standard","has-post-thumbnail","hentry","category-huasteca","category-jaltocan","tag-jaltocan","entry"],"_links":{"self":[{"href":"https:\/\/www.zunoticia.com\/noticias-de-hidalgo\/wp-json\/wp\/v2\/posts\/455370","targetHints":{"allow":["GET"]}}],"collection":[{"href":"https:\/\/www.zunoticia.com\/noticias-de-hidalgo\/wp-json\/wp\/v2\/posts"}],"about":[{"href":"https:\/\/www.zunoticia.com\/noticias-de-hidalgo\/wp-json\/wp\/v2\/types\/post"}],"author":[{"embeddable":true,"href":"https:\/\/www.zunoticia.com\/noticias-de-hidalgo\/wp-json\/wp\/v2\/users\/12"}],"replies":[{"embeddable":true,"href":"https:\/\/www.zunoticia.com\/noticias-de-hidalgo\/wp-json\/wp\/v2\/comments?post=455370"}],"version-history":[{"count":1,"href":"https:\/\/www.zunoticia.com\/noticias-de-hidalgo\/wp-json\/wp\/v2\/posts\/455370\/revisions"}],"predecessor-version":[{"id":455372,"href":"https:\/\/www.zunoticia.com\/noticias-de-hidalgo\/wp-json\/wp\/v2\/posts\/455370\/revisions\/455372"}],"wp:featuredmedia":[{"embeddable":true,"href":"https:\/\/www.zunoticia.com\/noticias-de-hidalgo\/wp-json\/wp\/v2\/media\/455371"}],"wp:attachment":[{"href":"https:\/\/www.zunoticia.com\/noticias-de-hidalgo\/wp-json\/wp\/v2\/media?parent=455370"}],"wp:term":[{"taxonomy":"category","embeddable":true,"href":"https:\/\/www.zunoticia.com\/noticias-de-hidalgo\/wp-json\/wp\/v2\/categories?post=455370"},{"taxonomy":"post_tag","embeddable":true,"href":"https:\/\/www.zunoticia.com\/noticias-de-hidalgo\/wp-json\/wp\/v2\/tags?post=455370"}],"curies":[{"name":"wp","href":"https:\/\/api.w.org\/{rel}","templated":true}]}}