{"id":455379,"date":"2022-11-18T17:03:52","date_gmt":"2022-11-18T23:03:52","guid":{"rendered":"https:\/\/www.zunoticia.com\/noticias-de-hidalgo\/?p=455379"},"modified":"2022-11-18T17:03:53","modified_gmt":"2022-11-18T23:03:53","slug":"inicio-la-jornada-medica-en-xochiatipan","status":"publish","type":"post","link":"https:\/\/www.zunoticia.com\/noticias-de-hidalgo\/2022\/11\/18\/inicio-la-jornada-medica-en-xochiatipan\/","title":{"rendered":"Inici\u00f3 la Jornada m\u00e9dica en Xochiatipan"},"content":{"rendered":"<aside class=\"mashsb-container mashsb-main mashsb-stretched\"><div class=\"mashsb-box\"><div class=\"mashsb-count mash-large\" style=\"float:left\"><div class=\"counts mashsbcount\">12<\/div><span class=\"mashsb-sharetext\">SHARES<\/span><\/div><div class=\"mashsb-buttons\"><a class=\"mashicon-facebook mash-large mash-center mashsb-noshadow\" href=\"https:\/\/www.facebook.com\/sharer.php?u=https%3A%2F%2Fwww.zunoticia.com%2Fnoticias-de-hidalgo%2F2022%2F11%2F18%2Finicio-la-jornada-medica-en-xochiatipan%2F\" target=\"_top\" rel=\"nofollow\"><span class=\"icon\"><\/span><span class=\"text\">Share<\/span><\/a><a class=\"mashicon-twitter mash-large mash-center mashsb-noshadow\" href=\"https:\/\/twitter.com\/intent\/tweet?text=&amp;url=https:\/\/www.zunoticia.com\/noticias-de-hidalgo\/2022\/11\/18\/inicio-la-jornada-medica-en-xochiatipan\/\" target=\"_top\" rel=\"nofollow\"><span class=\"icon\"><\/span><span class=\"text\">Tweet<\/span><\/a><div class=\"onoffswitch2 mash-large mashsb-noshadow\" style=\"display:none\"><\/div><\/div>\n            <\/div>\n                <div style=\"clear:both\"><\/div><div class=\"mashsb-toggle-container\"><\/div><\/aside>\n            <!-- Share buttons by mashshare.net - Version: 4.0.47-->\n<p><em>Por Redacci\u00f3n\/Zunoticia<\/em><\/p>\n\n\n\n<p><strong>Xochiatipan, Hgo. &#8211;<\/strong> Durante los d\u00edas 18 y 19 del mes en curso, habr\u00e1 de llevarse a cabo en este lugar una ser\u00eda de acciones a favor de la salud de los xochiatipenses, promovidas por el gobierno municipal que preside \u00d3scar Bautista Guti\u00e9rrez y ejecutada por la Fundaci\u00f3n Brigadas m\u00e9dicas Efesios A. C.<\/p>\n\n\n\n<figure class=\"wp-block-gallery has-nested-images columns-default is-cropped wp-block-gallery-1 is-layout-flex wp-block-gallery-is-layout-flex\">\n<figure class=\"wp-block-image size-large\"><img fetchpriority=\"high\" decoding=\"async\" width=\"720\" height=\"480\" data-id=\"455382\" src=\"https:\/\/www.zunoticia.com\/noticias-de-hidalgo\/wp-content\/uploads\/2022\/11\/WhatsApp-Image-2022-11-18-at-4.53.52-PM.jpeg\" alt=\"\" class=\"wp-image-455382\" srcset=\"https:\/\/www.zunoticia.com\/noticias-de-hidalgo\/wp-content\/uploads\/2022\/11\/WhatsApp-Image-2022-11-18-at-4.53.52-PM.jpeg 720w, https:\/\/www.zunoticia.com\/noticias-de-hidalgo\/wp-content\/uploads\/2022\/11\/WhatsApp-Image-2022-11-18-at-4.53.52-PM-300x200.jpeg 300w\" sizes=\"(max-width: 720px) 100vw, 720px\" \/><\/figure>\n\n\n\n<figure class=\"wp-block-image size-large\"><img decoding=\"async\" width=\"720\" height=\"480\" data-id=\"455383\" src=\"https:\/\/www.zunoticia.com\/noticias-de-hidalgo\/wp-content\/uploads\/2022\/11\/WhatsApp-Image-2022-11-18-at-4.53.51-PM-6.jpeg\" alt=\"\" class=\"wp-image-455383\" srcset=\"https:\/\/www.zunoticia.com\/noticias-de-hidalgo\/wp-content\/uploads\/2022\/11\/WhatsApp-Image-2022-11-18-at-4.53.51-PM-6.jpeg 720w, https:\/\/www.zunoticia.com\/noticias-de-hidalgo\/wp-content\/uploads\/2022\/11\/WhatsApp-Image-2022-11-18-at-4.53.51-PM-6-300x200.jpeg 300w\" sizes=\"(max-width: 720px) 100vw, 720px\" \/><\/figure>\n<\/figure>\n\n\n\n<p>La salud de los xochiatipenses es primordial para la actual administraci\u00f3n, motivo por el cual a trav\u00e9s del DIF se dio inicio a la Jornada m\u00e9dica para otorgar servicios a decenas de personas en medicina general, odontolog\u00eda, quiropr\u00e1ctico, optometr\u00eda y podolog\u00eda.<\/p>\n\n\n\n<figure class=\"wp-block-image size-full\"><img decoding=\"async\" width=\"720\" height=\"540\" src=\"https:\/\/www.zunoticia.com\/noticias-de-hidalgo\/wp-content\/uploads\/2022\/11\/WhatsApp-Image-2022-11-18-at-4.53.51-PM-7.jpeg\" alt=\"\" class=\"wp-image-455381\" srcset=\"https:\/\/www.zunoticia.com\/noticias-de-hidalgo\/wp-content\/uploads\/2022\/11\/WhatsApp-Image-2022-11-18-at-4.53.51-PM-7.jpeg 720w, https:\/\/www.zunoticia.com\/noticias-de-hidalgo\/wp-content\/uploads\/2022\/11\/WhatsApp-Image-2022-11-18-at-4.53.51-PM-7-300x225.jpeg 300w\" sizes=\"(max-width: 720px) 100vw, 720px\" \/><\/figure>\n\n\n\n<p>Las personas que deseen obtener los beneficios de esta campa\u00f1a pueden acudir desde las 08:00 de la ma\u00f1ana a la galera p\u00fablica, donde ser\u00e1n registrados y turnados al \u00e1rea m\u00e9dica que requieran de manera gratuita.<\/p>\n","protected":false},"excerpt":{"rendered":"<p>Por Redacci\u00f3n\/Zunoticia Xochiatipan, Hgo. &#8211; Durante los d\u00edas 18 y 19 del mes en curso, habr\u00e1 de llevarse a cabo en este lugar una ser\u00eda de acciones a favor de la salud de los xochiatipenses, promovidas por el gobierno municipal que preside \u00d3scar Bautista Guti\u00e9rrez y ejecutada por la Fundaci\u00f3n Brigadas m\u00e9dicas Efesios A. C.&hellip; <a class=\"more-link\" href=\"https:\/\/www.zunoticia.com\/noticias-de-hidalgo\/2022\/11\/18\/inicio-la-jornada-medica-en-xochiatipan\/\">Seguir leyendo <span class=\"screen-reader-text\">Inici\u00f3 la Jornada m\u00e9dica en Xochiatipan<\/span><\/a><\/p>\n","protected":false},"author":12,"featured_media":455380,"comment_status":"closed","ping_status":"open","sticky":false,"template":"","format":"standard","meta":{"rop_custom_images_group":[],"rop_custom_messages_group":[],"rop_publish_now":"initial","rop_publish_now_accounts":{"facebook_10159540855086992_322828327761733":""},"rop_publish_now_history":[],"rop_publish_now_status":"pending","footnotes":""},"categories":[179,202],"tags":[135],"class_list":["post-455379","post","type-post","status-publish","format-standard","has-post-thumbnail","hentry","category-huasteca","category-xochiatipan","tag-xochiatipan","entry"],"_links":{"self":[{"href":"https:\/\/www.zunoticia.com\/noticias-de-hidalgo\/wp-json\/wp\/v2\/posts\/455379","targetHints":{"allow":["GET"]}}],"collection":[{"href":"https:\/\/www.zunoticia.com\/noticias-de-hidalgo\/wp-json\/wp\/v2\/posts"}],"about":[{"href":"https:\/\/www.zunoticia.com\/noticias-de-hidalgo\/wp-json\/wp\/v2\/types\/post"}],"author":[{"embeddable":true,"href":"https:\/\/www.zunoticia.com\/noticias-de-hidalgo\/wp-json\/wp\/v2\/users\/12"}],"replies":[{"embeddable":true,"href":"https:\/\/www.zunoticia.com\/noticias-de-hidalgo\/wp-json\/wp\/v2\/comments?post=455379"}],"version-history":[{"count":1,"href":"https:\/\/www.zunoticia.com\/noticias-de-hidalgo\/wp-json\/wp\/v2\/posts\/455379\/revisions"}],"predecessor-version":[{"id":455384,"href":"https:\/\/www.zunoticia.com\/noticias-de-hidalgo\/wp-json\/wp\/v2\/posts\/455379\/revisions\/455384"}],"wp:featuredmedia":[{"embeddable":true,"href":"https:\/\/www.zunoticia.com\/noticias-de-hidalgo\/wp-json\/wp\/v2\/media\/455380"}],"wp:attachment":[{"href":"https:\/\/www.zunoticia.com\/noticias-de-hidalgo\/wp-json\/wp\/v2\/media?parent=455379"}],"wp:term":[{"taxonomy":"category","embeddable":true,"href":"https:\/\/www.zunoticia.com\/noticias-de-hidalgo\/wp-json\/wp\/v2\/categories?post=455379"},{"taxonomy":"post_tag","embeddable":true,"href":"https:\/\/www.zunoticia.com\/noticias-de-hidalgo\/wp-json\/wp\/v2\/tags?post=455379"}],"curies":[{"name":"wp","href":"https:\/\/api.w.org\/{rel}","templated":true}]}}