{"id":455386,"date":"2022-11-18T17:20:37","date_gmt":"2022-11-18T23:20:37","guid":{"rendered":"https:\/\/www.zunoticia.com\/noticias-de-hidalgo\/?p=455386"},"modified":"2022-11-18T17:20:39","modified_gmt":"2022-11-18T23:20:39","slug":"conmemoro-la-uph-decimo-aniversario-de-su-fundacion","status":"publish","type":"post","link":"https:\/\/www.zunoticia.com\/noticias-de-hidalgo\/2022\/11\/18\/conmemoro-la-uph-decimo-aniversario-de-su-fundacion\/","title":{"rendered":"Conmemor\u00f3 la UPH d\u00e9cimo aniversario de su fundaci\u00f3n"},"content":{"rendered":"<aside class=\"mashsb-container mashsb-main mashsb-stretched\"><div class=\"mashsb-box\"><div class=\"mashsb-count mash-large\" style=\"float:left\"><div class=\"counts mashsbcount\">24<\/div><span class=\"mashsb-sharetext\">SHARES<\/span><\/div><div class=\"mashsb-buttons\"><a class=\"mashicon-facebook mash-large mash-center mashsb-noshadow\" href=\"https:\/\/www.facebook.com\/sharer.php?u=https%3A%2F%2Fwww.zunoticia.com%2Fnoticias-de-hidalgo%2F2022%2F11%2F18%2Fconmemoro-la-uph-decimo-aniversario-de-su-fundacion%2F\" target=\"_top\" rel=\"nofollow\"><span class=\"icon\"><\/span><span class=\"text\">Share<\/span><\/a><a class=\"mashicon-twitter mash-large mash-center mashsb-noshadow\" href=\"https:\/\/twitter.com\/intent\/tweet?text=&amp;url=https:\/\/www.zunoticia.com\/noticias-de-hidalgo\/2022\/11\/18\/conmemoro-la-uph-decimo-aniversario-de-su-fundacion\/\" target=\"_top\" rel=\"nofollow\"><span class=\"icon\"><\/span><span class=\"text\">Tweet<\/span><\/a><div class=\"onoffswitch2 mash-large mashsb-noshadow\" style=\"display:none\"><\/div><\/div>\n            <\/div>\n                <div style=\"clear:both\"><\/div><div class=\"mashsb-toggle-container\"><\/div><\/aside>\n            <!-- Share buttons by mashshare.net - Version: 4.0.47-->\n<p><em>Por Salvador Altamirano\/Zunoticia<\/em><\/p>\n\n\n\n<p><strong>Huejutla, Hgo. &#8211;<\/strong> Con diversos talleres y ponencias, conmemor\u00f3 este viernes personal docente y alumnos de la Universidad Polit\u00e9cnica de Huejutla (UPH), cuyo rector es el Ingeniero Jos\u00e9 Eugenio Segura Marroqu\u00edn, el d\u00e9cimo aniversario de su fundaci\u00f3n.<\/p>\n\n\n\n<p>Entrevistado al respecto, el Jefe del departamento de Vinculaci\u00f3n y organizador del evento, Rodolfo Cisneros Ter\u00e1n, enfatiz\u00f3 que el d\u00e9cimo aniversario es una fecha muy especial, porque saben lo dif\u00edcil que ha sido el poder llegar a consolidar el proyecto.<\/p>\n\n\n\n<p>Agreg\u00f3 que, para tal efecto, han preparado un programa de conferencias y talleres que durante el d\u00eda se estar\u00edan presentando de manera simult\u00e1nea, con diferentes maestros de talla nacional e internacional, los cuales impartir\u00e1n ponencias magistrales en cada uno de los cuatro programas educativos que actualmente tienen vigentes.<\/p>\n\n\n\n<p>A pregunta expresa, detall\u00f3 que, entre las actividades, Jos\u00e9 Luis Loaiza dar\u00e1 una conferencia magistral titulada &#8220;Mentes millonarias&#8221;; Jos\u00e9 Mart\u00ednez Lara, abordar\u00e1 un tema de Aplicaci\u00f3n y uso de energ\u00eda; y Ernesto Said Sarmiento explicar\u00e1 sobre el manejo de los microorganismos e insumos para la elaboraci\u00f3n de cerveza artesanal, entre otras conferencias.<\/p>\n\n\n\n<p>Para finalizar, Cisneros Ter\u00e1n expres\u00f3 que en estos diez a\u00f1os la Universidad Polit\u00e9cnica ha servido para transformar las vidas, no solamente de j\u00f3venes, sino tambi\u00e9n de sus familias, ya que cursan carreras novedosas, innovadoras, que tienen un amplio campo laboral.<\/p>\n","protected":false},"excerpt":{"rendered":"<p>Por Salvador Altamirano\/Zunoticia Huejutla, Hgo. &#8211; Con diversos talleres y ponencias, conmemor\u00f3 este viernes personal docente y alumnos de la Universidad Polit\u00e9cnica de Huejutla (UPH), cuyo rector es el Ingeniero Jos\u00e9 Eugenio Segura Marroqu\u00edn, el d\u00e9cimo aniversario de su fundaci\u00f3n. Entrevistado al respecto, el Jefe del departamento de Vinculaci\u00f3n y organizador del evento, Rodolfo Cisneros&hellip; <a class=\"more-link\" href=\"https:\/\/www.zunoticia.com\/noticias-de-hidalgo\/2022\/11\/18\/conmemoro-la-uph-decimo-aniversario-de-su-fundacion\/\">Seguir leyendo <span class=\"screen-reader-text\">Conmemor\u00f3 la UPH d\u00e9cimo aniversario de su fundaci\u00f3n<\/span><\/a><\/p>\n","protected":false},"author":12,"featured_media":455387,"comment_status":"closed","ping_status":"open","sticky":false,"template":"","format":"standard","meta":{"rop_custom_images_group":[],"rop_custom_messages_group":[],"rop_publish_now":"initial","rop_publish_now_accounts":{"facebook_10159540855086992_322828327761733":""},"rop_publish_now_history":[],"rop_publish_now_status":"pending","footnotes":""},"categories":[181],"tags":[121],"class_list":["post-455386","post","type-post","status-publish","format-standard","has-post-thumbnail","hentry","category-huejutla","tag-huejutla","entry"],"_links":{"self":[{"href":"https:\/\/www.zunoticia.com\/noticias-de-hidalgo\/wp-json\/wp\/v2\/posts\/455386","targetHints":{"allow":["GET"]}}],"collection":[{"href":"https:\/\/www.zunoticia.com\/noticias-de-hidalgo\/wp-json\/wp\/v2\/posts"}],"about":[{"href":"https:\/\/www.zunoticia.com\/noticias-de-hidalgo\/wp-json\/wp\/v2\/types\/post"}],"author":[{"embeddable":true,"href":"https:\/\/www.zunoticia.com\/noticias-de-hidalgo\/wp-json\/wp\/v2\/users\/12"}],"replies":[{"embeddable":true,"href":"https:\/\/www.zunoticia.com\/noticias-de-hidalgo\/wp-json\/wp\/v2\/comments?post=455386"}],"version-history":[{"count":1,"href":"https:\/\/www.zunoticia.com\/noticias-de-hidalgo\/wp-json\/wp\/v2\/posts\/455386\/revisions"}],"predecessor-version":[{"id":455388,"href":"https:\/\/www.zunoticia.com\/noticias-de-hidalgo\/wp-json\/wp\/v2\/posts\/455386\/revisions\/455388"}],"wp:featuredmedia":[{"embeddable":true,"href":"https:\/\/www.zunoticia.com\/noticias-de-hidalgo\/wp-json\/wp\/v2\/media\/455387"}],"wp:attachment":[{"href":"https:\/\/www.zunoticia.com\/noticias-de-hidalgo\/wp-json\/wp\/v2\/media?parent=455386"}],"wp:term":[{"taxonomy":"category","embeddable":true,"href":"https:\/\/www.zunoticia.com\/noticias-de-hidalgo\/wp-json\/wp\/v2\/categories?post=455386"},{"taxonomy":"post_tag","embeddable":true,"href":"https:\/\/www.zunoticia.com\/noticias-de-hidalgo\/wp-json\/wp\/v2\/tags?post=455386"}],"curies":[{"name":"wp","href":"https:\/\/api.w.org\/{rel}","templated":true}]}}