{"id":455389,"date":"2022-11-18T17:23:26","date_gmt":"2022-11-18T23:23:26","guid":{"rendered":"https:\/\/www.zunoticia.com\/noticias-de-hidalgo\/?p=455389"},"modified":"2022-11-18T17:23:28","modified_gmt":"2022-11-18T23:23:28","slug":"congestion-vial-en-mercado-de-atlapexco","status":"publish","type":"post","link":"https:\/\/www.zunoticia.com\/noticias-de-hidalgo\/2022\/11\/18\/congestion-vial-en-mercado-de-atlapexco\/","title":{"rendered":"Congesti\u00f3n vial en mercado de Atlapexco"},"content":{"rendered":"<aside class=\"mashsb-container mashsb-main mashsb-stretched\"><div class=\"mashsb-box\"><div class=\"mashsb-count mash-large\" style=\"float:left\"><div class=\"counts mashsbcount\">30<\/div><span class=\"mashsb-sharetext\">SHARES<\/span><\/div><div class=\"mashsb-buttons\"><a class=\"mashicon-facebook mash-large mash-center mashsb-noshadow\" href=\"https:\/\/www.facebook.com\/sharer.php?u=https%3A%2F%2Fwww.zunoticia.com%2Fnoticias-de-hidalgo%2F2022%2F11%2F18%2Fcongestion-vial-en-mercado-de-atlapexco%2F\" target=\"_top\" rel=\"nofollow\"><span class=\"icon\"><\/span><span class=\"text\">Share<\/span><\/a><a class=\"mashicon-twitter mash-large mash-center mashsb-noshadow\" href=\"https:\/\/twitter.com\/intent\/tweet?text=&amp;url=https:\/\/www.zunoticia.com\/noticias-de-hidalgo\/2022\/11\/18\/congestion-vial-en-mercado-de-atlapexco\/\" target=\"_top\" rel=\"nofollow\"><span class=\"icon\"><\/span><span class=\"text\">Tweet<\/span><\/a><div class=\"onoffswitch2 mash-large mashsb-noshadow\" style=\"display:none\"><\/div><\/div>\n            <\/div>\n                <div style=\"clear:both\"><\/div><div class=\"mashsb-toggle-container\"><\/div><\/aside>\n            <!-- Share buttons by mashshare.net - Version: 4.0.47-->\n<p><em>Por Pedro Luciano\/Zunoticia<\/em><\/p>\n\n\n\n<p><strong>Atlapexco, Hgo. &#8211;<\/strong> \u201cSe invita a tomar precauciones por parte de conductores que se transitan sobre las calles de la cabecera municipal, toda vez que, al instalarse los diversos puestos comerciales sobre las principales calles de la cabecera, es necesario tomar v\u00edas distintas\u201d, lo anterior fue compartido por personal del \u00e1rea de Seguridad P\u00fablica Municipal.<\/p>\n\n\n\n<p>Afirm\u00f3 el Comandante Amado Hern\u00e1ndez que es necesario sean los mismos conductores quienes conduzcan con precauci\u00f3n, pues al verse reducida la vialidad a consecuencia de la instalaci\u00f3n de puestos comerciales y la numerosa afluencia de personal que acude para realizar sus compras, son susceptibles de que presenten accidentes.<\/p>\n\n\n\n<p>Siendo importante se tomen las v\u00edas alternas para prevenir tanto congestionamiento vial, sobre el \u00e1rea del mercado, as\u00ed tambi\u00e9n se invita a respetar los l\u00edmites de tiempo para el estacionamiento en v\u00eda p\u00fablica y las \u00e1reas destinadas para este mismo, ya que al ser el espacio para la circulaci\u00f3n de veh\u00edculos limitado a\u00fan m\u00e1s se afecta cuando se estacionan en lugares prohibidos que obstaculizan la circulaci\u00f3n.<\/p>\n","protected":false},"excerpt":{"rendered":"<p>Por Pedro Luciano\/Zunoticia Atlapexco, Hgo. &#8211; \u201cSe invita a tomar precauciones por parte de conductores que se transitan sobre las calles de la cabecera municipal, toda vez que, al instalarse los diversos puestos comerciales sobre las principales calles de la cabecera, es necesario tomar v\u00edas distintas\u201d, lo anterior fue compartido por personal del \u00e1rea de&hellip; <a class=\"more-link\" href=\"https:\/\/www.zunoticia.com\/noticias-de-hidalgo\/2022\/11\/18\/congestion-vial-en-mercado-de-atlapexco\/\">Seguir leyendo <span class=\"screen-reader-text\">Congesti\u00f3n vial en mercado de Atlapexco<\/span><\/a><\/p>\n","protected":false},"author":12,"featured_media":455390,"comment_status":"closed","ping_status":"open","sticky":false,"template":"","format":"standard","meta":{"rop_custom_images_group":[],"rop_custom_messages_group":[],"rop_publish_now":"initial","rop_publish_now_accounts":{"facebook_10159540855086992_322828327761733":""},"rop_publish_now_history":[],"rop_publish_now_status":"pending","footnotes":""},"categories":[182],"tags":[133],"class_list":["post-455389","post","type-post","status-publish","format-standard","has-post-thumbnail","hentry","category-atlapexco","tag-atlapexco","entry"],"_links":{"self":[{"href":"https:\/\/www.zunoticia.com\/noticias-de-hidalgo\/wp-json\/wp\/v2\/posts\/455389","targetHints":{"allow":["GET"]}}],"collection":[{"href":"https:\/\/www.zunoticia.com\/noticias-de-hidalgo\/wp-json\/wp\/v2\/posts"}],"about":[{"href":"https:\/\/www.zunoticia.com\/noticias-de-hidalgo\/wp-json\/wp\/v2\/types\/post"}],"author":[{"embeddable":true,"href":"https:\/\/www.zunoticia.com\/noticias-de-hidalgo\/wp-json\/wp\/v2\/users\/12"}],"replies":[{"embeddable":true,"href":"https:\/\/www.zunoticia.com\/noticias-de-hidalgo\/wp-json\/wp\/v2\/comments?post=455389"}],"version-history":[{"count":1,"href":"https:\/\/www.zunoticia.com\/noticias-de-hidalgo\/wp-json\/wp\/v2\/posts\/455389\/revisions"}],"predecessor-version":[{"id":455391,"href":"https:\/\/www.zunoticia.com\/noticias-de-hidalgo\/wp-json\/wp\/v2\/posts\/455389\/revisions\/455391"}],"wp:featuredmedia":[{"embeddable":true,"href":"https:\/\/www.zunoticia.com\/noticias-de-hidalgo\/wp-json\/wp\/v2\/media\/455390"}],"wp:attachment":[{"href":"https:\/\/www.zunoticia.com\/noticias-de-hidalgo\/wp-json\/wp\/v2\/media?parent=455389"}],"wp:term":[{"taxonomy":"category","embeddable":true,"href":"https:\/\/www.zunoticia.com\/noticias-de-hidalgo\/wp-json\/wp\/v2\/categories?post=455389"},{"taxonomy":"post_tag","embeddable":true,"href":"https:\/\/www.zunoticia.com\/noticias-de-hidalgo\/wp-json\/wp\/v2\/tags?post=455389"}],"curies":[{"name":"wp","href":"https:\/\/api.w.org\/{rel}","templated":true}]}}