{"id":455404,"date":"2022-11-18T17:49:44","date_gmt":"2022-11-18T23:49:44","guid":{"rendered":"https:\/\/www.zunoticia.com\/noticias-de-hidalgo\/?p=455404"},"modified":"2022-11-18T17:49:45","modified_gmt":"2022-11-18T23:49:45","slug":"piden-hacer-compras-planeadas-durante-el-buen-fin","status":"publish","type":"post","link":"https:\/\/www.zunoticia.com\/noticias-de-hidalgo\/2022\/11\/18\/piden-hacer-compras-planeadas-durante-el-buen-fin\/","title":{"rendered":"Piden hacer compras planeadas durante el Buen Fin"},"content":{"rendered":"<aside class=\"mashsb-container mashsb-main mashsb-stretched\"><div class=\"mashsb-box\"><div class=\"mashsb-count mash-large\" style=\"float:left\"><div class=\"counts mashsbcount\">25<\/div><span class=\"mashsb-sharetext\">SHARES<\/span><\/div><div class=\"mashsb-buttons\"><a class=\"mashicon-facebook mash-large mash-center mashsb-noshadow\" href=\"https:\/\/www.facebook.com\/sharer.php?u=https%3A%2F%2Fwww.zunoticia.com%2Fnoticias-de-hidalgo%2F2022%2F11%2F18%2Fpiden-hacer-compras-planeadas-durante-el-buen-fin%2F\" target=\"_top\" rel=\"nofollow\"><span class=\"icon\"><\/span><span class=\"text\">Share<\/span><\/a><a class=\"mashicon-twitter mash-large mash-center mashsb-noshadow\" href=\"https:\/\/twitter.com\/intent\/tweet?text=&amp;url=https:\/\/www.zunoticia.com\/noticias-de-hidalgo\/2022\/11\/18\/piden-hacer-compras-planeadas-durante-el-buen-fin\/\" target=\"_top\" rel=\"nofollow\"><span class=\"icon\"><\/span><span class=\"text\">Tweet<\/span><\/a><div class=\"onoffswitch2 mash-large mashsb-noshadow\" style=\"display:none\"><\/div><\/div>\n            <\/div>\n                <div style=\"clear:both\"><\/div><div class=\"mashsb-toggle-container\"><\/div><\/aside>\n            <!-- Share buttons by mashshare.net - Version: 4.0.47-->\n<p><em>Por Enedino Hern\u00e1ndez\/Zunoticia<\/em><\/p>\n\n\n\n<p><strong>Huejutla, Hgo. &#8211;<\/strong> El secretario de Desarrollo Econ\u00f3mico de la presidencia municipal de Huejutla de Reyes, Salatiel Dom\u00ednguez Flores, pidi\u00f3 p\u00fablicamente a la poblaci\u00f3n en general a realizar \u201ccompras planeadas\u201d y solo lo que realmente necesitan durante la realizaci\u00f3n del fin de semana m\u00e1s barato del a\u00f1o, mejor conocido como El Buen Fin.<\/p>\n\n\n\n<p>Es importante se\u00f1alar que, durante los d\u00edas comprendidos del 18 al 21 de noviembre se lleva a cabo por parte de las diversas empresas, establecimientos comerciales y comerciantes en general, la estrategia comercial conocida como El Buen Fin, cuando se \u201cofertan\u201d productos y servicios con una serie de descuentos.<\/p>\n\n\n\n<p>El funcionario municipal resalt\u00f3 que antes de comprar se debe de analizar, y planear una compra, pero sobre todo recomend\u00f3 que se debe de comprar lo que realmente se necesita y no solo \u201ccomprar por comprar\u201d.<\/p>\n\n\n\n<p>Reconoci\u00f3 que en estos d\u00edas \u201chay muchas ofertas enga\u00f1osas\u201d, en ocasiones resulta que es el mismo precio del mes pasado, lo elevan d\u00edas antes y le vuelven a poner el precio normal en estos d\u00edas.<\/p>\n\n\n\n<p>Salatiel Dom\u00ednguez Flores, se pronunci\u00f3 para que los ciudadanos acudan a establecimientos serios en donde claramente se pueda notar que se tiene un ahorro en raz\u00f3n a los descuentos que se hacen, pero s\u00ed tener mucho cuidado en todo momento.<\/p>\n","protected":false},"excerpt":{"rendered":"<p>Por Enedino Hern\u00e1ndez\/Zunoticia Huejutla, Hgo. &#8211; El secretario de Desarrollo Econ\u00f3mico de la presidencia municipal de Huejutla de Reyes, Salatiel Dom\u00ednguez Flores, pidi\u00f3 p\u00fablicamente a la poblaci\u00f3n en general a realizar \u201ccompras planeadas\u201d y solo lo que realmente necesitan durante la realizaci\u00f3n del fin de semana m\u00e1s barato del a\u00f1o, mejor conocido como El Buen&hellip; <a class=\"more-link\" href=\"https:\/\/www.zunoticia.com\/noticias-de-hidalgo\/2022\/11\/18\/piden-hacer-compras-planeadas-durante-el-buen-fin\/\">Seguir leyendo <span class=\"screen-reader-text\">Piden hacer compras planeadas durante el Buen Fin<\/span><\/a><\/p>\n","protected":false},"author":12,"featured_media":455405,"comment_status":"closed","ping_status":"open","sticky":false,"template":"","format":"standard","meta":{"rop_custom_images_group":[],"rop_custom_messages_group":[],"rop_publish_now":"initial","rop_publish_now_accounts":{"facebook_10159540855086992_322828327761733":""},"rop_publish_now_history":[],"rop_publish_now_status":"pending","footnotes":""},"categories":[181],"tags":[121],"class_list":["post-455404","post","type-post","status-publish","format-standard","has-post-thumbnail","hentry","category-huejutla","tag-huejutla","entry"],"_links":{"self":[{"href":"https:\/\/www.zunoticia.com\/noticias-de-hidalgo\/wp-json\/wp\/v2\/posts\/455404","targetHints":{"allow":["GET"]}}],"collection":[{"href":"https:\/\/www.zunoticia.com\/noticias-de-hidalgo\/wp-json\/wp\/v2\/posts"}],"about":[{"href":"https:\/\/www.zunoticia.com\/noticias-de-hidalgo\/wp-json\/wp\/v2\/types\/post"}],"author":[{"embeddable":true,"href":"https:\/\/www.zunoticia.com\/noticias-de-hidalgo\/wp-json\/wp\/v2\/users\/12"}],"replies":[{"embeddable":true,"href":"https:\/\/www.zunoticia.com\/noticias-de-hidalgo\/wp-json\/wp\/v2\/comments?post=455404"}],"version-history":[{"count":1,"href":"https:\/\/www.zunoticia.com\/noticias-de-hidalgo\/wp-json\/wp\/v2\/posts\/455404\/revisions"}],"predecessor-version":[{"id":455406,"href":"https:\/\/www.zunoticia.com\/noticias-de-hidalgo\/wp-json\/wp\/v2\/posts\/455404\/revisions\/455406"}],"wp:featuredmedia":[{"embeddable":true,"href":"https:\/\/www.zunoticia.com\/noticias-de-hidalgo\/wp-json\/wp\/v2\/media\/455405"}],"wp:attachment":[{"href":"https:\/\/www.zunoticia.com\/noticias-de-hidalgo\/wp-json\/wp\/v2\/media?parent=455404"}],"wp:term":[{"taxonomy":"category","embeddable":true,"href":"https:\/\/www.zunoticia.com\/noticias-de-hidalgo\/wp-json\/wp\/v2\/categories?post=455404"},{"taxonomy":"post_tag","embeddable":true,"href":"https:\/\/www.zunoticia.com\/noticias-de-hidalgo\/wp-json\/wp\/v2\/tags?post=455404"}],"curies":[{"name":"wp","href":"https:\/\/api.w.org\/{rel}","templated":true}]}}