{"id":455428,"date":"2022-11-18T19:38:23","date_gmt":"2022-11-19T01:38:23","guid":{"rendered":"https:\/\/www.zunoticia.com\/noticias-de-hidalgo\/?p=455428"},"modified":"2022-11-18T19:38:25","modified_gmt":"2022-11-19T01:38:25","slug":"localizan-a-menor-con-alerta-amber","status":"publish","type":"post","link":"https:\/\/www.zunoticia.com\/noticias-de-hidalgo\/2022\/11\/18\/localizan-a-menor-con-alerta-amber\/","title":{"rendered":"Localizan a menor con alerta AMBER"},"content":{"rendered":"<aside class=\"mashsb-container mashsb-main mashsb-stretched\"><div class=\"mashsb-box\"><div class=\"mashsb-count mash-large\" style=\"float:left\"><div class=\"counts mashsbcount\">49<\/div><span class=\"mashsb-sharetext\">SHARES<\/span><\/div><div class=\"mashsb-buttons\"><a class=\"mashicon-facebook mash-large mash-center mashsb-noshadow\" href=\"https:\/\/www.facebook.com\/sharer.php?u=https%3A%2F%2Fwww.zunoticia.com%2Fnoticias-de-hidalgo%2F2022%2F11%2F18%2Flocalizan-a-menor-con-alerta-amber%2F\" target=\"_top\" rel=\"nofollow\"><span class=\"icon\"><\/span><span class=\"text\">Share<\/span><\/a><a class=\"mashicon-twitter mash-large mash-center mashsb-noshadow\" href=\"https:\/\/twitter.com\/intent\/tweet?text=&amp;url=https:\/\/www.zunoticia.com\/noticias-de-hidalgo\/2022\/11\/18\/localizan-a-menor-con-alerta-amber\/\" target=\"_top\" rel=\"nofollow\"><span class=\"icon\"><\/span><span class=\"text\">Tweet<\/span><\/a><div class=\"onoffswitch2 mash-large mashsb-noshadow\" style=\"display:none\"><\/div><\/div>\n            <\/div>\n                <div style=\"clear:both\"><\/div><div class=\"mashsb-toggle-container\"><\/div><\/aside>\n            <!-- Share buttons by mashshare.net - Version: 4.0.47-->\n<p><em>Por Redacci\u00f3n\/Zunoticia<\/em><\/p>\n\n\n\n<p><strong>Huejutla, Hgo.-<\/strong> Fuerte movilizaci\u00f3n polic\u00edaca se suscit\u00f3 luego de que una menor de edad con reporte de alerta Amber fuera localizada en el interior de una taquer\u00eda de la zona centro.<\/p>\n\n\n\n<figure class=\"wp-block-image size-full\"><img fetchpriority=\"high\" decoding=\"async\" width=\"668\" height=\"896\" src=\"https:\/\/www.zunoticia.com\/noticias-de-hidalgo\/wp-content\/uploads\/2022\/11\/Imagen-de-WhatsApp-2022-11-18-a-las-18.03.031.jpg\" alt=\"\" class=\"wp-image-455425\" srcset=\"https:\/\/www.zunoticia.com\/noticias-de-hidalgo\/wp-content\/uploads\/2022\/11\/Imagen-de-WhatsApp-2022-11-18-a-las-18.03.031.jpg 668w, https:\/\/www.zunoticia.com\/noticias-de-hidalgo\/wp-content\/uploads\/2022\/11\/Imagen-de-WhatsApp-2022-11-18-a-las-18.03.031-224x300.jpg 224w\" sizes=\"(max-width: 668px) 100vw, 668px\" \/><\/figure>\n\n\n\n<p>Los hechos ocurrieron durante el transcurso del viernes sobre la calle Hilario Menindez de la zona centro de la ciudad de Huejutla, cuando elementos de Seguridad P\u00fablica Municipal y Estatal realizaron una fuerte movilizaci\u00f3n polic\u00edaca tras recibir el reporte, donde mencionaban que una menor de edad con reporte de alerta Amber hab\u00eda sido localizada en el interior de una taquer\u00eda, por lo que los elementos acudieron al lugar.<\/p>\n\n\n<div class=\"wp-block-image\">\n<figure class=\"aligncenter size-full\"><img decoding=\"async\" width=\"307\" height=\"432\" src=\"https:\/\/www.zunoticia.com\/noticias-de-hidalgo\/wp-content\/uploads\/2022\/11\/Imagen-de-WhatsApp-2022-11-18-a-las-18.03.032.jpg\" alt=\"\" class=\"wp-image-455426\" srcset=\"https:\/\/www.zunoticia.com\/noticias-de-hidalgo\/wp-content\/uploads\/2022\/11\/Imagen-de-WhatsApp-2022-11-18-a-las-18.03.032.jpg 307w, https:\/\/www.zunoticia.com\/noticias-de-hidalgo\/wp-content\/uploads\/2022\/11\/Imagen-de-WhatsApp-2022-11-18-a-las-18.03.032-213x300.jpg 213w\" sizes=\"(max-width: 307px) 100vw, 307px\" \/><\/figure>\n<\/div>\n\n\n<p>Al llegar a la zona las autoridades cuestionaron a la menor de 11 a\u00f1os de edad, quien coment\u00f3 ser originaria del Estado de M\u00e9xico del municipio de Zumpango y que desde el pasado 7 de noviembre hab\u00eda desaparecido, por lo que su familia desesperadamente la buscaba a trav\u00e9s del n\u00famero de reporte AAEM\/1009119\/2022.<\/p>\n\n\n\n<figure class=\"wp-block-image size-large\"><img decoding=\"async\" width=\"1024\" height=\"576\" src=\"https:\/\/www.zunoticia.com\/noticias-de-hidalgo\/wp-content\/uploads\/2022\/11\/Imagen-de-WhatsApp-2022-11-18-a-las-18.03.02-1024x576.jpg\" alt=\"\" class=\"wp-image-455423\" srcset=\"https:\/\/www.zunoticia.com\/noticias-de-hidalgo\/wp-content\/uploads\/2022\/11\/Imagen-de-WhatsApp-2022-11-18-a-las-18.03.02-1024x576.jpg 1024w, https:\/\/www.zunoticia.com\/noticias-de-hidalgo\/wp-content\/uploads\/2022\/11\/Imagen-de-WhatsApp-2022-11-18-a-las-18.03.02-300x169.jpg 300w, https:\/\/www.zunoticia.com\/noticias-de-hidalgo\/wp-content\/uploads\/2022\/11\/Imagen-de-WhatsApp-2022-11-18-a-las-18.03.02-768x432.jpg 768w, https:\/\/www.zunoticia.com\/noticias-de-hidalgo\/wp-content\/uploads\/2022\/11\/Imagen-de-WhatsApp-2022-11-18-a-las-18.03.02.jpg 1080w\" sizes=\"(max-width: 1024px) 100vw, 1024px\" \/><\/figure>\n\n\n\n<p>As\u00ed mismo, debido a su desaparici\u00f3n se hab\u00eda convocado a una marcha Pac\u00edfica cerca del Aeropuerto Felipe \u00c1ngeles el pr\u00f3ximo domingo 20 de noviembre, ya que la familia intentaba presionar a las autoridades del Estado de M\u00e9xico para hacer todo lo posible por localizar a la ni\u00f1a.<\/p>\n\n\n\n<p>Cabe hacer menci\u00f3n que hasta el momento se desconocen los motivos por los cuales la menor desapareci\u00f3, debido a que se presume que el 7 noviembre se dirig\u00eda con destino a la escuela, sin embargo, nunca lleg\u00f3, por lo que se espera que las autoridades correspondientes realicen las investigaciones pertinentes para conocer el motivo por el cual se localizaba en la ciudad de Huejutla.<\/p>\n","protected":false},"excerpt":{"rendered":"<p>Por Redacci\u00f3n\/Zunoticia Huejutla, Hgo.- Fuerte movilizaci\u00f3n polic\u00edaca se suscit\u00f3 luego de que una menor de edad con reporte de alerta Amber fuera localizada en el interior de una taquer\u00eda de la zona centro. Los hechos ocurrieron durante el transcurso del viernes sobre la calle Hilario Menindez de la zona centro de la ciudad de Huejutla,&hellip; <a class=\"more-link\" href=\"https:\/\/www.zunoticia.com\/noticias-de-hidalgo\/2022\/11\/18\/localizan-a-menor-con-alerta-amber\/\">Seguir leyendo <span class=\"screen-reader-text\">Localizan a menor con alerta AMBER<\/span><\/a><\/p>\n","protected":false},"author":12,"featured_media":455424,"comment_status":"closed","ping_status":"open","sticky":false,"template":"","format":"standard","meta":{"rop_custom_images_group":[],"rop_custom_messages_group":[],"rop_publish_now":"initial","rop_publish_now_accounts":{"facebook_10159540855086992_322828327761733":""},"rop_publish_now_history":[],"rop_publish_now_status":"pending","footnotes":""},"categories":[178],"tags":[259],"class_list":["post-455428","post","type-post","status-publish","format-standard","has-post-thumbnail","hentry","category-policiaca","tag-policiaca","entry"],"_links":{"self":[{"href":"https:\/\/www.zunoticia.com\/noticias-de-hidalgo\/wp-json\/wp\/v2\/posts\/455428","targetHints":{"allow":["GET"]}}],"collection":[{"href":"https:\/\/www.zunoticia.com\/noticias-de-hidalgo\/wp-json\/wp\/v2\/posts"}],"about":[{"href":"https:\/\/www.zunoticia.com\/noticias-de-hidalgo\/wp-json\/wp\/v2\/types\/post"}],"author":[{"embeddable":true,"href":"https:\/\/www.zunoticia.com\/noticias-de-hidalgo\/wp-json\/wp\/v2\/users\/12"}],"replies":[{"embeddable":true,"href":"https:\/\/www.zunoticia.com\/noticias-de-hidalgo\/wp-json\/wp\/v2\/comments?post=455428"}],"version-history":[{"count":1,"href":"https:\/\/www.zunoticia.com\/noticias-de-hidalgo\/wp-json\/wp\/v2\/posts\/455428\/revisions"}],"predecessor-version":[{"id":455429,"href":"https:\/\/www.zunoticia.com\/noticias-de-hidalgo\/wp-json\/wp\/v2\/posts\/455428\/revisions\/455429"}],"wp:featuredmedia":[{"embeddable":true,"href":"https:\/\/www.zunoticia.com\/noticias-de-hidalgo\/wp-json\/wp\/v2\/media\/455424"}],"wp:attachment":[{"href":"https:\/\/www.zunoticia.com\/noticias-de-hidalgo\/wp-json\/wp\/v2\/media?parent=455428"}],"wp:term":[{"taxonomy":"category","embeddable":true,"href":"https:\/\/www.zunoticia.com\/noticias-de-hidalgo\/wp-json\/wp\/v2\/categories?post=455428"},{"taxonomy":"post_tag","embeddable":true,"href":"https:\/\/www.zunoticia.com\/noticias-de-hidalgo\/wp-json\/wp\/v2\/tags?post=455428"}],"curies":[{"name":"wp","href":"https:\/\/api.w.org\/{rel}","templated":true}]}}