{"id":455436,"date":"2022-11-18T20:44:01","date_gmt":"2022-11-19T02:44:01","guid":{"rendered":"https:\/\/www.zunoticia.com\/noticias-de-hidalgo\/?p=455436"},"modified":"2022-11-18T20:45:16","modified_gmt":"2022-11-19T02:45:16","slug":"preparan-desfile-por-el-112-aniversario-de-la-revolucion-mexicana","status":"publish","type":"post","link":"https:\/\/www.zunoticia.com\/noticias-de-hidalgo\/2022\/11\/18\/preparan-desfile-por-el-112-aniversario-de-la-revolucion-mexicana\/","title":{"rendered":"Preparan Desfile por el 112 aniversario de la Revoluci\u00f3n Mexicana"},"content":{"rendered":"<aside class=\"mashsb-container mashsb-main mashsb-stretched\"><div class=\"mashsb-box\"><div class=\"mashsb-count mash-large\" style=\"float:left\"><div class=\"counts mashsbcount\">18<\/div><span class=\"mashsb-sharetext\">SHARES<\/span><\/div><div class=\"mashsb-buttons\"><a class=\"mashicon-facebook mash-large mash-center mashsb-noshadow\" href=\"https:\/\/www.facebook.com\/sharer.php?u=https%3A%2F%2Fwww.zunoticia.com%2Fnoticias-de-hidalgo%2F2022%2F11%2F18%2Fpreparan-desfile-por-el-112-aniversario-de-la-revolucion-mexicana%2F\" target=\"_top\" rel=\"nofollow\"><span class=\"icon\"><\/span><span class=\"text\">Share<\/span><\/a><a class=\"mashicon-twitter mash-large mash-center mashsb-noshadow\" href=\"https:\/\/twitter.com\/intent\/tweet?text=&amp;url=https:\/\/www.zunoticia.com\/noticias-de-hidalgo\/2022\/11\/18\/preparan-desfile-por-el-112-aniversario-de-la-revolucion-mexicana\/\" target=\"_top\" rel=\"nofollow\"><span class=\"icon\"><\/span><span class=\"text\">Tweet<\/span><\/a><div class=\"onoffswitch2 mash-large mashsb-noshadow\" style=\"display:none\"><\/div><\/div>\n            <\/div>\n                <div style=\"clear:both\"><\/div><div class=\"mashsb-toggle-container\"><\/div><\/aside>\n            <!-- Share buttons by mashshare.net - Version: 4.0.47-->\n<p><em>Enedino Hern\u00e1ndez\/Zunoticia<\/em><\/p>\n\n\n\n<p><strong>Huejutla, Hgo.-<\/strong> Personal de la Presidencia Municipal se prepara junto con las autoridades competentes para llevar a cabo el desfile conmemorativo del 112 aniversario de la Revoluci\u00f3n Mexicana.<\/p>\n\n\n\n<p>El Secretario de Desarrollo Humano de la Presidencia Municipal de Huejutla, Sotero Ram\u00edrez, confirm\u00f3 que el Desfile con motivo del 112 aniversario de la Revoluci\u00f3n Mexicana se llevar\u00e1 a cabo a las 10:00 horas del domingo 20 de noviembre, inici\u00e1ndose en la Plazuela Ju\u00e1rez para pasar los contingentes frente a la Presidencia Municipal.<\/p>\n\n\n\n<p>Indic\u00f3 que los alumnos de las diversas instituciones educativas del nivel b\u00e1sico, medio superior y superior, ya se mantienen preparados para participar en el Desfile Revolucionario, mientras que frente a la Presidencia Municipal se tendr\u00e1 un pres\u00eddium en la cual las autoridades municipales y educativas presenciar\u00e1n este evento.<\/p>\n\n\n\n<p>Confi\u00f3 que esperan que las condiciones climatol\u00f3gicas que prevalecen en la zona favorezcan el desarrollo del desfile previsto para la ma\u00f1ana el domingo por las calles del centro de Huejutla con el cual se recordar\u00e1 el 112 aniversario de la Revoluci\u00f3n Mexicana.<\/p>\n\n\n\n<p>Concluy\u00f3 diciendo que, el 20 de noviembre es una fecha muy importante que no se debe de olvidar, porque sin duda alguna que como pa\u00eds que somos se tiene que ir cuidando la formaci\u00f3n que en su momento nos dieron quienes lucharon en la Revoluci\u00f3n Mexicana.<\/p>\n","protected":false},"excerpt":{"rendered":"<p>Enedino Hern\u00e1ndez\/Zunoticia Huejutla, Hgo.- Personal de la Presidencia Municipal se prepara junto con las autoridades competentes para llevar a cabo el desfile conmemorativo del 112 aniversario de la Revoluci\u00f3n Mexicana. El Secretario de Desarrollo Humano de la Presidencia Municipal de Huejutla, Sotero Ram\u00edrez, confirm\u00f3 que el Desfile con motivo del 112 aniversario de la Revoluci\u00f3n&hellip; <a class=\"more-link\" href=\"https:\/\/www.zunoticia.com\/noticias-de-hidalgo\/2022\/11\/18\/preparan-desfile-por-el-112-aniversario-de-la-revolucion-mexicana\/\">Seguir leyendo <span class=\"screen-reader-text\">Preparan Desfile por el 112 aniversario de la Revoluci\u00f3n Mexicana<\/span><\/a><\/p>\n","protected":false},"author":12,"featured_media":455421,"comment_status":"closed","ping_status":"open","sticky":false,"template":"","format":"standard","meta":{"rop_custom_images_group":[],"rop_custom_messages_group":[],"rop_publish_now":"initial","rop_publish_now_accounts":{"facebook_10159540855086992_322828327761733":""},"rop_publish_now_history":[],"rop_publish_now_status":"pending","footnotes":""},"categories":[181],"tags":[121],"class_list":["post-455436","post","type-post","status-publish","format-standard","has-post-thumbnail","hentry","category-huejutla","tag-huejutla","entry"],"_links":{"self":[{"href":"https:\/\/www.zunoticia.com\/noticias-de-hidalgo\/wp-json\/wp\/v2\/posts\/455436","targetHints":{"allow":["GET"]}}],"collection":[{"href":"https:\/\/www.zunoticia.com\/noticias-de-hidalgo\/wp-json\/wp\/v2\/posts"}],"about":[{"href":"https:\/\/www.zunoticia.com\/noticias-de-hidalgo\/wp-json\/wp\/v2\/types\/post"}],"author":[{"embeddable":true,"href":"https:\/\/www.zunoticia.com\/noticias-de-hidalgo\/wp-json\/wp\/v2\/users\/12"}],"replies":[{"embeddable":true,"href":"https:\/\/www.zunoticia.com\/noticias-de-hidalgo\/wp-json\/wp\/v2\/comments?post=455436"}],"version-history":[{"count":1,"href":"https:\/\/www.zunoticia.com\/noticias-de-hidalgo\/wp-json\/wp\/v2\/posts\/455436\/revisions"}],"predecessor-version":[{"id":455438,"href":"https:\/\/www.zunoticia.com\/noticias-de-hidalgo\/wp-json\/wp\/v2\/posts\/455436\/revisions\/455438"}],"wp:featuredmedia":[{"embeddable":true,"href":"https:\/\/www.zunoticia.com\/noticias-de-hidalgo\/wp-json\/wp\/v2\/media\/455421"}],"wp:attachment":[{"href":"https:\/\/www.zunoticia.com\/noticias-de-hidalgo\/wp-json\/wp\/v2\/media?parent=455436"}],"wp:term":[{"taxonomy":"category","embeddable":true,"href":"https:\/\/www.zunoticia.com\/noticias-de-hidalgo\/wp-json\/wp\/v2\/categories?post=455436"},{"taxonomy":"post_tag","embeddable":true,"href":"https:\/\/www.zunoticia.com\/noticias-de-hidalgo\/wp-json\/wp\/v2\/tags?post=455436"}],"curies":[{"name":"wp","href":"https:\/\/api.w.org\/{rel}","templated":true}]}}