{"id":455460,"date":"2022-11-18T21:29:09","date_gmt":"2022-11-19T03:29:09","guid":{"rendered":"https:\/\/www.zunoticia.com\/noticias-de-hidalgo\/?p=455460"},"modified":"2022-11-18T21:29:11","modified_gmt":"2022-11-19T03:29:11","slug":"carlos-henkel-impulso-a-economias-regionales","status":"publish","type":"post","link":"https:\/\/www.zunoticia.com\/noticias-de-hidalgo\/2022\/11\/18\/carlos-henkel-impulso-a-economias-regionales\/","title":{"rendered":"Carlos Henkel : &nbsp;Impulso a econom\u00edas regionales"},"content":{"rendered":"<aside class=\"mashsb-container mashsb-main mashsb-stretched\"><div class=\"mashsb-box\"><div class=\"mashsb-count mash-large\" style=\"float:left\"><div class=\"counts mashsbcount\">32<\/div><span class=\"mashsb-sharetext\">SHARES<\/span><\/div><div class=\"mashsb-buttons\"><a class=\"mashicon-facebook mash-large mash-center mashsb-noshadow\" href=\"https:\/\/www.facebook.com\/sharer.php?u=https%3A%2F%2Fwww.zunoticia.com%2Fnoticias-de-hidalgo%2F2022%2F11%2F18%2Fcarlos-henkel-impulso-a-economias-regionales%2F\" target=\"_top\" rel=\"nofollow\"><span class=\"icon\"><\/span><span class=\"text\">Share<\/span><\/a><a class=\"mashicon-twitter mash-large mash-center mashsb-noshadow\" href=\"https:\/\/twitter.com\/intent\/tweet?text=&amp;url=https:\/\/www.zunoticia.com\/noticias-de-hidalgo\/2022\/11\/18\/carlos-henkel-impulso-a-economias-regionales\/\" target=\"_top\" rel=\"nofollow\"><span class=\"icon\"><\/span><span class=\"text\">Tweet<\/span><\/a><div class=\"onoffswitch2 mash-large mashsb-noshadow\" style=\"display:none\"><\/div><\/div>\n            <\/div>\n                <div style=\"clear:both\"><\/div><div class=\"mashsb-toggle-container\"><\/div><\/aside>\n            <!-- Share buttons by mashshare.net - Version: 4.0.47-->\n<ul class=\"wp-block-list\"><li>Nuestro objetivo es crear sinergias para un entorno de negocios favorable, potenciar la inversi\u00f3n productiva, elevar el crecimiento de las micro, peque\u00f1as y medianas empresas y la generaci\u00f3n de empleos.<\/li><\/ul>\n\n\n\n<p><em>Por Redacci\u00f3n\/Zunoticia<\/em><\/p>\n\n\n\n<p><strong>Pachuca, Hgo.-<\/strong> Tras su participaci\u00f3n en la Sexta Asamblea General Ordinaria de la Asociaci\u00f3n Mexicana de Secretarios de Desarrollo Econ\u00f3mico (AMSDE), realizada en Cuernavaca, Morelos, en su calidad de coordinador regional de la Zona Centro, el titular de la Sedeco Hidalgo, Carlos Henkel Escorza, se pronunci\u00f3 por impulsar las econom\u00edas regionales.<\/p>\n\n\n\n<p>Esto permite continuar con el impulso al crecimiento financiero del pa\u00eds y&nbsp; de Hidalgo, mediante acciones en materia de exportaci\u00f3n e inversiones, y as\u00ed optimizar la competitividad para alcanzar nuevos mercados, resalt\u00f3.<\/p>\n\n\n\n<p>Por ello participar en esta asamblea, indic\u00f3, permite crear sinergias para un entorno de negocios favorable, potenciar la inversi\u00f3n productiva, elevar el crecimiento de las micro, peque\u00f1as y medianas empresas y la generaci\u00f3n de empleos.<\/p>\n\n\n\n<p>Como parte de los trabajos desarrollados en la Asamblea, se present\u00f3 a la Agencia de Promoci\u00f3n de Atracci\u00f3n de Inversiones Extranjeras Directas de Estados Unidos de Norteam\u00e9rica para cautivar nuevos negocios en territorio nacional. Adem\u00e1s, atestigu\u00f3 la firma de Convenio de Colaboraci\u00f3n con la Asociaci\u00f3n Mexicana de la Industria Automotriz (AMIA) y la AMSDE.<\/p>\n\n\n\n<figure class=\"wp-block-image size-large\"><img fetchpriority=\"high\" decoding=\"async\" width=\"1024\" height=\"768\" src=\"https:\/\/www.zunoticia.com\/noticias-de-hidalgo\/wp-content\/uploads\/2022\/11\/eZy-Watermark-18-11-2022-09-20-02p.m.-1024x768.jpg\" alt=\"\" class=\"wp-image-455446\" srcset=\"https:\/\/www.zunoticia.com\/noticias-de-hidalgo\/wp-content\/uploads\/2022\/11\/eZy-Watermark-18-11-2022-09-20-02p.m.-1024x768.jpg 1024w, https:\/\/www.zunoticia.com\/noticias-de-hidalgo\/wp-content\/uploads\/2022\/11\/eZy-Watermark-18-11-2022-09-20-02p.m.-300x225.jpg 300w, https:\/\/www.zunoticia.com\/noticias-de-hidalgo\/wp-content\/uploads\/2022\/11\/eZy-Watermark-18-11-2022-09-20-02p.m.-768x576.jpg 768w, https:\/\/www.zunoticia.com\/noticias-de-hidalgo\/wp-content\/uploads\/2022\/11\/eZy-Watermark-18-11-2022-09-20-02p.m..jpg 1280w\" sizes=\"(max-width: 1024px) 100vw, 1024px\" \/><\/figure>\n\n\n\n<p>Posterior a las actividades de la Asamblea, con el objetivo de fomentar el desarrollo de las empresas con especializaci\u00f3n en nuevas tecnolog\u00edas, se llev\u00f3 a cabo la 4\u00aa &nbsp;Edici\u00f3n del \u201cForo Industria 4.0 2022, un reto mundial desde una perspectiva local\u201d, donde participaron l\u00edderes mundiales en materia empresarial como Steve Wozniak, cofundador de Apple.<\/p>\n\n\n\n<p>El \u00edcono de Silicon Valley es uno de los principales desarrolladores del mundo actual y en esta ocasi\u00f3n comparti\u00f3 sus conocimientos para inspirar a las pr\u00f3ximas generaciones de empresarios e ingenieros, y a los gobiernos para implementar pol\u00edticas p\u00fablicas estrat\u00e9gicas, con ello impulsar las econom\u00edas locales, regionales y global.<\/p>\n\n\n\n<p>Dicho Foro, el cual fue inaugurado por el gobernador de Morelos, Cuauht\u00e9moc Blanco Bravo, se trata del evento m\u00e1s importante de transformaci\u00f3n digital para las empresas y para crear redes de negocios, herramientas fundamentales consideradas dentro las pol\u00edticas p\u00fablicas del gobierno que encabeza el mandatario hidalguense, Julio Menchaca Salazar, para impulsar la competitividad del sector.<\/p>\n\n\n\n<p>En este espacio adem\u00e1s de los integrantes de la AMSDE, reuni\u00f3 a empresarios y estudiantes para presenciar conferencias relacionadas a tecnolog\u00edas, como el big data, inteligencia artificial, rob\u00f3tica, adem\u00e1s de otras para la mejora de negocios y el desarrollo del talento humano.<\/p>\n","protected":false},"excerpt":{"rendered":"<p>Nuestro objetivo es crear sinergias para un entorno de negocios favorable, potenciar la inversi\u00f3n productiva, elevar el crecimiento de las micro, peque\u00f1as y medianas empresas y la generaci\u00f3n de empleos. Por Redacci\u00f3n\/Zunoticia Pachuca, Hgo.- Tras su participaci\u00f3n en la Sexta Asamblea General Ordinaria de la Asociaci\u00f3n Mexicana de Secretarios de Desarrollo Econ\u00f3mico (AMSDE), realizada en&hellip; <a class=\"more-link\" href=\"https:\/\/www.zunoticia.com\/noticias-de-hidalgo\/2022\/11\/18\/carlos-henkel-impulso-a-economias-regionales\/\">Seguir leyendo <span class=\"screen-reader-text\">Carlos Henkel : &nbsp;Impulso a econom\u00edas regionales<\/span><\/a><\/p>\n","protected":false},"author":12,"featured_media":455445,"comment_status":"closed","ping_status":"open","sticky":false,"template":"","format":"standard","meta":{"rop_custom_images_group":[],"rop_custom_messages_group":[],"rop_publish_now":"initial","rop_publish_now_accounts":{"facebook_10159540855086992_322828327761733":""},"rop_publish_now_history":[],"rop_publish_now_status":"pending","footnotes":""},"categories":[208],"tags":[214],"class_list":["post-455460","post","type-post","status-publish","format-standard","has-post-thumbnail","hentry","category-estado","tag-estado","entry"],"_links":{"self":[{"href":"https:\/\/www.zunoticia.com\/noticias-de-hidalgo\/wp-json\/wp\/v2\/posts\/455460","targetHints":{"allow":["GET"]}}],"collection":[{"href":"https:\/\/www.zunoticia.com\/noticias-de-hidalgo\/wp-json\/wp\/v2\/posts"}],"about":[{"href":"https:\/\/www.zunoticia.com\/noticias-de-hidalgo\/wp-json\/wp\/v2\/types\/post"}],"author":[{"embeddable":true,"href":"https:\/\/www.zunoticia.com\/noticias-de-hidalgo\/wp-json\/wp\/v2\/users\/12"}],"replies":[{"embeddable":true,"href":"https:\/\/www.zunoticia.com\/noticias-de-hidalgo\/wp-json\/wp\/v2\/comments?post=455460"}],"version-history":[{"count":1,"href":"https:\/\/www.zunoticia.com\/noticias-de-hidalgo\/wp-json\/wp\/v2\/posts\/455460\/revisions"}],"predecessor-version":[{"id":455462,"href":"https:\/\/www.zunoticia.com\/noticias-de-hidalgo\/wp-json\/wp\/v2\/posts\/455460\/revisions\/455462"}],"wp:featuredmedia":[{"embeddable":true,"href":"https:\/\/www.zunoticia.com\/noticias-de-hidalgo\/wp-json\/wp\/v2\/media\/455445"}],"wp:attachment":[{"href":"https:\/\/www.zunoticia.com\/noticias-de-hidalgo\/wp-json\/wp\/v2\/media?parent=455460"}],"wp:term":[{"taxonomy":"category","embeddable":true,"href":"https:\/\/www.zunoticia.com\/noticias-de-hidalgo\/wp-json\/wp\/v2\/categories?post=455460"},{"taxonomy":"post_tag","embeddable":true,"href":"https:\/\/www.zunoticia.com\/noticias-de-hidalgo\/wp-json\/wp\/v2\/tags?post=455460"}],"curies":[{"name":"wp","href":"https:\/\/api.w.org\/{rel}","templated":true}]}}