{"id":455463,"date":"2022-11-18T21:35:09","date_gmt":"2022-11-19T03:35:09","guid":{"rendered":"https:\/\/www.zunoticia.com\/noticias-de-hidalgo\/?p=455463"},"modified":"2022-11-18T21:35:11","modified_gmt":"2022-11-19T03:35:11","slug":"propone-menchaca-aumento-global-del-14-al-presupuesto-2023","status":"publish","type":"post","link":"https:\/\/www.zunoticia.com\/noticias-de-hidalgo\/2022\/11\/18\/propone-menchaca-aumento-global-del-14-al-presupuesto-2023\/","title":{"rendered":"Propone Menchaca aumento global del 14% al presupuesto 2023"},"content":{"rendered":"<aside class=\"mashsb-container mashsb-main mashsb-stretched\"><div class=\"mashsb-box\"><div class=\"mashsb-count mash-large\" style=\"float:left\"><div class=\"counts mashsbcount\">16<\/div><span class=\"mashsb-sharetext\">SHARES<\/span><\/div><div class=\"mashsb-buttons\"><a class=\"mashicon-facebook mash-large mash-center mashsb-noshadow\" href=\"https:\/\/www.facebook.com\/sharer.php?u=https%3A%2F%2Fwww.zunoticia.com%2Fnoticias-de-hidalgo%2F2022%2F11%2F18%2Fpropone-menchaca-aumento-global-del-14-al-presupuesto-2023%2F\" target=\"_top\" rel=\"nofollow\"><span class=\"icon\"><\/span><span class=\"text\">Share<\/span><\/a><a class=\"mashicon-twitter mash-large mash-center mashsb-noshadow\" href=\"https:\/\/twitter.com\/intent\/tweet?text=&amp;url=https:\/\/www.zunoticia.com\/noticias-de-hidalgo\/2022\/11\/18\/propone-menchaca-aumento-global-del-14-al-presupuesto-2023\/\" target=\"_top\" rel=\"nofollow\"><span class=\"icon\"><\/span><span class=\"text\">Tweet<\/span><\/a><div class=\"onoffswitch2 mash-large mashsb-noshadow\" style=\"display:none\"><\/div><\/div>\n            <\/div>\n                <div style=\"clear:both\"><\/div><div class=\"mashsb-toggle-container\"><\/div><\/aside>\n            <!-- Share buttons by mashshare.net - Version: 4.0.47-->\n<ul class=\"wp-block-list\"><li>Con pol\u00edticas de austeridad, fortalecer\u00e1 presupuestalmente los rubros de educaci\u00f3n, seguridad, cultura y otros en beneficio del pueblo.<\/li><li>Inician Brigadas del Bienestar para la Salud en El Arenal.<\/li><\/ul>\n\n\n\n<p><em>Por Redacci\u00f3n\/Zunoticia<\/em><\/p>\n\n\n\n<p><strong>El Arenal, Hgo.-<\/strong> Durante gira de trabajo en el municipio de El Arenal, el gobernador Julio Menchaca Salazar anunci\u00f3 que present\u00f3 ante el Congreso de Hidalgo la propuesta de Presupuesto 2023, en la cual plantea un aumento global del 14 por ciento (%) con respecto al a\u00f1o anterior.<\/p>\n\n\n\n<p>En la propuesta de presupuesto \u201cestamos quit\u00e1ndole al funcionamiento de las oficinas de gobierno un 14 por ciento y enfocarlo a lo que reclaman\u201d los diferentes sectores de la sociedad: campo, mujeres, la seguridad, el empleo, la cultura, obras p\u00fablicas, indic\u00f3.<\/p>\n\n\n\n<p>Expuso que se le dio prioridad a la atenci\u00f3n a las mujeres con un incremento de 133% y un aumento del 78% al de Desarrollo Econ\u00f3mico y empleo.<\/p>\n\n\n\n<p>Explic\u00f3 que el proyecto presupuestal contempla varios aumentos: en el sector campesino de 326 a 464 millones, en Educaci\u00f3n de 24 mil 743 millones a cerca de 26 mil 800 millones, en Bienestar de mil 383 millones a mil 700 millones de pesos, mientras que Seguridad aumentar\u00e1 de 2 mil 864 millones a 2 mil 976 millones y Cultura de 122 a 207 millones, entre otras que, apegadas al precepto de austeridad, contar\u00e1n con m\u00e1s recursos para atender a la ciudadan\u00eda.<\/p>\n\n\n\n<p>El gobernador Menchaca record\u00f3 que tambi\u00e9n envi\u00f3 al Legislativo la iniciativa para la creaci\u00f3n del Instituto Hidalguense para Devolverle al Pueblo lo Robado con ello se van a utilizar los recursos recuperados en programas sociales.<\/p>\n\n\n\n<figure class=\"wp-block-image size-large\"><img fetchpriority=\"high\" decoding=\"async\" width=\"1024\" height=\"683\" src=\"https:\/\/www.zunoticia.com\/noticias-de-hidalgo\/wp-content\/uploads\/2022\/11\/eZy-Watermark-18-11-2022-09-32-10p.m.-1024x683.jpg\" alt=\"\" class=\"wp-image-455465\" srcset=\"https:\/\/www.zunoticia.com\/noticias-de-hidalgo\/wp-content\/uploads\/2022\/11\/eZy-Watermark-18-11-2022-09-32-10p.m.-1024x683.jpg 1024w, https:\/\/www.zunoticia.com\/noticias-de-hidalgo\/wp-content\/uploads\/2022\/11\/eZy-Watermark-18-11-2022-09-32-10p.m.-300x200.jpg 300w, https:\/\/www.zunoticia.com\/noticias-de-hidalgo\/wp-content\/uploads\/2022\/11\/eZy-Watermark-18-11-2022-09-32-10p.m.-768x512.jpg 768w, https:\/\/www.zunoticia.com\/noticias-de-hidalgo\/wp-content\/uploads\/2022\/11\/eZy-Watermark-18-11-2022-09-32-10p.m..jpg 1280w\" sizes=\"(max-width: 1024px) 100vw, 1024px\" \/><\/figure>\n\n\n\n<p>Enfatiz\u00f3 que a 70 d\u00edas de gobierno se han entregado obras y apoyos que impactan de manera positiva en la vida de las y los hidalguenses, como la construcci\u00f3n de 15 cuartos dormitorios en esta demarcaci\u00f3n y el inicio de las Brigadas del Bienestar para la Salud, por ello exhort\u00f3 a las y los legisladores a velar por los intereses del pueblo hidalguense.<\/p>\n\n\n\n<p>La titular de la Secretar\u00eda de Desarrollo Social, Simey Olvera Bautista, se\u00f1al\u00f3 que las Brigadas M\u00e9dicas del Bienestar para la Salud cuentan con servicios de enfermer\u00eda, estudios de laboratorio, medicina de especialidad, odontolog\u00eda, vacunaci\u00f3n, nutrici\u00f3n, ginecolog\u00eda, psicolog\u00eda y optometr\u00eda, s\u00f3lo por mencionar algunos.<\/p>\n\n\n\n<p>Expuso que la estrategia de las Brigadas M\u00e9dicas del Bienestar es en coordinaci\u00f3n con la Secretar\u00eda de Salud, recorrer\u00e1 10 municipios para acercar servicios de calidad como estudios de laboratorio, medicina de especialidad y vacunaci\u00f3n.&nbsp;<\/p>\n\n\n\n<p>&#8220;Bajo la directriz del presidente L\u00f3pez Obrador y del gobernador Julio Menchaca estamos haciendo historia&#8221;; por ello el inter\u00e9s de atender a las familias hidalguenses, manifest\u00f3, Simey Olvera.<\/p>\n\n\n\n<p>La secretaria de Salud Zorayda Robles Barrera atestigu\u00f3 la entrega de apoyos funcionales.<\/p>\n\n\n\n<p>En su intervenci\u00f3n Alejandro S\u00e1nchez Garc\u00eda, secretario de Obras P\u00fablicas y Ordenamiento Territorial destac\u00f3 que por instrucci\u00f3n del mandatario estatal todas las obras entregadas por parte de la dependencia se realizaron bajo el esquema de licitaci\u00f3n p\u00fablica, lo que permite transparentar las acciones gubernamentales.<\/p>\n\n\n\n<p>Cit\u00f3 que la construcci\u00f3n de 15 cuartos dormitorio en las localidades de Barrio Frutilla y El Ojua, representan un monto de inversi\u00f3n de 862 mil 100 pesos, beneficiando a 59 habitantes de estas comunidades, con la finalidad de asegurar viviendas dignas y combatir el hacinamiento humano.<\/p>\n\n\n\n<p>Ranulfo Serrano Moedano, alcalde de El Arenal reconoci\u00f3 la visi\u00f3n democr\u00e1tica, inclusi\u00f3n, determinaci\u00f3n y firmeza del gobernador Menchaca en todas las acciones para beneficio de los habitantes de este municipio.<\/p>\n\n\n\n<p>Para Ana Victoria \u00c1ngeles, comerciante originaria de la comunidad de San Jos\u00e9 Tepenen\u00e9, calific\u00f3 como positiva la presencia del gobernador Menchaca, \u201cme parece bien, pero yo quisiera que hubiera m\u00e1s apoyos para nuestro sector, que somos personas con discapacidad, no siempre tenemos la oportunidad de un empleo, de estudios o cualquier apoyo\u201d.<\/p>\n\n\n\n<p>En tanto que Ger\u00f3nimo Barrera Espinoza, mec\u00e1nico y campesino oriundo de la comunidad de Santa Rosa, declar\u00f3: \u201cme parece muy bien los proyectos que trae en puerta el gobernador, espero que siga d\u00e1ndole atenci\u00f3n a los pueblos olvidos como Santa Rosa, fue un pueblo minero abandonado y queremos promover el turismo\u201d.<\/p>\n","protected":false},"excerpt":{"rendered":"<p>Con pol\u00edticas de austeridad, fortalecer\u00e1 presupuestalmente los rubros de educaci\u00f3n, seguridad, cultura y otros en beneficio del pueblo. Inician Brigadas del Bienestar para la Salud en El Arenal. Por Redacci\u00f3n\/Zunoticia El Arenal, Hgo.- Durante gira de trabajo en el municipio de El Arenal, el gobernador Julio Menchaca Salazar anunci\u00f3 que present\u00f3 ante el Congreso de&hellip; <a class=\"more-link\" href=\"https:\/\/www.zunoticia.com\/noticias-de-hidalgo\/2022\/11\/18\/propone-menchaca-aumento-global-del-14-al-presupuesto-2023\/\">Seguir leyendo <span class=\"screen-reader-text\">Propone Menchaca aumento global del 14% al presupuesto 2023<\/span><\/a><\/p>\n","protected":false},"author":12,"featured_media":455466,"comment_status":"closed","ping_status":"open","sticky":false,"template":"","format":"standard","meta":{"rop_custom_images_group":[],"rop_custom_messages_group":[],"rop_publish_now":"initial","rop_publish_now_accounts":{"facebook_10159540855086992_322828327761733":""},"rop_publish_now_history":[],"rop_publish_now_status":"pending","footnotes":""},"categories":[208],"tags":[214],"class_list":["post-455463","post","type-post","status-publish","format-standard","has-post-thumbnail","hentry","category-estado","tag-estado","entry"],"_links":{"self":[{"href":"https:\/\/www.zunoticia.com\/noticias-de-hidalgo\/wp-json\/wp\/v2\/posts\/455463","targetHints":{"allow":["GET"]}}],"collection":[{"href":"https:\/\/www.zunoticia.com\/noticias-de-hidalgo\/wp-json\/wp\/v2\/posts"}],"about":[{"href":"https:\/\/www.zunoticia.com\/noticias-de-hidalgo\/wp-json\/wp\/v2\/types\/post"}],"author":[{"embeddable":true,"href":"https:\/\/www.zunoticia.com\/noticias-de-hidalgo\/wp-json\/wp\/v2\/users\/12"}],"replies":[{"embeddable":true,"href":"https:\/\/www.zunoticia.com\/noticias-de-hidalgo\/wp-json\/wp\/v2\/comments?post=455463"}],"version-history":[{"count":1,"href":"https:\/\/www.zunoticia.com\/noticias-de-hidalgo\/wp-json\/wp\/v2\/posts\/455463\/revisions"}],"predecessor-version":[{"id":455467,"href":"https:\/\/www.zunoticia.com\/noticias-de-hidalgo\/wp-json\/wp\/v2\/posts\/455463\/revisions\/455467"}],"wp:featuredmedia":[{"embeddable":true,"href":"https:\/\/www.zunoticia.com\/noticias-de-hidalgo\/wp-json\/wp\/v2\/media\/455466"}],"wp:attachment":[{"href":"https:\/\/www.zunoticia.com\/noticias-de-hidalgo\/wp-json\/wp\/v2\/media?parent=455463"}],"wp:term":[{"taxonomy":"category","embeddable":true,"href":"https:\/\/www.zunoticia.com\/noticias-de-hidalgo\/wp-json\/wp\/v2\/categories?post=455463"},{"taxonomy":"post_tag","embeddable":true,"href":"https:\/\/www.zunoticia.com\/noticias-de-hidalgo\/wp-json\/wp\/v2\/tags?post=455463"}],"curies":[{"name":"wp","href":"https:\/\/api.w.org\/{rel}","templated":true}]}}