{"id":455480,"date":"2022-11-18T23:16:38","date_gmt":"2022-11-19T05:16:38","guid":{"rendered":"https:\/\/www.zunoticia.com\/noticias-de-hidalgo\/?p=455480"},"modified":"2022-11-18T23:16:40","modified_gmt":"2022-11-19T05:16:40","slug":"inicia-feria-intercultural-otomi-tepehua-vida-cafe-en-hidalgo","status":"publish","type":"post","link":"https:\/\/www.zunoticia.com\/noticias-de-hidalgo\/2022\/11\/18\/inicia-feria-intercultural-otomi-tepehua-vida-cafe-en-hidalgo\/","title":{"rendered":"Inicia Feria Intercultural Otom\u00ed-Tepehua \u201cVida Caf\u00e9\u201d, en Hidalgo"},"content":{"rendered":"<aside class=\"mashsb-container mashsb-main mashsb-stretched\"><div class=\"mashsb-box\"><div class=\"mashsb-count mash-large\" style=\"float:left\"><div class=\"counts mashsbcount\">18<\/div><span class=\"mashsb-sharetext\">SHARES<\/span><\/div><div class=\"mashsb-buttons\"><a class=\"mashicon-facebook mash-large mash-center mashsb-noshadow\" href=\"https:\/\/www.facebook.com\/sharer.php?u=https%3A%2F%2Fwww.zunoticia.com%2Fnoticias-de-hidalgo%2F2022%2F11%2F18%2Finicia-feria-intercultural-otomi-tepehua-vida-cafe-en-hidalgo%2F\" target=\"_top\" rel=\"nofollow\"><span class=\"icon\"><\/span><span class=\"text\">Share<\/span><\/a><a class=\"mashicon-twitter mash-large mash-center mashsb-noshadow\" href=\"https:\/\/twitter.com\/intent\/tweet?text=&amp;url=https:\/\/www.zunoticia.com\/noticias-de-hidalgo\/2022\/11\/18\/inicia-feria-intercultural-otomi-tepehua-vida-cafe-en-hidalgo\/\" target=\"_top\" rel=\"nofollow\"><span class=\"icon\"><\/span><span class=\"text\">Tweet<\/span><\/a><div class=\"onoffswitch2 mash-large mashsb-noshadow\" style=\"display:none\"><\/div><\/div>\n            <\/div>\n                <div style=\"clear:both\"><\/div><div class=\"mashsb-toggle-container\"><\/div><\/aside>\n            <!-- Share buttons by mashshare.net - Version: 4.0.47-->\n<ul class=\"wp-block-list\"><li>El subsecretario Ra\u00fal Paul\u00edn anuncia la participaci\u00f3n de 700 sembradoras y sembradores del programa Sembrando Vida.<\/li><li>La inversi\u00f3n social en el estado es superior a mil 500 mdp desde 2020 y beneficia a 25 municipios.<\/li><\/ul>\n\n\n\n<p><em>Por Redacci\u00f3n\/Zunoticia<\/em><\/p>\n\n\n\n<p><strong>Ciudad de M\u00e9xico.-<\/strong> Para impulsar el trabajo de sembradoras y sembradores del estado de Hidalgo, donde el cultivo de caf\u00e9 es uno de los detonadores para el rescate del campo, los d\u00edas 18 y 19 de noviembre se lleva a cabo la primera Feria Intercultural Otom\u00ed-Tepehua \u201cVida Caf\u00e9\u201d del programa Sembrando Vida en el municipio de Tenango de Doria.<\/p>\n\n\n\n<p>El subsecretario de Inclusi\u00f3n Productiva y Desarrollo Rural de la Secretar\u00eda de Bienestar, Hugo Ra\u00fal Paul\u00edn Hern\u00e1ndez, inform\u00f3 que esta actividad se lleva a cabo mediante la estrecha coordinaci\u00f3n de la delegaci\u00f3n de Programas para el Desarrollo y la Coordinaci\u00f3n Territorial del programa Sembrando Vida.<\/p>\n\n\n\n<p>Indic\u00f3 que actualmente m\u00e1s de 10 mil sembradoras y sembradoras contribuyen a la reforestaci\u00f3n productiva de 27 mil hect\u00e1reas en Hidalgo, donde destacan entre los principales cultivos: caf\u00e9, agave, durazno y canela, con beneficio para 25 municipios donde se aplican m\u00e1s de mil 525 millones de pesos de 2020 a la fecha.&nbsp;<\/p>\n\n\n\n<figure class=\"wp-block-image size-large\"><img fetchpriority=\"high\" decoding=\"async\" width=\"1024\" height=\"682\" src=\"https:\/\/www.zunoticia.com\/noticias-de-hidalgo\/wp-content\/uploads\/2022\/11\/eZy-Watermark-18-11-2022-10-41-40p.m.-1024x682.jpg\" alt=\"\" class=\"wp-image-455474\" srcset=\"https:\/\/www.zunoticia.com\/noticias-de-hidalgo\/wp-content\/uploads\/2022\/11\/eZy-Watermark-18-11-2022-10-41-40p.m.-1024x682.jpg 1024w, https:\/\/www.zunoticia.com\/noticias-de-hidalgo\/wp-content\/uploads\/2022\/11\/eZy-Watermark-18-11-2022-10-41-40p.m.-300x200.jpg 300w, https:\/\/www.zunoticia.com\/noticias-de-hidalgo\/wp-content\/uploads\/2022\/11\/eZy-Watermark-18-11-2022-10-41-40p.m.-768x512.jpg 768w, https:\/\/www.zunoticia.com\/noticias-de-hidalgo\/wp-content\/uploads\/2022\/11\/eZy-Watermark-18-11-2022-10-41-40p.m..jpg 1280w\" sizes=\"(max-width: 1024px) 100vw, 1024px\" \/><\/figure>\n\n\n\n<p>&#8220;El evento busca crear sinergias con actores interesados en un proceso permanente de construcci\u00f3n que beneficie a familias campesinas y su econom\u00eda dom\u00e9stica, evitando la intermediaci\u00f3n nociva y posicionar al estado como referente de calidad de caf\u00e9 en el pa\u00eds&#8221;, expres\u00f3 Paul\u00edn, al invitar a las y los pobladores de la regi\u00f3n a participar en el evento.<\/p>\n\n\n\n<p>&#8220;El programa Sembrando Vida busca abonar a la construcci\u00f3n de mercados justos y equitativos que fomenten la integraci\u00f3n de quienes estuvieron excluidos&#8221;, subray\u00f3 Paul\u00edn.<\/p>\n\n\n\n<p>Las actividades se llevan a cabo en la plaza principal de Tenango de Doria desde las 10:00 de la ma\u00f1ana del viernes 18 de noviembre, cuando se contempla la presentaci\u00f3n de un carnaval tepehua, talleres, huapangos, la coronaci\u00f3n de la reina de la feria y la presentaci\u00f3n del cantante Armando Castro Trejo, entre otras actividades que culminan el s\u00e1bado 19 a las 4:00 de la tarde, con diferentes n\u00fameros art\u00edsticos, m\u00fasica en vivo, una conferencia y un taller.<\/p>\n","protected":false},"excerpt":{"rendered":"<p>El subsecretario Ra\u00fal Paul\u00edn anuncia la participaci\u00f3n de 700 sembradoras y sembradores del programa Sembrando Vida. La inversi\u00f3n social en el estado es superior a mil 500 mdp desde 2020 y beneficia a 25 municipios. Por Redacci\u00f3n\/Zunoticia Ciudad de M\u00e9xico.- Para impulsar el trabajo de sembradoras y sembradores del estado de Hidalgo, donde el cultivo&hellip; <a class=\"more-link\" href=\"https:\/\/www.zunoticia.com\/noticias-de-hidalgo\/2022\/11\/18\/inicia-feria-intercultural-otomi-tepehua-vida-cafe-en-hidalgo\/\">Seguir leyendo <span class=\"screen-reader-text\">Inicia Feria Intercultural Otom\u00ed-Tepehua \u201cVida Caf\u00e9\u201d, en Hidalgo<\/span><\/a><\/p>\n","protected":false},"author":12,"featured_media":455475,"comment_status":"closed","ping_status":"open","sticky":false,"template":"","format":"standard","meta":{"rop_custom_images_group":[],"rop_custom_messages_group":[],"rop_publish_now":"initial","rop_publish_now_accounts":{"facebook_10159540855086992_322828327761733":""},"rop_publish_now_history":[],"rop_publish_now_status":"pending","footnotes":""},"categories":[208],"tags":[214],"class_list":["post-455480","post","type-post","status-publish","format-standard","has-post-thumbnail","hentry","category-estado","tag-estado","entry"],"_links":{"self":[{"href":"https:\/\/www.zunoticia.com\/noticias-de-hidalgo\/wp-json\/wp\/v2\/posts\/455480","targetHints":{"allow":["GET"]}}],"collection":[{"href":"https:\/\/www.zunoticia.com\/noticias-de-hidalgo\/wp-json\/wp\/v2\/posts"}],"about":[{"href":"https:\/\/www.zunoticia.com\/noticias-de-hidalgo\/wp-json\/wp\/v2\/types\/post"}],"author":[{"embeddable":true,"href":"https:\/\/www.zunoticia.com\/noticias-de-hidalgo\/wp-json\/wp\/v2\/users\/12"}],"replies":[{"embeddable":true,"href":"https:\/\/www.zunoticia.com\/noticias-de-hidalgo\/wp-json\/wp\/v2\/comments?post=455480"}],"version-history":[{"count":1,"href":"https:\/\/www.zunoticia.com\/noticias-de-hidalgo\/wp-json\/wp\/v2\/posts\/455480\/revisions"}],"predecessor-version":[{"id":455485,"href":"https:\/\/www.zunoticia.com\/noticias-de-hidalgo\/wp-json\/wp\/v2\/posts\/455480\/revisions\/455485"}],"wp:featuredmedia":[{"embeddable":true,"href":"https:\/\/www.zunoticia.com\/noticias-de-hidalgo\/wp-json\/wp\/v2\/media\/455475"}],"wp:attachment":[{"href":"https:\/\/www.zunoticia.com\/noticias-de-hidalgo\/wp-json\/wp\/v2\/media?parent=455480"}],"wp:term":[{"taxonomy":"category","embeddable":true,"href":"https:\/\/www.zunoticia.com\/noticias-de-hidalgo\/wp-json\/wp\/v2\/categories?post=455480"},{"taxonomy":"post_tag","embeddable":true,"href":"https:\/\/www.zunoticia.com\/noticias-de-hidalgo\/wp-json\/wp\/v2\/tags?post=455480"}],"curies":[{"name":"wp","href":"https:\/\/api.w.org\/{rel}","templated":true}]}}