{"id":455931,"date":"2022-11-22T16:40:24","date_gmt":"2022-11-22T22:40:24","guid":{"rendered":"https:\/\/www.zunoticia.com\/noticias-de-hidalgo\/?p=455931"},"modified":"2022-11-22T16:40:25","modified_gmt":"2022-11-22T22:40:25","slug":"realizan-acto-conmemorativo-del-112-aniversario-de-la-rev-mexicana","status":"publish","type":"post","link":"https:\/\/www.zunoticia.com\/noticias-de-hidalgo\/2022\/11\/22\/realizan-acto-conmemorativo-del-112-aniversario-de-la-rev-mexicana\/","title":{"rendered":"Realizan acto conmemorativo del 112 aniversario de la Rev. mexicana"},"content":{"rendered":"<aside class=\"mashsb-container mashsb-main mashsb-stretched\"><div class=\"mashsb-box\"><div class=\"mashsb-count mash-large\" style=\"float:left\"><div class=\"counts mashsbcount\">8<\/div><span class=\"mashsb-sharetext\">SHARES<\/span><\/div><div class=\"mashsb-buttons\"><a class=\"mashicon-facebook mash-large mash-center mashsb-noshadow\" href=\"https:\/\/www.facebook.com\/sharer.php?u=https%3A%2F%2Fwww.zunoticia.com%2Fnoticias-de-hidalgo%2F2022%2F11%2F22%2Frealizan-acto-conmemorativo-del-112-aniversario-de-la-rev-mexicana%2F\" target=\"_top\" rel=\"nofollow\"><span class=\"icon\"><\/span><span class=\"text\">Share<\/span><\/a><a class=\"mashicon-twitter mash-large mash-center mashsb-noshadow\" href=\"https:\/\/twitter.com\/intent\/tweet?text=&amp;url=https:\/\/www.zunoticia.com\/noticias-de-hidalgo\/2022\/11\/22\/realizan-acto-conmemorativo-del-112-aniversario-de-la-rev-mexicana\/\" target=\"_top\" rel=\"nofollow\"><span class=\"icon\"><\/span><span class=\"text\">Tweet<\/span><\/a><div class=\"onoffswitch2 mash-large mashsb-noshadow\" style=\"display:none\"><\/div><\/div>\n            <\/div>\n                <div style=\"clear:both\"><\/div><div class=\"mashsb-toggle-container\"><\/div><\/aside>\n            <!-- Share buttons by mashshare.net - Version: 4.0.47-->\n<p><em>Por Pedro Luciano\/Zunoticia<\/em><\/p>\n\n\n\n<p><strong>Atlapexco, Hgo. &#8211;<\/strong> Se llev\u00f3 a cabo el acto c\u00edvico en el municipio, dirigido por el CECyTE plantel Atlapexco, donde en conjunto con diversas instituciones educativas de distintos niveles acad\u00e9micos y contando con la presencia de autoridades escolares, as\u00ed como de la administraci\u00f3n p\u00fablica municipal, se conmemor\u00f3 el 112 aniversario de la revoluci\u00f3n mexicana.<\/p>\n\n\n\n<p>En dicho acto c\u00edvico se observ\u00f3 la presencia del presidente municipal Joel Nochebuena Hern\u00e1ndez, acompa\u00f1ado de la asamblea municipal, as\u00ed como de autoridades de las diferentes instituciones educativas, de los diferentes niveles acad\u00e9micos; donde en punto de las 08:00 a.m. dio inicio con el fin de conmemorar a quienes dieron direcci\u00f3n a la revoluci\u00f3n de nuestro pa\u00eds.<\/p>\n\n\n\n<p>En el evento se pronunciaron las efem\u00e9rides de la fecha, as\u00ed como tambi\u00e9n se realizaron participaciones art\u00edsticas alusivas a la cultura mexicana, tales como cantos, danzas tradicionales, cantos en coro, entre otras dirigidas por los estudiantes de las diversas escuelas.<\/p>\n\n\n\n<p>Concluyendo el evento con la participaci\u00f3n del Ing. Joel Nochebuena Hern\u00e1ndez, quien comparti\u00f3 un mensaje de felicitaciones a los alumnos quienes participaron, as\u00ed como tambi\u00e9n a los organizadores, destacando la importancia de esta fecha para todos los mexicanos.<\/p>\n","protected":false},"excerpt":{"rendered":"<p>Por Pedro Luciano\/Zunoticia Atlapexco, Hgo. &#8211; Se llev\u00f3 a cabo el acto c\u00edvico en el municipio, dirigido por el CECyTE plantel Atlapexco, donde en conjunto con diversas instituciones educativas de distintos niveles acad\u00e9micos y contando con la presencia de autoridades escolares, as\u00ed como de la administraci\u00f3n p\u00fablica municipal, se conmemor\u00f3 el 112 aniversario de la&hellip; <a class=\"more-link\" href=\"https:\/\/www.zunoticia.com\/noticias-de-hidalgo\/2022\/11\/22\/realizan-acto-conmemorativo-del-112-aniversario-de-la-rev-mexicana\/\">Seguir leyendo <span class=\"screen-reader-text\">Realizan acto conmemorativo del 112 aniversario de la Rev. mexicana<\/span><\/a><\/p>\n","protected":false},"author":12,"featured_media":455932,"comment_status":"closed","ping_status":"open","sticky":false,"template":"","format":"standard","meta":{"rop_custom_images_group":[],"rop_custom_messages_group":[],"rop_publish_now":"initial","rop_publish_now_accounts":{"facebook_10159540855086992_322828327761733":""},"rop_publish_now_history":[],"rop_publish_now_status":"pending","footnotes":""},"categories":[182],"tags":[133],"class_list":["post-455931","post","type-post","status-publish","format-standard","has-post-thumbnail","hentry","category-atlapexco","tag-atlapexco","entry"],"_links":{"self":[{"href":"https:\/\/www.zunoticia.com\/noticias-de-hidalgo\/wp-json\/wp\/v2\/posts\/455931","targetHints":{"allow":["GET"]}}],"collection":[{"href":"https:\/\/www.zunoticia.com\/noticias-de-hidalgo\/wp-json\/wp\/v2\/posts"}],"about":[{"href":"https:\/\/www.zunoticia.com\/noticias-de-hidalgo\/wp-json\/wp\/v2\/types\/post"}],"author":[{"embeddable":true,"href":"https:\/\/www.zunoticia.com\/noticias-de-hidalgo\/wp-json\/wp\/v2\/users\/12"}],"replies":[{"embeddable":true,"href":"https:\/\/www.zunoticia.com\/noticias-de-hidalgo\/wp-json\/wp\/v2\/comments?post=455931"}],"version-history":[{"count":1,"href":"https:\/\/www.zunoticia.com\/noticias-de-hidalgo\/wp-json\/wp\/v2\/posts\/455931\/revisions"}],"predecessor-version":[{"id":455933,"href":"https:\/\/www.zunoticia.com\/noticias-de-hidalgo\/wp-json\/wp\/v2\/posts\/455931\/revisions\/455933"}],"wp:featuredmedia":[{"embeddable":true,"href":"https:\/\/www.zunoticia.com\/noticias-de-hidalgo\/wp-json\/wp\/v2\/media\/455932"}],"wp:attachment":[{"href":"https:\/\/www.zunoticia.com\/noticias-de-hidalgo\/wp-json\/wp\/v2\/media?parent=455931"}],"wp:term":[{"taxonomy":"category","embeddable":true,"href":"https:\/\/www.zunoticia.com\/noticias-de-hidalgo\/wp-json\/wp\/v2\/categories?post=455931"},{"taxonomy":"post_tag","embeddable":true,"href":"https:\/\/www.zunoticia.com\/noticias-de-hidalgo\/wp-json\/wp\/v2\/tags?post=455931"}],"curies":[{"name":"wp","href":"https:\/\/api.w.org\/{rel}","templated":true}]}}