{"id":455934,"date":"2022-11-22T16:42:22","date_gmt":"2022-11-22T22:42:22","guid":{"rendered":"https:\/\/www.zunoticia.com\/noticias-de-hidalgo\/?p=455934"},"modified":"2022-11-22T16:42:24","modified_gmt":"2022-11-22T22:42:24","slug":"el-codigo-penal-contempla-como-delito-la-alteracion-de-precios","status":"publish","type":"post","link":"https:\/\/www.zunoticia.com\/noticias-de-hidalgo\/2022\/11\/22\/el-codigo-penal-contempla-como-delito-la-alteracion-de-precios\/","title":{"rendered":"El C\u00f3digo penal contempla como delito la alteraci\u00f3n de precios"},"content":{"rendered":"<aside class=\"mashsb-container mashsb-main mashsb-stretched\"><div class=\"mashsb-box\"><div class=\"mashsb-count mash-large\" style=\"float:left\"><div class=\"counts mashsbcount\">7<\/div><span class=\"mashsb-sharetext\">SHARES<\/span><\/div><div class=\"mashsb-buttons\"><a class=\"mashicon-facebook mash-large mash-center mashsb-noshadow\" href=\"https:\/\/www.facebook.com\/sharer.php?u=https%3A%2F%2Fwww.zunoticia.com%2Fnoticias-de-hidalgo%2F2022%2F11%2F22%2Fel-codigo-penal-contempla-como-delito-la-alteracion-de-precios%2F\" target=\"_top\" rel=\"nofollow\"><span class=\"icon\"><\/span><span class=\"text\">Share<\/span><\/a><a class=\"mashicon-twitter mash-large mash-center mashsb-noshadow\" href=\"https:\/\/twitter.com\/intent\/tweet?text=&amp;url=https:\/\/www.zunoticia.com\/noticias-de-hidalgo\/2022\/11\/22\/el-codigo-penal-contempla-como-delito-la-alteracion-de-precios\/\" target=\"_top\" rel=\"nofollow\"><span class=\"icon\"><\/span><span class=\"text\">Tweet<\/span><\/a><div class=\"onoffswitch2 mash-large mashsb-noshadow\" style=\"display:none\"><\/div><\/div>\n            <\/div>\n                <div style=\"clear:both\"><\/div><div class=\"mashsb-toggle-container\"><\/div><\/aside>\n            <!-- Share buttons by mashshare.net - Version: 4.0.47-->\n<p><em>Por Salvador Altamirano\/Zunoticia<\/em><\/p>\n\n\n\n<p><strong>Huejutla, Hgo. &#8211;<\/strong> Entrevistado en torno a la necesidad de una Oficina de la Defensa del Consumidor (ODECO) en Huejutla por su gran auge comercial, el presidente de la Barra de Abogados de la Huasteca Juan Aguado Solares, enfatiz\u00f3 que s\u00ed es imprescindible que haya una dependencia que supervise y regule los precios que se ofertan al consumidor.<\/p>\n\n\n\n<p>Sin embargo -acentu\u00f3-, la ciudadan\u00eda no debe de estar atenida a que una instancia federal, ya que la ODECO no es local, pueda tener una dependencia en la regi\u00f3n.<\/p>\n\n\n\n<p>Subray\u00f3 que el C\u00f3digo Penal, para informaci\u00f3n de los consumidores, contempla un delito que se llama &#8220;contra la econom\u00eda de los particulares&#8221;, por lo que a quien le han hecho alguna alteraci\u00f3n debe de acudir al ministerio p\u00fablico a interponer su querella, ya que se est\u00e1 generando un hecho que la ley castiga, porque va en contra de la econom\u00eda del patrimonio familiar.<\/p>\n\n\n\n<p>Agreg\u00f3 que, desgraciadamente hay desconocimiento, ya que a las cosas buenas no se les da difusi\u00f3n y tener un m\u00f3dulo receptor de la ODECO como el que est\u00e1 en el Ayuntamiento, es igual a nada, \u201cno sirve\u201d.<\/p>\n\n\n\n<p>Para finalizar Aguado Solares manifest\u00f3 que, en Huejutla, por su gran auge comercial, es necesaria una oficina, pero con personal que tenga poder coercitivo, es decir, que pueda aplicar sanciones, porque si se presenta la denuncia en el m\u00f3dulo, de aqu\u00ed a que vengan las autoridades de la ODECO ya muri\u00f3 de inanici\u00f3n quien fue a presentar la queja y cuando lo busquen ni se va a acordar.<\/p>\n","protected":false},"excerpt":{"rendered":"<p>Por Salvador Altamirano\/Zunoticia Huejutla, Hgo. &#8211; Entrevistado en torno a la necesidad de una Oficina de la Defensa del Consumidor (ODECO) en Huejutla por su gran auge comercial, el presidente de la Barra de Abogados de la Huasteca Juan Aguado Solares, enfatiz\u00f3 que s\u00ed es imprescindible que haya una dependencia que supervise y regule los&hellip; <a class=\"more-link\" href=\"https:\/\/www.zunoticia.com\/noticias-de-hidalgo\/2022\/11\/22\/el-codigo-penal-contempla-como-delito-la-alteracion-de-precios\/\">Seguir leyendo <span class=\"screen-reader-text\">El C\u00f3digo penal contempla como delito la alteraci\u00f3n de precios<\/span><\/a><\/p>\n","protected":false},"author":12,"featured_media":455935,"comment_status":"closed","ping_status":"open","sticky":false,"template":"","format":"standard","meta":{"rop_custom_images_group":[],"rop_custom_messages_group":[],"rop_publish_now":"initial","rop_publish_now_accounts":{"facebook_10159540855086992_322828327761733":""},"rop_publish_now_history":[],"rop_publish_now_status":"pending","footnotes":""},"categories":[181],"tags":[121],"class_list":["post-455934","post","type-post","status-publish","format-standard","has-post-thumbnail","hentry","category-huejutla","tag-huejutla","entry"],"_links":{"self":[{"href":"https:\/\/www.zunoticia.com\/noticias-de-hidalgo\/wp-json\/wp\/v2\/posts\/455934","targetHints":{"allow":["GET"]}}],"collection":[{"href":"https:\/\/www.zunoticia.com\/noticias-de-hidalgo\/wp-json\/wp\/v2\/posts"}],"about":[{"href":"https:\/\/www.zunoticia.com\/noticias-de-hidalgo\/wp-json\/wp\/v2\/types\/post"}],"author":[{"embeddable":true,"href":"https:\/\/www.zunoticia.com\/noticias-de-hidalgo\/wp-json\/wp\/v2\/users\/12"}],"replies":[{"embeddable":true,"href":"https:\/\/www.zunoticia.com\/noticias-de-hidalgo\/wp-json\/wp\/v2\/comments?post=455934"}],"version-history":[{"count":1,"href":"https:\/\/www.zunoticia.com\/noticias-de-hidalgo\/wp-json\/wp\/v2\/posts\/455934\/revisions"}],"predecessor-version":[{"id":455936,"href":"https:\/\/www.zunoticia.com\/noticias-de-hidalgo\/wp-json\/wp\/v2\/posts\/455934\/revisions\/455936"}],"wp:featuredmedia":[{"embeddable":true,"href":"https:\/\/www.zunoticia.com\/noticias-de-hidalgo\/wp-json\/wp\/v2\/media\/455935"}],"wp:attachment":[{"href":"https:\/\/www.zunoticia.com\/noticias-de-hidalgo\/wp-json\/wp\/v2\/media?parent=455934"}],"wp:term":[{"taxonomy":"category","embeddable":true,"href":"https:\/\/www.zunoticia.com\/noticias-de-hidalgo\/wp-json\/wp\/v2\/categories?post=455934"},{"taxonomy":"post_tag","embeddable":true,"href":"https:\/\/www.zunoticia.com\/noticias-de-hidalgo\/wp-json\/wp\/v2\/tags?post=455934"}],"curies":[{"name":"wp","href":"https:\/\/api.w.org\/{rel}","templated":true}]}}