{"id":455937,"date":"2022-11-22T16:45:10","date_gmt":"2022-11-22T22:45:10","guid":{"rendered":"https:\/\/www.zunoticia.com\/noticias-de-hidalgo\/?p=455937"},"modified":"2022-11-22T16:45:11","modified_gmt":"2022-11-22T22:45:11","slug":"tras-dos-anos-de-pandemia-realizan-desfile-revolucionario","status":"publish","type":"post","link":"https:\/\/www.zunoticia.com\/noticias-de-hidalgo\/2022\/11\/22\/tras-dos-anos-de-pandemia-realizan-desfile-revolucionario\/","title":{"rendered":"Tras dos a\u00f1os de pandemia realizan desfile revolucionario"},"content":{"rendered":"<aside class=\"mashsb-container mashsb-main mashsb-stretched\"><div class=\"mashsb-box\"><div class=\"mashsb-count mash-large\" style=\"float:left\"><div class=\"counts mashsbcount\">21<\/div><span class=\"mashsb-sharetext\">SHARES<\/span><\/div><div class=\"mashsb-buttons\"><a class=\"mashicon-facebook mash-large mash-center mashsb-noshadow\" href=\"https:\/\/www.facebook.com\/sharer.php?u=https%3A%2F%2Fwww.zunoticia.com%2Fnoticias-de-hidalgo%2F2022%2F11%2F22%2Ftras-dos-anos-de-pandemia-realizan-desfile-revolucionario%2F\" target=\"_top\" rel=\"nofollow\"><span class=\"icon\"><\/span><span class=\"text\">Share<\/span><\/a><a class=\"mashicon-twitter mash-large mash-center mashsb-noshadow\" href=\"https:\/\/twitter.com\/intent\/tweet?text=&amp;url=https:\/\/www.zunoticia.com\/noticias-de-hidalgo\/2022\/11\/22\/tras-dos-anos-de-pandemia-realizan-desfile-revolucionario\/\" target=\"_top\" rel=\"nofollow\"><span class=\"icon\"><\/span><span class=\"text\">Tweet<\/span><\/a><div class=\"onoffswitch2 mash-large mashsb-noshadow\" style=\"display:none\"><\/div><\/div>\n            <\/div>\n                <div style=\"clear:both\"><\/div><div class=\"mashsb-toggle-container\"><\/div><\/aside>\n            <!-- Share buttons by mashshare.net - Version: 4.0.47-->\n<p><em>Por \u00c1ngel Silverio\/Zunoticia<\/em><\/p>\n\n\n\n<p><strong>San Felipe Orizatl\u00e1n, Hgo. &#8211;<\/strong> En el marco del 112 aniversario de la revoluci\u00f3n mexicana, este martes se llev\u00f3 a cabo el desfile conmemorativo contando con la participaci\u00f3n de todas las instituciones de la zona centro y de las autoridades municipales, siendo encabezado por la alcaldesa Erika Saab Lara.<\/p>\n\n\n\n<p>En punto de las ocho de la ma\u00f1ana, este martes se llev\u00f3 a cabo el alusivo desfile revolucionario, luego de dos a\u00f1os que no se realizaba por motivos de la pandemia, siendo las instituciones las m\u00e1s destacadas en su ornamentaci\u00f3n, cuyos estudiantes desfilaron vestidos acorde a la revoluci\u00f3n mexicana.<\/p>\n\n\n\n<p>El contingente recorri\u00f3 las calles principales, donde cada una de las escuelas realiz\u00f3 su tabla r\u00edtmica frente a la presidencia, siendo admiradas y aplaudidas por los ciudadanos que se dieron cita para disfrutar de este desfile, pues la intenci\u00f3n es que se siga promoviendo y no se olviden las fechas importantes que marcaron la historia de nuestro pa\u00eds, como fue la revoluci\u00f3n.<\/p>\n\n\n\n<p>Del mismo modo, en la delegaci\u00f3n de Ahuatitla, autoridades delegacionales y el cuerpo de polic\u00edas auxiliares y las instituciones, realizaron tambi\u00e9n su desfile para conmemorar tan importante fecha para el pa\u00eds.<\/p>\n","protected":false},"excerpt":{"rendered":"<p>Por \u00c1ngel Silverio\/Zunoticia San Felipe Orizatl\u00e1n, Hgo. &#8211; En el marco del 112 aniversario de la revoluci\u00f3n mexicana, este martes se llev\u00f3 a cabo el desfile conmemorativo contando con la participaci\u00f3n de todas las instituciones de la zona centro y de las autoridades municipales, siendo encabezado por la alcaldesa Erika Saab Lara. En punto de&hellip; <a class=\"more-link\" href=\"https:\/\/www.zunoticia.com\/noticias-de-hidalgo\/2022\/11\/22\/tras-dos-anos-de-pandemia-realizan-desfile-revolucionario\/\">Seguir leyendo <span class=\"screen-reader-text\">Tras dos a\u00f1os de pandemia realizan desfile revolucionario<\/span><\/a><\/p>\n","protected":false},"author":12,"featured_media":455938,"comment_status":"closed","ping_status":"open","sticky":false,"template":"","format":"standard","meta":{"rop_custom_images_group":[],"rop_custom_messages_group":[],"rop_publish_now":"initial","rop_publish_now_accounts":{"facebook_10159540855086992_322828327761733":""},"rop_publish_now_history":[],"rop_publish_now_status":"pending","footnotes":""},"categories":[180],"tags":[129],"class_list":["post-455937","post","type-post","status-publish","format-standard","has-post-thumbnail","hentry","category-orizatlan","tag-orizatlan","entry"],"_links":{"self":[{"href":"https:\/\/www.zunoticia.com\/noticias-de-hidalgo\/wp-json\/wp\/v2\/posts\/455937","targetHints":{"allow":["GET"]}}],"collection":[{"href":"https:\/\/www.zunoticia.com\/noticias-de-hidalgo\/wp-json\/wp\/v2\/posts"}],"about":[{"href":"https:\/\/www.zunoticia.com\/noticias-de-hidalgo\/wp-json\/wp\/v2\/types\/post"}],"author":[{"embeddable":true,"href":"https:\/\/www.zunoticia.com\/noticias-de-hidalgo\/wp-json\/wp\/v2\/users\/12"}],"replies":[{"embeddable":true,"href":"https:\/\/www.zunoticia.com\/noticias-de-hidalgo\/wp-json\/wp\/v2\/comments?post=455937"}],"version-history":[{"count":1,"href":"https:\/\/www.zunoticia.com\/noticias-de-hidalgo\/wp-json\/wp\/v2\/posts\/455937\/revisions"}],"predecessor-version":[{"id":455939,"href":"https:\/\/www.zunoticia.com\/noticias-de-hidalgo\/wp-json\/wp\/v2\/posts\/455937\/revisions\/455939"}],"wp:featuredmedia":[{"embeddable":true,"href":"https:\/\/www.zunoticia.com\/noticias-de-hidalgo\/wp-json\/wp\/v2\/media\/455938"}],"wp:attachment":[{"href":"https:\/\/www.zunoticia.com\/noticias-de-hidalgo\/wp-json\/wp\/v2\/media?parent=455937"}],"wp:term":[{"taxonomy":"category","embeddable":true,"href":"https:\/\/www.zunoticia.com\/noticias-de-hidalgo\/wp-json\/wp\/v2\/categories?post=455937"},{"taxonomy":"post_tag","embeddable":true,"href":"https:\/\/www.zunoticia.com\/noticias-de-hidalgo\/wp-json\/wp\/v2\/tags?post=455937"}],"curies":[{"name":"wp","href":"https:\/\/api.w.org\/{rel}","templated":true}]}}