{"id":455954,"date":"2022-11-22T17:33:28","date_gmt":"2022-11-22T23:33:28","guid":{"rendered":"https:\/\/www.zunoticia.com\/noticias-de-hidalgo\/?p=455954"},"modified":"2022-11-22T17:33:30","modified_gmt":"2022-11-22T23:33:30","slug":"comerciantes-confian-obtener-respuesta-positiva-a-rehabilitacion-de-red-electrica","status":"publish","type":"post","link":"https:\/\/www.zunoticia.com\/noticias-de-hidalgo\/2022\/11\/22\/comerciantes-confian-obtener-respuesta-positiva-a-rehabilitacion-de-red-electrica\/","title":{"rendered":"Comerciantes conf\u00edan obtener respuesta positiva a rehabilitaci\u00f3n de red el\u00e9ctrica"},"content":{"rendered":"<aside class=\"mashsb-container mashsb-main mashsb-stretched\"><div class=\"mashsb-box\"><div class=\"mashsb-count mash-large\" style=\"float:left\"><div class=\"counts mashsbcount\">49<\/div><span class=\"mashsb-sharetext\">SHARES<\/span><\/div><div class=\"mashsb-buttons\"><a class=\"mashicon-facebook mash-large mash-center mashsb-noshadow\" href=\"https:\/\/www.facebook.com\/sharer.php?u=https%3A%2F%2Fwww.zunoticia.com%2Fnoticias-de-hidalgo%2F2022%2F11%2F22%2Fcomerciantes-confian-obtener-respuesta-positiva-a-rehabilitacion-de-red-electrica%2F\" target=\"_top\" rel=\"nofollow\"><span class=\"icon\"><\/span><span class=\"text\">Share<\/span><\/a><a class=\"mashicon-twitter mash-large mash-center mashsb-noshadow\" href=\"https:\/\/twitter.com\/intent\/tweet?text=&amp;url=https:\/\/www.zunoticia.com\/noticias-de-hidalgo\/2022\/11\/22\/comerciantes-confian-obtener-respuesta-positiva-a-rehabilitacion-de-red-electrica\/\" target=\"_top\" rel=\"nofollow\"><span class=\"icon\"><\/span><span class=\"text\">Tweet<\/span><\/a><div class=\"onoffswitch2 mash-large mashsb-noshadow\" style=\"display:none\"><\/div><\/div>\n            <\/div>\n                <div style=\"clear:both\"><\/div><div class=\"mashsb-toggle-container\"><\/div><\/aside>\n            <!-- Share buttons by mashshare.net - Version: 4.0.47-->\n<p><em>Por Enedino Hern\u00e1ndez\/Zunoticia<\/em><\/p>\n\n\n\n<p><strong>Huejutla, Hgo. &#8211;<\/strong> \u201cLos comerciantes locatarios de toda la zona del Mercado Municipal de Huejutla de Reyes, se muestran muy confiados de poder obtener respuestas positivas a la petici\u00f3n principal de rehabilitar la red el\u00e9ctrica\u201d, confirm\u00f3 el comerciante del laminado, Rodrigo Serna.<\/p>\n\n\n\n<p>Reconoci\u00f3 que, se sabe y se tiene conocimiento que el pasado lunes personal de la Subsecretar\u00eda de Gobierno en la huasteca estuvieron en la zona del mercado para supervisar la red el\u00e9ctrica, por lo que como comerciantes esperan que ahora s\u00ed sea algo real pues es una necesidad para el bien de todos.<\/p>\n\n\n\n<p>\u201cNosotros que estamos en la zona del mercado municipal es algo muy prioritario lo de la red el\u00e9ctrica, es un problema que se tiene desde hace muchos a\u00f1os y es muy necesario que se atienda la situaci\u00f3n; ojal\u00e1 y que con este gobierno las cosas salgan bien y se hagan de la mejor manera\u201d se\u00f1al\u00f3.<\/p>\n\n\n\n<p>A\u00f1adi\u00f3 que, de concretarse, se estar\u00eda beneficiando a un promedio de 2,500 comerciantes \u201ctodos los locatarios tenemos el mismo padecimiento de la instalaci\u00f3n de la red el\u00e9ctrica\u201d.<\/p>\n\n\n\n<p>Indic\u00f3 que, los comerciantes se mantienen con la confianza de tener una respuesta positiva a esta principal petici\u00f3n \u201clas cosas han cambiado mucho, el gobierno nos tiene fe y creo que ahora se tiene m\u00e1s confianza para hacer realidad nuestra petici\u00f3n en toda la zona del mercado\u201d.<\/p>\n\n\n\n<p>Rodrigo Serna insisti\u00f3 en su llamado de que es muy necesario mantener la unidad en el gremio, \u201cla unidad entre los comerciantes en general, ya que solo de esta manera es como se podr\u00e1n alcanzar los resultados satisfactorios a las peticiones\u201d.<\/p>\n","protected":false},"excerpt":{"rendered":"<p>Por Enedino Hern\u00e1ndez\/Zunoticia Huejutla, Hgo. &#8211; \u201cLos comerciantes locatarios de toda la zona del Mercado Municipal de Huejutla de Reyes, se muestran muy confiados de poder obtener respuestas positivas a la petici\u00f3n principal de rehabilitar la red el\u00e9ctrica\u201d, confirm\u00f3 el comerciante del laminado, Rodrigo Serna. Reconoci\u00f3 que, se sabe y se tiene conocimiento que el&hellip; <a class=\"more-link\" href=\"https:\/\/www.zunoticia.com\/noticias-de-hidalgo\/2022\/11\/22\/comerciantes-confian-obtener-respuesta-positiva-a-rehabilitacion-de-red-electrica\/\">Seguir leyendo <span class=\"screen-reader-text\">Comerciantes conf\u00edan obtener respuesta positiva a rehabilitaci\u00f3n de red el\u00e9ctrica<\/span><\/a><\/p>\n","protected":false},"author":12,"featured_media":455955,"comment_status":"closed","ping_status":"open","sticky":false,"template":"","format":"standard","meta":{"rop_custom_images_group":[],"rop_custom_messages_group":[],"rop_publish_now":"initial","rop_publish_now_accounts":{"facebook_10159540855086992_322828327761733":""},"rop_publish_now_history":[],"rop_publish_now_status":"pending","footnotes":""},"categories":[181],"tags":[121],"class_list":["post-455954","post","type-post","status-publish","format-standard","has-post-thumbnail","hentry","category-huejutla","tag-huejutla","entry"],"_links":{"self":[{"href":"https:\/\/www.zunoticia.com\/noticias-de-hidalgo\/wp-json\/wp\/v2\/posts\/455954","targetHints":{"allow":["GET"]}}],"collection":[{"href":"https:\/\/www.zunoticia.com\/noticias-de-hidalgo\/wp-json\/wp\/v2\/posts"}],"about":[{"href":"https:\/\/www.zunoticia.com\/noticias-de-hidalgo\/wp-json\/wp\/v2\/types\/post"}],"author":[{"embeddable":true,"href":"https:\/\/www.zunoticia.com\/noticias-de-hidalgo\/wp-json\/wp\/v2\/users\/12"}],"replies":[{"embeddable":true,"href":"https:\/\/www.zunoticia.com\/noticias-de-hidalgo\/wp-json\/wp\/v2\/comments?post=455954"}],"version-history":[{"count":1,"href":"https:\/\/www.zunoticia.com\/noticias-de-hidalgo\/wp-json\/wp\/v2\/posts\/455954\/revisions"}],"predecessor-version":[{"id":455956,"href":"https:\/\/www.zunoticia.com\/noticias-de-hidalgo\/wp-json\/wp\/v2\/posts\/455954\/revisions\/455956"}],"wp:featuredmedia":[{"embeddable":true,"href":"https:\/\/www.zunoticia.com\/noticias-de-hidalgo\/wp-json\/wp\/v2\/media\/455955"}],"wp:attachment":[{"href":"https:\/\/www.zunoticia.com\/noticias-de-hidalgo\/wp-json\/wp\/v2\/media?parent=455954"}],"wp:term":[{"taxonomy":"category","embeddable":true,"href":"https:\/\/www.zunoticia.com\/noticias-de-hidalgo\/wp-json\/wp\/v2\/categories?post=455954"},{"taxonomy":"post_tag","embeddable":true,"href":"https:\/\/www.zunoticia.com\/noticias-de-hidalgo\/wp-json\/wp\/v2\/tags?post=455954"}],"curies":[{"name":"wp","href":"https:\/\/api.w.org\/{rel}","templated":true}]}}