{"id":455975,"date":"2022-11-22T17:56:25","date_gmt":"2022-11-22T23:56:25","guid":{"rendered":"https:\/\/www.zunoticia.com\/noticias-de-hidalgo\/?p=455975"},"modified":"2022-11-22T17:56:27","modified_gmt":"2022-11-22T23:56:27","slug":"efectuaran-jornada-de-vacunacion-contra-covid-19-en-santa-teresa","status":"publish","type":"post","link":"https:\/\/www.zunoticia.com\/noticias-de-hidalgo\/2022\/11\/22\/efectuaran-jornada-de-vacunacion-contra-covid-19-en-santa-teresa\/","title":{"rendered":"Efectuar\u00e1n Jornada de vacunaci\u00f3n contra Covid 19, en Santa Teresa"},"content":{"rendered":"<aside class=\"mashsb-container mashsb-main mashsb-stretched\"><div class=\"mashsb-box\"><div class=\"mashsb-count mash-large\" style=\"float:left\"><div class=\"counts mashsbcount\">30<\/div><span class=\"mashsb-sharetext\">SHARES<\/span><\/div><div class=\"mashsb-buttons\"><a class=\"mashicon-facebook mash-large mash-center mashsb-noshadow\" href=\"https:\/\/www.facebook.com\/sharer.php?u=https%3A%2F%2Fwww.zunoticia.com%2Fnoticias-de-hidalgo%2F2022%2F11%2F22%2Fefectuaran-jornada-de-vacunacion-contra-covid-19-en-santa-teresa%2F\" target=\"_top\" rel=\"nofollow\"><span class=\"icon\"><\/span><span class=\"text\">Share<\/span><\/a><a class=\"mashicon-twitter mash-large mash-center mashsb-noshadow\" href=\"https:\/\/twitter.com\/intent\/tweet?text=&amp;url=https:\/\/www.zunoticia.com\/noticias-de-hidalgo\/2022\/11\/22\/efectuaran-jornada-de-vacunacion-contra-covid-19-en-santa-teresa\/\" target=\"_top\" rel=\"nofollow\"><span class=\"icon\"><\/span><span class=\"text\">Tweet<\/span><\/a><div class=\"onoffswitch2 mash-large mashsb-noshadow\" style=\"display:none\"><\/div><\/div>\n            <\/div>\n                <div style=\"clear:both\"><\/div><div class=\"mashsb-toggle-container\"><\/div><\/aside>\n            <!-- Share buttons by mashshare.net - Version: 4.0.47-->\n<p><em>Por Roberto Meza\/Zunoticia<\/em><\/p>\n\n\n\n<p><strong>Yahualica, Hgo. &#8211;<\/strong> El \u00e1rea de Salud del gobierno municipal que preside El\u00edas Sanju\u00e1n, informa que la Jurisdicci\u00f3n Sanitaria N\u00famero 9 en coordinaci\u00f3n con las las \u00e1reas de Salud, Protecci\u00f3n Civil y Seguridad P\u00fablica, llevar\u00e1n a cabo una jornada de vacunaci\u00f3n contra el Covid para los ni\u00f1os 5 a 11 de a\u00f1os de edad, as\u00ed como rezagados primeras y segundas dosis, por lo que est\u00e1n invitando a estos sectores de la poblaci\u00f3n a esa sede.<\/p>\n\n\n\n<p>La jornada de vacunaci\u00f3n ser\u00e1 en el ma\u00f1ana del mi\u00e9rcoles 23 de noviembre, en la galera municipal, en horario de 9:00 de la ma\u00f1ana a 1:00 de la tarde, los ni\u00f1os deber\u00e1n ir acompa\u00f1ados de sus padres o tutores con identificaci\u00f3n oficial en copia y solicitud de la vacuna del portal.<\/p>\n\n\n\n<p>Las acciones tambi\u00e9n ser\u00e1n coordinadas por Servidores de la Naci\u00f3n y personal de la Coordinaci\u00f3n M\u00e9dica municipal, mientras tanto, elementos de Protecci\u00f3n civil estar\u00e1 sanitizando a todos los padres y ni\u00f1os que acudan al auditorio municipal.<\/p>\n","protected":false},"excerpt":{"rendered":"<p>Por Roberto Meza\/Zunoticia Yahualica, Hgo. &#8211; El \u00e1rea de Salud del gobierno municipal que preside El\u00edas Sanju\u00e1n, informa que la Jurisdicci\u00f3n Sanitaria N\u00famero 9 en coordinaci\u00f3n con las las \u00e1reas de Salud, Protecci\u00f3n Civil y Seguridad P\u00fablica, llevar\u00e1n a cabo una jornada de vacunaci\u00f3n contra el Covid para los ni\u00f1os 5 a 11 de a\u00f1os&hellip; <a class=\"more-link\" href=\"https:\/\/www.zunoticia.com\/noticias-de-hidalgo\/2022\/11\/22\/efectuaran-jornada-de-vacunacion-contra-covid-19-en-santa-teresa\/\">Seguir leyendo <span class=\"screen-reader-text\">Efectuar\u00e1n Jornada de vacunaci\u00f3n contra Covid 19, en Santa Teresa<\/span><\/a><\/p>\n","protected":false},"author":12,"featured_media":455976,"comment_status":"closed","ping_status":"open","sticky":false,"template":"","format":"standard","meta":{"rop_custom_images_group":[],"rop_custom_messages_group":[],"rop_publish_now":"initial","rop_publish_now_accounts":{"facebook_10159540855086992_322828327761733":""},"rop_publish_now_history":[],"rop_publish_now_status":"pending","footnotes":""},"categories":[179,203],"tags":[123],"class_list":["post-455975","post","type-post","status-publish","format-standard","has-post-thumbnail","hentry","category-huasteca","category-yahualica","tag-yahualica","entry"],"_links":{"self":[{"href":"https:\/\/www.zunoticia.com\/noticias-de-hidalgo\/wp-json\/wp\/v2\/posts\/455975","targetHints":{"allow":["GET"]}}],"collection":[{"href":"https:\/\/www.zunoticia.com\/noticias-de-hidalgo\/wp-json\/wp\/v2\/posts"}],"about":[{"href":"https:\/\/www.zunoticia.com\/noticias-de-hidalgo\/wp-json\/wp\/v2\/types\/post"}],"author":[{"embeddable":true,"href":"https:\/\/www.zunoticia.com\/noticias-de-hidalgo\/wp-json\/wp\/v2\/users\/12"}],"replies":[{"embeddable":true,"href":"https:\/\/www.zunoticia.com\/noticias-de-hidalgo\/wp-json\/wp\/v2\/comments?post=455975"}],"version-history":[{"count":1,"href":"https:\/\/www.zunoticia.com\/noticias-de-hidalgo\/wp-json\/wp\/v2\/posts\/455975\/revisions"}],"predecessor-version":[{"id":455977,"href":"https:\/\/www.zunoticia.com\/noticias-de-hidalgo\/wp-json\/wp\/v2\/posts\/455975\/revisions\/455977"}],"wp:featuredmedia":[{"embeddable":true,"href":"https:\/\/www.zunoticia.com\/noticias-de-hidalgo\/wp-json\/wp\/v2\/media\/455976"}],"wp:attachment":[{"href":"https:\/\/www.zunoticia.com\/noticias-de-hidalgo\/wp-json\/wp\/v2\/media?parent=455975"}],"wp:term":[{"taxonomy":"category","embeddable":true,"href":"https:\/\/www.zunoticia.com\/noticias-de-hidalgo\/wp-json\/wp\/v2\/categories?post=455975"},{"taxonomy":"post_tag","embeddable":true,"href":"https:\/\/www.zunoticia.com\/noticias-de-hidalgo\/wp-json\/wp\/v2\/tags?post=455975"}],"curies":[{"name":"wp","href":"https:\/\/api.w.org\/{rel}","templated":true}]}}