{"id":455981,"date":"2022-11-22T18:02:19","date_gmt":"2022-11-23T00:02:19","guid":{"rendered":"https:\/\/www.zunoticia.com\/noticias-de-hidalgo\/?p=455981"},"modified":"2022-11-22T18:02:21","modified_gmt":"2022-11-23T00:02:21","slug":"alumnos-de-el-mexe-inician-nuevamente-clases-presenciales","status":"publish","type":"post","link":"https:\/\/www.zunoticia.com\/noticias-de-hidalgo\/2022\/11\/22\/alumnos-de-el-mexe-inician-nuevamente-clases-presenciales\/","title":{"rendered":"Alumnos de El Mexe inician nuevamente clases presenciales"},"content":{"rendered":"<aside class=\"mashsb-container mashsb-main mashsb-stretched\"><div class=\"mashsb-box\"><div class=\"mashsb-count mash-large\" style=\"float:left\"><div class=\"counts mashsbcount\">13<\/div><span class=\"mashsb-sharetext\">SHARES<\/span><\/div><div class=\"mashsb-buttons\"><a class=\"mashicon-facebook mash-large mash-center mashsb-noshadow\" href=\"https:\/\/www.facebook.com\/sharer.php?u=https%3A%2F%2Fwww.zunoticia.com%2Fnoticias-de-hidalgo%2F2022%2F11%2F22%2Falumnos-de-el-mexe-inician-nuevamente-clases-presenciales%2F\" target=\"_top\" rel=\"nofollow\"><span class=\"icon\"><\/span><span class=\"text\">Share<\/span><\/a><a class=\"mashicon-twitter mash-large mash-center mashsb-noshadow\" href=\"https:\/\/twitter.com\/intent\/tweet?text=&amp;url=https:\/\/www.zunoticia.com\/noticias-de-hidalgo\/2022\/11\/22\/alumnos-de-el-mexe-inician-nuevamente-clases-presenciales\/\" target=\"_top\" rel=\"nofollow\"><span class=\"icon\"><\/span><span class=\"text\">Tweet<\/span><\/a><div class=\"onoffswitch2 mash-large mashsb-noshadow\" style=\"display:none\"><\/div><\/div>\n            <\/div>\n                <div style=\"clear:both\"><\/div><div class=\"mashsb-toggle-container\"><\/div><\/aside>\n            <!-- Share buttons by mashshare.net - Version: 4.0.47-->\n<p><em>Por Enedino Hern\u00e1ndez\/Zunoticia<\/em><\/p>\n\n\n\n<p><strong>Huejutla, Hgo. &#8211;<\/strong> \u201cDespu\u00e9s de varios a\u00f1os de gesti\u00f3n y lucha, la Escuela Normal Rural de El Mexe inici\u00f3 nuevamente, durante este martes 22 de noviembre, con las clases presenciales en el edificio que ocupaba hace m\u00e1s de 18 a\u00f1os\u201d, as\u00ed lo confirm\u00f3 el maestro egresado de la citada instituci\u00f3n, Crescenciano Hern\u00e1ndez Espinoza.<\/p>\n\n\n\n<p>Dijo que, despu\u00e9s de una intensa lucha realizada por los maestros egresados de El Mexe y de las diferentes Normales rurales del pa\u00eds, por fin este d\u00eda se iniciaron las clases presenciales en las propias instalaciones de la Normal de El Mexe.<\/p>\n\n\n\n<p>\u201cNos da gusto anunciar que en el evento estuvieron las autoridades educativas competentes, las clases presenciales se inician en la Normal, hoy se presenta al personal docente y a los directivos de dicha instituci\u00f3n educativa\u201d se\u00f1al\u00f3.<\/p>\n\n\n\n<p>Indic\u00f3 que todo esto ya se esperaba con mucha ansiedad, sobre todo que, en su momento, en campa\u00f1a el actual presidente de la Rep\u00fablica, Andr\u00e9s Manuel L\u00f3pez Obrador, se pronunci\u00f3 por la reapertura de la Escuela Normal Rural de El Mexe, y hoy se cumple con esta promesa.<\/p>\n\n\n\n<p>Crescenciano Hern\u00e1ndez Espinoza, dijo que hoy despu\u00e9s de m\u00e1s de 18 a\u00f1os que se hab\u00eda cerrado la instituci\u00f3n educativa, nuevamente se abre para fortalecer la educaci\u00f3n de los j\u00f3venes provenientes de las familias m\u00e1s necesitadas.<\/p>\n","protected":false},"excerpt":{"rendered":"<p>Por Enedino Hern\u00e1ndez\/Zunoticia Huejutla, Hgo. &#8211; \u201cDespu\u00e9s de varios a\u00f1os de gesti\u00f3n y lucha, la Escuela Normal Rural de El Mexe inici\u00f3 nuevamente, durante este martes 22 de noviembre, con las clases presenciales en el edificio que ocupaba hace m\u00e1s de 18 a\u00f1os\u201d, as\u00ed lo confirm\u00f3 el maestro egresado de la citada instituci\u00f3n, Crescenciano Hern\u00e1ndez&hellip; <a class=\"more-link\" href=\"https:\/\/www.zunoticia.com\/noticias-de-hidalgo\/2022\/11\/22\/alumnos-de-el-mexe-inician-nuevamente-clases-presenciales\/\">Seguir leyendo <span class=\"screen-reader-text\">Alumnos de El Mexe inician nuevamente clases presenciales<\/span><\/a><\/p>\n","protected":false},"author":12,"featured_media":455982,"comment_status":"closed","ping_status":"open","sticky":false,"template":"","format":"standard","meta":{"rop_custom_images_group":[],"rop_custom_messages_group":[],"rop_publish_now":"initial","rop_publish_now_accounts":{"facebook_10159540855086992_322828327761733":""},"rop_publish_now_history":[],"rop_publish_now_status":"pending","footnotes":""},"categories":[181],"tags":[121],"class_list":["post-455981","post","type-post","status-publish","format-standard","has-post-thumbnail","hentry","category-huejutla","tag-huejutla","entry"],"_links":{"self":[{"href":"https:\/\/www.zunoticia.com\/noticias-de-hidalgo\/wp-json\/wp\/v2\/posts\/455981","targetHints":{"allow":["GET"]}}],"collection":[{"href":"https:\/\/www.zunoticia.com\/noticias-de-hidalgo\/wp-json\/wp\/v2\/posts"}],"about":[{"href":"https:\/\/www.zunoticia.com\/noticias-de-hidalgo\/wp-json\/wp\/v2\/types\/post"}],"author":[{"embeddable":true,"href":"https:\/\/www.zunoticia.com\/noticias-de-hidalgo\/wp-json\/wp\/v2\/users\/12"}],"replies":[{"embeddable":true,"href":"https:\/\/www.zunoticia.com\/noticias-de-hidalgo\/wp-json\/wp\/v2\/comments?post=455981"}],"version-history":[{"count":1,"href":"https:\/\/www.zunoticia.com\/noticias-de-hidalgo\/wp-json\/wp\/v2\/posts\/455981\/revisions"}],"predecessor-version":[{"id":455983,"href":"https:\/\/www.zunoticia.com\/noticias-de-hidalgo\/wp-json\/wp\/v2\/posts\/455981\/revisions\/455983"}],"wp:featuredmedia":[{"embeddable":true,"href":"https:\/\/www.zunoticia.com\/noticias-de-hidalgo\/wp-json\/wp\/v2\/media\/455982"}],"wp:attachment":[{"href":"https:\/\/www.zunoticia.com\/noticias-de-hidalgo\/wp-json\/wp\/v2\/media?parent=455981"}],"wp:term":[{"taxonomy":"category","embeddable":true,"href":"https:\/\/www.zunoticia.com\/noticias-de-hidalgo\/wp-json\/wp\/v2\/categories?post=455981"},{"taxonomy":"post_tag","embeddable":true,"href":"https:\/\/www.zunoticia.com\/noticias-de-hidalgo\/wp-json\/wp\/v2\/tags?post=455981"}],"curies":[{"name":"wp","href":"https:\/\/api.w.org\/{rel}","templated":true}]}}