{"id":455999,"date":"2022-11-22T19:17:05","date_gmt":"2022-11-23T01:17:05","guid":{"rendered":"https:\/\/www.zunoticia.com\/noticias-de-hidalgo\/?p=455999"},"modified":"2022-11-22T19:17:06","modified_gmt":"2022-11-23T01:17:06","slug":"jovenes-protagonistas-en-conmemoracion-de-fechas-patrias","status":"publish","type":"post","link":"https:\/\/www.zunoticia.com\/noticias-de-hidalgo\/2022\/11\/22\/jovenes-protagonistas-en-conmemoracion-de-fechas-patrias\/","title":{"rendered":"J\u00f3venes protagonistas en conmemoraci\u00f3n de fechas patrias"},"content":{"rendered":"<aside class=\"mashsb-container mashsb-main mashsb-stretched\"><div class=\"mashsb-box\"><div class=\"mashsb-count mash-large\" style=\"float:left\"><div class=\"counts mashsbcount\">10<\/div><span class=\"mashsb-sharetext\">SHARES<\/span><\/div><div class=\"mashsb-buttons\"><a class=\"mashicon-facebook mash-large mash-center mashsb-noshadow\" href=\"https:\/\/www.facebook.com\/sharer.php?u=https%3A%2F%2Fwww.zunoticia.com%2Fnoticias-de-hidalgo%2F2022%2F11%2F22%2Fjovenes-protagonistas-en-conmemoracion-de-fechas-patrias%2F\" target=\"_top\" rel=\"nofollow\"><span class=\"icon\"><\/span><span class=\"text\">Share<\/span><\/a><a class=\"mashicon-twitter mash-large mash-center mashsb-noshadow\" href=\"https:\/\/twitter.com\/intent\/tweet?text=&amp;url=https:\/\/www.zunoticia.com\/noticias-de-hidalgo\/2022\/11\/22\/jovenes-protagonistas-en-conmemoracion-de-fechas-patrias\/\" target=\"_top\" rel=\"nofollow\"><span class=\"icon\"><\/span><span class=\"text\">Tweet<\/span><\/a><div class=\"onoffswitch2 mash-large mashsb-noshadow\" style=\"display:none\"><\/div><\/div>\n            <\/div>\n                <div style=\"clear:both\"><\/div><div class=\"mashsb-toggle-container\"><\/div><\/aside>\n            <!-- Share buttons by mashshare.net - Version: 4.0.47-->\n<p><em>Por Pedro Luciano\/Zunoticia<\/em><\/p>\n\n\n\n<p><strong>Atlapexco, Hgo.-<\/strong> Es necesario se observe la participaci\u00f3n de la juventud en la conmemoraci\u00f3n de las fechas importantes del pa\u00eds, m\u00e1s a\u00fan en aquellas donde se represente la identidad de nuestra cultura, tradiciones y acontecimientos hist\u00f3ricos del pa\u00eds, afirm\u00f3 el presidente constitucional del municipio.<\/p>\n\n\n\n<p>En este acto fueron los mismos j\u00f3venes estudiantes de las diferentes instituciones educativas quienes llevaron a cabo estos actos y presentaciones alusivas a la fecha, que llena de alegr\u00eda saber el correcto desarrollo de la identidad de la cultura e historia del pa\u00eds, la cual se ha formado dentro de ellos, comparti\u00f3.<\/p>\n\n\n\n<p>De igual forma agreg\u00f3 que es importante se siga formando esta identidad por parte de profesores y padres de las familias, pues esta fecha de conmemoraci\u00f3n a la revoluci\u00f3n mexicana trae consigo una ense\u00f1anza de desarrollo de los derechos de todos los mexicanos y mexicanas que ense\u00f1ar a los j\u00f3venes.<\/p>\n\n\n\n<p>Concluy\u00f3 reconociendo el esfuerzo de las autoridades educativas quienes realizaron todas las acciones posibles para hacer este acto&nbsp;c\u00edvico&nbsp;posible.<\/p>\n","protected":false},"excerpt":{"rendered":"<p>Por Pedro Luciano\/Zunoticia Atlapexco, Hgo.- Es necesario se observe la participaci\u00f3n de la juventud en la conmemoraci\u00f3n de las fechas importantes del pa\u00eds, m\u00e1s a\u00fan en aquellas donde se represente la identidad de nuestra cultura, tradiciones y acontecimientos hist\u00f3ricos del pa\u00eds, afirm\u00f3 el presidente constitucional del municipio. En este acto fueron los mismos j\u00f3venes estudiantes&hellip; <a class=\"more-link\" href=\"https:\/\/www.zunoticia.com\/noticias-de-hidalgo\/2022\/11\/22\/jovenes-protagonistas-en-conmemoracion-de-fechas-patrias\/\">Seguir leyendo <span class=\"screen-reader-text\">J\u00f3venes protagonistas en conmemoraci\u00f3n de fechas patrias<\/span><\/a><\/p>\n","protected":false},"author":12,"featured_media":455992,"comment_status":"closed","ping_status":"open","sticky":false,"template":"","format":"standard","meta":{"rop_custom_images_group":[],"rop_custom_messages_group":[],"rop_publish_now":"initial","rop_publish_now_accounts":{"facebook_10159540855086992_322828327761733":""},"rop_publish_now_history":[],"rop_publish_now_status":"pending","footnotes":""},"categories":[182],"tags":[133],"class_list":["post-455999","post","type-post","status-publish","format-standard","has-post-thumbnail","hentry","category-atlapexco","tag-atlapexco","entry"],"_links":{"self":[{"href":"https:\/\/www.zunoticia.com\/noticias-de-hidalgo\/wp-json\/wp\/v2\/posts\/455999","targetHints":{"allow":["GET"]}}],"collection":[{"href":"https:\/\/www.zunoticia.com\/noticias-de-hidalgo\/wp-json\/wp\/v2\/posts"}],"about":[{"href":"https:\/\/www.zunoticia.com\/noticias-de-hidalgo\/wp-json\/wp\/v2\/types\/post"}],"author":[{"embeddable":true,"href":"https:\/\/www.zunoticia.com\/noticias-de-hidalgo\/wp-json\/wp\/v2\/users\/12"}],"replies":[{"embeddable":true,"href":"https:\/\/www.zunoticia.com\/noticias-de-hidalgo\/wp-json\/wp\/v2\/comments?post=455999"}],"version-history":[{"count":1,"href":"https:\/\/www.zunoticia.com\/noticias-de-hidalgo\/wp-json\/wp\/v2\/posts\/455999\/revisions"}],"predecessor-version":[{"id":456000,"href":"https:\/\/www.zunoticia.com\/noticias-de-hidalgo\/wp-json\/wp\/v2\/posts\/455999\/revisions\/456000"}],"wp:featuredmedia":[{"embeddable":true,"href":"https:\/\/www.zunoticia.com\/noticias-de-hidalgo\/wp-json\/wp\/v2\/media\/455992"}],"wp:attachment":[{"href":"https:\/\/www.zunoticia.com\/noticias-de-hidalgo\/wp-json\/wp\/v2\/media?parent=455999"}],"wp:term":[{"taxonomy":"category","embeddable":true,"href":"https:\/\/www.zunoticia.com\/noticias-de-hidalgo\/wp-json\/wp\/v2\/categories?post=455999"},{"taxonomy":"post_tag","embeddable":true,"href":"https:\/\/www.zunoticia.com\/noticias-de-hidalgo\/wp-json\/wp\/v2\/tags?post=455999"}],"curies":[{"name":"wp","href":"https:\/\/api.w.org\/{rel}","templated":true}]}}