{"id":456007,"date":"2022-11-22T19:28:38","date_gmt":"2022-11-23T01:28:38","guid":{"rendered":"https:\/\/www.zunoticia.com\/noticias-de-hidalgo\/?p=456007"},"modified":"2022-11-22T19:28:39","modified_gmt":"2022-11-23T01:28:39","slug":"en-preparativos-para-encendido-del-arbol-navideno","status":"publish","type":"post","link":"https:\/\/www.zunoticia.com\/noticias-de-hidalgo\/2022\/11\/22\/en-preparativos-para-encendido-del-arbol-navideno\/","title":{"rendered":"En preparativos para encendido del \u00e1rbol navide\u00f1o"},"content":{"rendered":"<aside class=\"mashsb-container mashsb-main mashsb-stretched\"><div class=\"mashsb-box\"><div class=\"mashsb-count mash-large\" style=\"float:left\"><div class=\"counts mashsbcount\">24<\/div><span class=\"mashsb-sharetext\">SHARES<\/span><\/div><div class=\"mashsb-buttons\"><a class=\"mashicon-facebook mash-large mash-center mashsb-noshadow\" href=\"https:\/\/www.facebook.com\/sharer.php?u=https%3A%2F%2Fwww.zunoticia.com%2Fnoticias-de-hidalgo%2F2022%2F11%2F22%2Fen-preparativos-para-encendido-del-arbol-navideno%2F\" target=\"_top\" rel=\"nofollow\"><span class=\"icon\"><\/span><span class=\"text\">Share<\/span><\/a><a class=\"mashicon-twitter mash-large mash-center mashsb-noshadow\" href=\"https:\/\/twitter.com\/intent\/tweet?text=&amp;url=https:\/\/www.zunoticia.com\/noticias-de-hidalgo\/2022\/11\/22\/en-preparativos-para-encendido-del-arbol-navideno\/\" target=\"_top\" rel=\"nofollow\"><span class=\"icon\"><\/span><span class=\"text\">Tweet<\/span><\/a><div class=\"onoffswitch2 mash-large mashsb-noshadow\" style=\"display:none\"><\/div><\/div>\n            <\/div>\n                <div style=\"clear:both\"><\/div><div class=\"mashsb-toggle-container\"><\/div><\/aside>\n            <!-- Share buttons by mashshare.net - Version: 4.0.47-->\n<p><em>Por Redacci\u00f3n\/Zunoticia<\/em><\/p>\n\n\n\n<p><strong>Tlanchinol, Hgo.-<\/strong> En el municipio las \u00e1reas de Educaci\u00f3n, Cultura y Secretar\u00eda Municipal ya se encuentran en preparativos para realizar el evento de encendido del \u00e1rbol navide\u00f1o.<\/p>\n\n\n\n<p>Desde hace algunas semanas el Gobierno Municipal de Tlanchinol se prepara para realizar las festividades navide\u00f1as por lo que el d\u00eda de hoy, las \u00e1reas encargadas de encabezar esta planeaci\u00f3n tan importante se reunieron con directivos de las instituciones educativas de la cabecera para integrarlas a las actividades que se realizar\u00e1n.<\/p>\n\n\n\n<p>En respuesta los directivos de las diferentes escuelas mostraron su total apoyo al ayuntamiento municipal para poder colaborar en las actividades que se planean, en los pr\u00f3ximos d\u00edas se publicar\u00e1 la agenda navide\u00f1a que podr\u00e1 disfrutar&nbsp;la&nbsp;ciudadan\u00eda.<\/p>\n","protected":false},"excerpt":{"rendered":"<p>Por Redacci\u00f3n\/Zunoticia Tlanchinol, Hgo.- En el municipio las \u00e1reas de Educaci\u00f3n, Cultura y Secretar\u00eda Municipal ya se encuentran en preparativos para realizar el evento de encendido del \u00e1rbol navide\u00f1o. Desde hace algunas semanas el Gobierno Municipal de Tlanchinol se prepara para realizar las festividades navide\u00f1as por lo que el d\u00eda de hoy, las \u00e1reas encargadas&hellip; <a class=\"more-link\" href=\"https:\/\/www.zunoticia.com\/noticias-de-hidalgo\/2022\/11\/22\/en-preparativos-para-encendido-del-arbol-navideno\/\">Seguir leyendo <span class=\"screen-reader-text\">En preparativos para encendido del \u00e1rbol navide\u00f1o<\/span><\/a><\/p>\n","protected":false},"author":12,"featured_media":456008,"comment_status":"closed","ping_status":"open","sticky":false,"template":"","format":"standard","meta":{"rop_custom_images_group":[],"rop_custom_messages_group":[],"rop_publish_now":"initial","rop_publish_now_accounts":{"facebook_10159540855086992_322828327761733":""},"rop_publish_now_history":[],"rop_publish_now_status":"pending","footnotes":""},"categories":[219,201],"tags":[127],"class_list":["post-456007","post","type-post","status-publish","format-standard","has-post-thumbnail","hentry","category-sierra","category-tlanchinol","tag-tlanchinol","entry"],"_links":{"self":[{"href":"https:\/\/www.zunoticia.com\/noticias-de-hidalgo\/wp-json\/wp\/v2\/posts\/456007","targetHints":{"allow":["GET"]}}],"collection":[{"href":"https:\/\/www.zunoticia.com\/noticias-de-hidalgo\/wp-json\/wp\/v2\/posts"}],"about":[{"href":"https:\/\/www.zunoticia.com\/noticias-de-hidalgo\/wp-json\/wp\/v2\/types\/post"}],"author":[{"embeddable":true,"href":"https:\/\/www.zunoticia.com\/noticias-de-hidalgo\/wp-json\/wp\/v2\/users\/12"}],"replies":[{"embeddable":true,"href":"https:\/\/www.zunoticia.com\/noticias-de-hidalgo\/wp-json\/wp\/v2\/comments?post=456007"}],"version-history":[{"count":1,"href":"https:\/\/www.zunoticia.com\/noticias-de-hidalgo\/wp-json\/wp\/v2\/posts\/456007\/revisions"}],"predecessor-version":[{"id":456009,"href":"https:\/\/www.zunoticia.com\/noticias-de-hidalgo\/wp-json\/wp\/v2\/posts\/456007\/revisions\/456009"}],"wp:featuredmedia":[{"embeddable":true,"href":"https:\/\/www.zunoticia.com\/noticias-de-hidalgo\/wp-json\/wp\/v2\/media\/456008"}],"wp:attachment":[{"href":"https:\/\/www.zunoticia.com\/noticias-de-hidalgo\/wp-json\/wp\/v2\/media?parent=456007"}],"wp:term":[{"taxonomy":"category","embeddable":true,"href":"https:\/\/www.zunoticia.com\/noticias-de-hidalgo\/wp-json\/wp\/v2\/categories?post=456007"},{"taxonomy":"post_tag","embeddable":true,"href":"https:\/\/www.zunoticia.com\/noticias-de-hidalgo\/wp-json\/wp\/v2\/tags?post=456007"}],"curies":[{"name":"wp","href":"https:\/\/api.w.org\/{rel}","templated":true}]}}