{"id":456030,"date":"2022-11-22T21:27:30","date_gmt":"2022-11-23T03:27:30","guid":{"rendered":"https:\/\/www.zunoticia.com\/noticias-de-hidalgo\/?p=456030"},"modified":"2022-11-22T21:27:31","modified_gmt":"2022-11-23T03:27:31","slug":"israel-felix-soto-reflexiona-sobre-el-momento-politico-del-pri-en-hidalgo","status":"publish","type":"post","link":"https:\/\/www.zunoticia.com\/noticias-de-hidalgo\/2022\/11\/22\/israel-felix-soto-reflexiona-sobre-el-momento-politico-del-pri-en-hidalgo\/","title":{"rendered":"Israel F\u00e9lix Soto reflexiona sobre el momento pol\u00edtico del PRI en Hidalgo"},"content":{"rendered":"<aside class=\"mashsb-container mashsb-main mashsb-stretched\"><div class=\"mashsb-box\"><div class=\"mashsb-count mash-large\" style=\"float:left\"><div class=\"counts mashsbcount\">20<\/div><span class=\"mashsb-sharetext\">SHARES<\/span><\/div><div class=\"mashsb-buttons\"><a class=\"mashicon-facebook mash-large mash-center mashsb-noshadow\" href=\"https:\/\/www.facebook.com\/sharer.php?u=https%3A%2F%2Fwww.zunoticia.com%2Fnoticias-de-hidalgo%2F2022%2F11%2F22%2Fisrael-felix-soto-reflexiona-sobre-el-momento-politico-del-pri-en-hidalgo%2F\" target=\"_top\" rel=\"nofollow\"><span class=\"icon\"><\/span><span class=\"text\">Share<\/span><\/a><a class=\"mashicon-twitter mash-large mash-center mashsb-noshadow\" href=\"https:\/\/twitter.com\/intent\/tweet?text=&amp;url=https:\/\/www.zunoticia.com\/noticias-de-hidalgo\/2022\/11\/22\/israel-felix-soto-reflexiona-sobre-el-momento-politico-del-pri-en-hidalgo\/\" target=\"_top\" rel=\"nofollow\"><span class=\"icon\"><\/span><span class=\"text\">Tweet<\/span><\/a><div class=\"onoffswitch2 mash-large mashsb-noshadow\" style=\"display:none\"><\/div><\/div>\n            <\/div>\n                <div style=\"clear:both\"><\/div><div class=\"mashsb-toggle-container\"><\/div><\/aside>\n            <!-- Share buttons by mashshare.net - Version: 4.0.47-->\n<p><em>Por Redacci\u00f3n\/Zunoticia<\/em><em><\/em><\/p>\n\n\n\n<p><strong>Pachuca, Hgo.-<\/strong> La democracia requiere la existencia de las v\u00edas legales e institucionales para que las personas tengan la posibilidad de ser parte de la formaci\u00f3n del poder pol\u00edtico, los m\u00e1s recientes actos de ilegalidad que se dieron durante el proceso electivo en Hidalgo para la designaci\u00f3n de los integrantes del Consejo Pol\u00edtico Nacional, son una muestra de la autocracia pol\u00edtica que existe por quienes tienen secuestrado al PRI Nacional.<\/p>\n\n\n\n<p>Hay priistas que hemos comprendido el mensaje que la sociedad nos ha expresado por medio de su voto, trabajar en favor de la sociedad y ser totalmente transparentes, mientras que claramente hay personajes en el partido que llenos de soberbia y embriagados de poder, solo ven sus propios intereses sin darse cuenta que con sus acciones ilegales, est\u00e1n condenando al PRI a su desaparici\u00f3n.<\/p>\n\n\n\n<p>El PRI merece m\u00e1s que a lo que hoy lo est\u00e1n llevando, tal como ocurri\u00f3 en la pasada elecci\u00f3n estatal.<\/p>\n\n\n\n<p>El PRI no merece conformarse con ser solo un partido bisagra, privilegiando la obtenci\u00f3n de beneficios personales o de una camarilla, por encima de lo que el pais demanda.<\/p>\n\n\n\n<p>Cuando la visi\u00f3n de un instituto pol\u00edtico se reduce a lo anterior, su futuro est\u00e1 destinando a su destrucci\u00f3n; si bien es cierto la presencia del membrete podr\u00e1 seguir existiendo, su aportaci\u00f3n as\u00ed como apoyo y empat\u00eda hacia los m\u00e1s necesitados, dejar\u00e1 de tener sentido, la fuerza de un partido pol\u00edtico est\u00e1 en la credibilidad y confianza que le tenga la sociedad a sus representantes. Hoy lamentablemente desde la c\u00fapula se est\u00e1n encargando de debilitarlo, muestra de ello fue el pasado 18 de agosto del 2019 cuando tom\u00f3 las riendas esta dirigencia, eran 12 los estados gobernados por el PRI, hoy solo son 3 y para 2024 se vislumbra que solo sea Durango el \u00fanico estado siglado por el tricolor.<\/p>\n\n\n\n<p>Permanecer en silencio y en un estado de pasividad ante el asesinato pol\u00edtico del PRI, implica convertirse en c\u00f3mplice de las acciones perversas que agreden a sus militantes, a los hidalguenses y a los mexicanos; eso es algo de lo que definitivamente no pienso ser parte, hoy los colores no importan, lo \u00fanico que importa es la gente.<\/p>\n","protected":false},"excerpt":{"rendered":"<p>Por Redacci\u00f3n\/Zunoticia Pachuca, Hgo.- La democracia requiere la existencia de las v\u00edas legales e institucionales para que las personas tengan la posibilidad de ser parte de la formaci\u00f3n del poder pol\u00edtico, los m\u00e1s recientes actos de ilegalidad que se dieron durante el proceso electivo en Hidalgo para la designaci\u00f3n de los integrantes del Consejo Pol\u00edtico&hellip; <a class=\"more-link\" href=\"https:\/\/www.zunoticia.com\/noticias-de-hidalgo\/2022\/11\/22\/israel-felix-soto-reflexiona-sobre-el-momento-politico-del-pri-en-hidalgo\/\">Seguir leyendo <span class=\"screen-reader-text\">Israel F\u00e9lix Soto reflexiona sobre el momento pol\u00edtico del PRI en Hidalgo<\/span><\/a><\/p>\n","protected":false},"author":12,"featured_media":456031,"comment_status":"closed","ping_status":"open","sticky":false,"template":"","format":"standard","meta":{"rop_custom_images_group":[],"rop_custom_messages_group":[],"rop_publish_now":"initial","rop_publish_now_accounts":{"facebook_10159540855086992_322828327761733":""},"rop_publish_now_history":[],"rop_publish_now_status":"pending","footnotes":""},"categories":[208],"tags":[214],"class_list":["post-456030","post","type-post","status-publish","format-standard","has-post-thumbnail","hentry","category-estado","tag-estado","entry"],"_links":{"self":[{"href":"https:\/\/www.zunoticia.com\/noticias-de-hidalgo\/wp-json\/wp\/v2\/posts\/456030","targetHints":{"allow":["GET"]}}],"collection":[{"href":"https:\/\/www.zunoticia.com\/noticias-de-hidalgo\/wp-json\/wp\/v2\/posts"}],"about":[{"href":"https:\/\/www.zunoticia.com\/noticias-de-hidalgo\/wp-json\/wp\/v2\/types\/post"}],"author":[{"embeddable":true,"href":"https:\/\/www.zunoticia.com\/noticias-de-hidalgo\/wp-json\/wp\/v2\/users\/12"}],"replies":[{"embeddable":true,"href":"https:\/\/www.zunoticia.com\/noticias-de-hidalgo\/wp-json\/wp\/v2\/comments?post=456030"}],"version-history":[{"count":1,"href":"https:\/\/www.zunoticia.com\/noticias-de-hidalgo\/wp-json\/wp\/v2\/posts\/456030\/revisions"}],"predecessor-version":[{"id":456037,"href":"https:\/\/www.zunoticia.com\/noticias-de-hidalgo\/wp-json\/wp\/v2\/posts\/456030\/revisions\/456037"}],"wp:featuredmedia":[{"embeddable":true,"href":"https:\/\/www.zunoticia.com\/noticias-de-hidalgo\/wp-json\/wp\/v2\/media\/456031"}],"wp:attachment":[{"href":"https:\/\/www.zunoticia.com\/noticias-de-hidalgo\/wp-json\/wp\/v2\/media?parent=456030"}],"wp:term":[{"taxonomy":"category","embeddable":true,"href":"https:\/\/www.zunoticia.com\/noticias-de-hidalgo\/wp-json\/wp\/v2\/categories?post=456030"},{"taxonomy":"post_tag","embeddable":true,"href":"https:\/\/www.zunoticia.com\/noticias-de-hidalgo\/wp-json\/wp\/v2\/tags?post=456030"}],"curies":[{"name":"wp","href":"https:\/\/api.w.org\/{rel}","templated":true}]}}