{"id":456514,"date":"2022-11-25T14:41:16","date_gmt":"2022-11-25T20:41:16","guid":{"rendered":"https:\/\/www.zunoticia.com\/noticias-de-hidalgo\/?p=456514"},"modified":"2022-11-25T14:41:18","modified_gmt":"2022-11-25T20:41:18","slug":"erika-saab-refrenda-compromiso-contra-la-violencia-a-las-mujeres","status":"publish","type":"post","link":"https:\/\/www.zunoticia.com\/noticias-de-hidalgo\/2022\/11\/25\/erika-saab-refrenda-compromiso-contra-la-violencia-a-las-mujeres\/","title":{"rendered":"Erika Saab refrenda compromiso contra la violencia a las mujeres"},"content":{"rendered":"<aside class=\"mashsb-container mashsb-main mashsb-stretched\"><div class=\"mashsb-box\"><div class=\"mashsb-count mash-large\" style=\"float:left\"><div class=\"counts mashsbcount\">0<\/div><span class=\"mashsb-sharetext\">SHARES<\/span><\/div><div class=\"mashsb-buttons\"><a class=\"mashicon-facebook mash-large mash-center mashsb-noshadow\" href=\"https:\/\/www.facebook.com\/sharer.php?u=https%3A%2F%2Fwww.zunoticia.com%2Fnoticias-de-hidalgo%2F2022%2F11%2F25%2Ferika-saab-refrenda-compromiso-contra-la-violencia-a-las-mujeres%2F\" target=\"_top\" rel=\"nofollow\"><span class=\"icon\"><\/span><span class=\"text\">Share<\/span><\/a><a class=\"mashicon-twitter mash-large mash-center mashsb-noshadow\" href=\"https:\/\/twitter.com\/intent\/tweet?text=&amp;url=https:\/\/www.zunoticia.com\/noticias-de-hidalgo\/2022\/11\/25\/erika-saab-refrenda-compromiso-contra-la-violencia-a-las-mujeres\/\" target=\"_top\" rel=\"nofollow\"><span class=\"icon\"><\/span><span class=\"text\">Tweet<\/span><\/a><div class=\"onoffswitch2 mash-large mashsb-noshadow\" style=\"display:none\"><\/div><\/div>\n            <\/div>\n                <div style=\"clear:both\"><\/div><div class=\"mashsb-toggle-container\"><\/div><\/aside>\n            <!-- Share buttons by mashshare.net - Version: 4.0.47-->\n<p><em>Por \u00c1ngel Silverio\/Zunoticia<\/em><\/p>\n\n\n\n<p><strong>San Felipe Orizatl\u00e1n, Hgo. &#8211;<\/strong> El gobierno municipal que preside Erika Saab Lara, a trav\u00e9s de Instancia de la Mujer, conmemor\u00f3 con un mo\u00f1o humano, el D\u00eda internacional de la eliminaci\u00f3n de la violencia contra la mujer, para concientizar y reconocer la importancia de este d\u00eda.<\/p>\n\n\n\n<p>Victoria de Jes\u00fas Leyva Salas, directora de la Instancia Municipal de la Mujer, dio un mensaje a nombre de la alcaldesa Erika Saab, en el cual dijo &#8220;Las mujeres no est\u00e1n solas, denuncia, somos libres; por cada mujer que se atreva a denunciar tiene que surgir a su alrededor un gran apoyo de la administraci\u00f3n p\u00fablica. Vivan sin miedo, sin violencia y con seguridad diaria&#8221;.<\/p>\n\n\n\n<p>De esta manera, dijo que, la administraci\u00f3n municipal trabaja, respalda y promueve para que las mujeres vivan una vida libre de violencia; por ello a trav\u00e9s de sus diferentes instancias y del Sistema Municipal DIF, se coadyuva en la lucha diaria para erradicar la violencia contra las mujeres y ni\u00f1as.<\/p>\n\n\n\n<p>Cabe mencionar que se pide a los funcionarios y ciudadanos, replicar el mensaje en todos los rincones del municipio, as\u00ed juntos generar espacios libres de violencia para las f\u00e9minas.<\/p>\n","protected":false},"excerpt":{"rendered":"<p>Por \u00c1ngel Silverio\/Zunoticia San Felipe Orizatl\u00e1n, Hgo. &#8211; El gobierno municipal que preside Erika Saab Lara, a trav\u00e9s de Instancia de la Mujer, conmemor\u00f3 con un mo\u00f1o humano, el D\u00eda internacional de la eliminaci\u00f3n de la violencia contra la mujer, para concientizar y reconocer la importancia de este d\u00eda. Victoria de Jes\u00fas Leyva Salas, directora&hellip; <a class=\"more-link\" href=\"https:\/\/www.zunoticia.com\/noticias-de-hidalgo\/2022\/11\/25\/erika-saab-refrenda-compromiso-contra-la-violencia-a-las-mujeres\/\">Seguir leyendo <span class=\"screen-reader-text\">Erika Saab refrenda compromiso contra la violencia a las mujeres<\/span><\/a><\/p>\n","protected":false},"author":12,"featured_media":456515,"comment_status":"closed","ping_status":"open","sticky":false,"template":"","format":"standard","meta":{"rop_custom_images_group":[],"rop_custom_messages_group":[],"rop_publish_now":"initial","rop_publish_now_accounts":{"facebook_10159540855086992_322828327761733":""},"rop_publish_now_history":[],"rop_publish_now_status":"pending","footnotes":""},"categories":[180],"tags":[129],"class_list":["post-456514","post","type-post","status-publish","format-standard","has-post-thumbnail","hentry","category-orizatlan","tag-orizatlan","entry"],"_links":{"self":[{"href":"https:\/\/www.zunoticia.com\/noticias-de-hidalgo\/wp-json\/wp\/v2\/posts\/456514","targetHints":{"allow":["GET"]}}],"collection":[{"href":"https:\/\/www.zunoticia.com\/noticias-de-hidalgo\/wp-json\/wp\/v2\/posts"}],"about":[{"href":"https:\/\/www.zunoticia.com\/noticias-de-hidalgo\/wp-json\/wp\/v2\/types\/post"}],"author":[{"embeddable":true,"href":"https:\/\/www.zunoticia.com\/noticias-de-hidalgo\/wp-json\/wp\/v2\/users\/12"}],"replies":[{"embeddable":true,"href":"https:\/\/www.zunoticia.com\/noticias-de-hidalgo\/wp-json\/wp\/v2\/comments?post=456514"}],"version-history":[{"count":1,"href":"https:\/\/www.zunoticia.com\/noticias-de-hidalgo\/wp-json\/wp\/v2\/posts\/456514\/revisions"}],"predecessor-version":[{"id":456516,"href":"https:\/\/www.zunoticia.com\/noticias-de-hidalgo\/wp-json\/wp\/v2\/posts\/456514\/revisions\/456516"}],"wp:featuredmedia":[{"embeddable":true,"href":"https:\/\/www.zunoticia.com\/noticias-de-hidalgo\/wp-json\/wp\/v2\/media\/456515"}],"wp:attachment":[{"href":"https:\/\/www.zunoticia.com\/noticias-de-hidalgo\/wp-json\/wp\/v2\/media?parent=456514"}],"wp:term":[{"taxonomy":"category","embeddable":true,"href":"https:\/\/www.zunoticia.com\/noticias-de-hidalgo\/wp-json\/wp\/v2\/categories?post=456514"},{"taxonomy":"post_tag","embeddable":true,"href":"https:\/\/www.zunoticia.com\/noticias-de-hidalgo\/wp-json\/wp\/v2\/tags?post=456514"}],"curies":[{"name":"wp","href":"https:\/\/api.w.org\/{rel}","templated":true}]}}