{"id":456584,"date":"2022-11-25T17:59:51","date_gmt":"2022-11-25T23:59:51","guid":{"rendered":"https:\/\/www.zunoticia.com\/noticias-de-hidalgo\/?p=456584"},"modified":"2022-11-25T17:59:53","modified_gmt":"2022-11-25T23:59:53","slug":"realizaron-encuentro-etnico-por-la-alianza-cristiana-y-misionera","status":"publish","type":"post","link":"https:\/\/www.zunoticia.com\/noticias-de-hidalgo\/2022\/11\/25\/realizaron-encuentro-etnico-por-la-alianza-cristiana-y-misionera\/","title":{"rendered":"Realizaron encuentro \u00e9tnico por la alianza cristiana y misionera"},"content":{"rendered":"<aside class=\"mashsb-container mashsb-main mashsb-stretched\"><div class=\"mashsb-box\"><div class=\"mashsb-count mash-large\" style=\"float:left\"><div class=\"counts mashsbcount\">28<\/div><span class=\"mashsb-sharetext\">SHARES<\/span><\/div><div class=\"mashsb-buttons\"><a class=\"mashicon-facebook mash-large mash-center mashsb-noshadow\" href=\"https:\/\/www.facebook.com\/sharer.php?u=https%3A%2F%2Fwww.zunoticia.com%2Fnoticias-de-hidalgo%2F2022%2F11%2F25%2Frealizaron-encuentro-etnico-por-la-alianza-cristiana-y-misionera%2F\" target=\"_top\" rel=\"nofollow\"><span class=\"icon\"><\/span><span class=\"text\">Share<\/span><\/a><a class=\"mashicon-twitter mash-large mash-center mashsb-noshadow\" href=\"https:\/\/twitter.com\/intent\/tweet?text=&amp;url=https:\/\/www.zunoticia.com\/noticias-de-hidalgo\/2022\/11\/25\/realizaron-encuentro-etnico-por-la-alianza-cristiana-y-misionera\/\" target=\"_top\" rel=\"nofollow\"><span class=\"icon\"><\/span><span class=\"text\">Tweet<\/span><\/a><div class=\"onoffswitch2 mash-large mashsb-noshadow\" style=\"display:none\"><\/div><\/div>\n            <\/div>\n                <div style=\"clear:both\"><\/div><div class=\"mashsb-toggle-container\"><\/div><\/aside>\n            <!-- Share buttons by mashshare.net - Version: 4.0.47-->\n<p><em>Por \u00c1ngel Silverio\/Zunoticia<\/em><\/p>\n\n\n\n<p><strong>San Felipe Orizatl\u00e1n, Hgo. &#8211;<\/strong> Con gran j\u00fabilo se vivi\u00f3 el encuentro \u00e9tnico organizado por la Alianza Cristiana y Misionera de M\u00e9xico, donde se dieron cita decenas de grupos \u00e9tnicos de todo el pa\u00eds, compartieron experiencias, oraron por la paz del mundo, as\u00ed como tambi\u00e9n extendieron su mensaje cristiano para una mejor sociedad.<\/p>\n\n\n\n<p>Al respecto, los organizadores indicaron, -&#8221; Para nosotros fue una bendici\u00f3n poder ser los anfitriones, compartimos solo un poco de lo que vivimos estos dos d\u00edas; fue sin duda una gran experiencia para todos, el poder conocer y convivir con otras etnias de nuestro pa\u00eds, como los huicholes, raramuris, otom\u00edes, pur\u00e9pechas y nahuas.<\/p>\n\n\n\n<figure class=\"wp-block-gallery has-nested-images columns-default is-cropped wp-block-gallery-1 is-layout-flex wp-block-gallery-is-layout-flex\">\n<figure class=\"wp-block-image size-large\"><img fetchpriority=\"high\" decoding=\"async\" width=\"1024\" height=\"462\" data-id=\"456586\" src=\"https:\/\/www.zunoticia.com\/noticias-de-hidalgo\/wp-content\/uploads\/2022\/11\/WhatsApp-Image-2022-11-25-at-5.56.14-PM-1024x462.jpeg\" alt=\"\" class=\"wp-image-456586\" srcset=\"https:\/\/www.zunoticia.com\/noticias-de-hidalgo\/wp-content\/uploads\/2022\/11\/WhatsApp-Image-2022-11-25-at-5.56.14-PM-1024x462.jpeg 1024w, https:\/\/www.zunoticia.com\/noticias-de-hidalgo\/wp-content\/uploads\/2022\/11\/WhatsApp-Image-2022-11-25-at-5.56.14-PM-300x135.jpeg 300w, https:\/\/www.zunoticia.com\/noticias-de-hidalgo\/wp-content\/uploads\/2022\/11\/WhatsApp-Image-2022-11-25-at-5.56.14-PM-768x346.jpeg 768w, https:\/\/www.zunoticia.com\/noticias-de-hidalgo\/wp-content\/uploads\/2022\/11\/WhatsApp-Image-2022-11-25-at-5.56.14-PM.jpeg 1080w\" sizes=\"(max-width: 1024px) 100vw, 1024px\" \/><\/figure>\n\n\n\n<figure class=\"wp-block-image size-large\"><img decoding=\"async\" width=\"1024\" height=\"462\" data-id=\"456587\" src=\"https:\/\/www.zunoticia.com\/noticias-de-hidalgo\/wp-content\/uploads\/2022\/11\/WhatsApp-Image-2022-11-25-at-5.56.14-PM-2-1024x462.jpeg\" alt=\"\" class=\"wp-image-456587\" srcset=\"https:\/\/www.zunoticia.com\/noticias-de-hidalgo\/wp-content\/uploads\/2022\/11\/WhatsApp-Image-2022-11-25-at-5.56.14-PM-2-1024x462.jpeg 1024w, https:\/\/www.zunoticia.com\/noticias-de-hidalgo\/wp-content\/uploads\/2022\/11\/WhatsApp-Image-2022-11-25-at-5.56.14-PM-2-300x135.jpeg 300w, https:\/\/www.zunoticia.com\/noticias-de-hidalgo\/wp-content\/uploads\/2022\/11\/WhatsApp-Image-2022-11-25-at-5.56.14-PM-2-768x346.jpeg 768w, https:\/\/www.zunoticia.com\/noticias-de-hidalgo\/wp-content\/uploads\/2022\/11\/WhatsApp-Image-2022-11-25-at-5.56.14-PM-2.jpeg 1080w\" sizes=\"(max-width: 1024px) 100vw, 1024px\" \/><\/figure>\n<\/figure>\n\n\n\n<p>A\u00f1adieron, -&#8220;Agradecemos al pastor Tom\u00e1s Bencomo, por ser quien desde un principio manifest\u00f3 el deseo de llevar a cabo este encuentro \u00e9tnico, en donde pudimos sentir la presencia manifiesta de nuestro Dios y solo una probadita de lo que dice Apocalipsis 7:9,&nbsp; Despu\u00e9s de esto mir\u00e9, y he aqu\u00ed una gran multitud, la cual nadie pod\u00eda contar, de todas naciones, tribus, pueblos y lenguas, que estaban delante del trono y en la presencia del Cordero, vestidos de ropas blancas, y con palmas en las manos&#8221;.<\/p>\n\n\n\n<p>Cabe resaltar que, gracias a la gran respuesta y participaci\u00f3n, se prev\u00e9 que pr\u00f3ximamente se pueda realizar otro encuentro como este, para fortalecer los lazos de amistad y religiosos entre los pueblos originarios del pa\u00eds.<\/p>\n","protected":false},"excerpt":{"rendered":"<p>Por \u00c1ngel Silverio\/Zunoticia San Felipe Orizatl\u00e1n, Hgo. &#8211; Con gran j\u00fabilo se vivi\u00f3 el encuentro \u00e9tnico organizado por la Alianza Cristiana y Misionera de M\u00e9xico, donde se dieron cita decenas de grupos \u00e9tnicos de todo el pa\u00eds, compartieron experiencias, oraron por la paz del mundo, as\u00ed como tambi\u00e9n extendieron su mensaje cristiano para una mejor&hellip; <a class=\"more-link\" href=\"https:\/\/www.zunoticia.com\/noticias-de-hidalgo\/2022\/11\/25\/realizaron-encuentro-etnico-por-la-alianza-cristiana-y-misionera\/\">Seguir leyendo <span class=\"screen-reader-text\">Realizaron encuentro \u00e9tnico por la alianza cristiana y misionera<\/span><\/a><\/p>\n","protected":false},"author":12,"featured_media":456585,"comment_status":"closed","ping_status":"open","sticky":false,"template":"","format":"standard","meta":{"rop_custom_images_group":[],"rop_custom_messages_group":[],"rop_publish_now":"initial","rop_publish_now_accounts":{"facebook_10159540855086992_322828327761733":""},"rop_publish_now_history":[],"rop_publish_now_status":"pending","footnotes":""},"categories":[180],"tags":[129],"class_list":["post-456584","post","type-post","status-publish","format-standard","has-post-thumbnail","hentry","category-orizatlan","tag-orizatlan","entry"],"_links":{"self":[{"href":"https:\/\/www.zunoticia.com\/noticias-de-hidalgo\/wp-json\/wp\/v2\/posts\/456584","targetHints":{"allow":["GET"]}}],"collection":[{"href":"https:\/\/www.zunoticia.com\/noticias-de-hidalgo\/wp-json\/wp\/v2\/posts"}],"about":[{"href":"https:\/\/www.zunoticia.com\/noticias-de-hidalgo\/wp-json\/wp\/v2\/types\/post"}],"author":[{"embeddable":true,"href":"https:\/\/www.zunoticia.com\/noticias-de-hidalgo\/wp-json\/wp\/v2\/users\/12"}],"replies":[{"embeddable":true,"href":"https:\/\/www.zunoticia.com\/noticias-de-hidalgo\/wp-json\/wp\/v2\/comments?post=456584"}],"version-history":[{"count":1,"href":"https:\/\/www.zunoticia.com\/noticias-de-hidalgo\/wp-json\/wp\/v2\/posts\/456584\/revisions"}],"predecessor-version":[{"id":456588,"href":"https:\/\/www.zunoticia.com\/noticias-de-hidalgo\/wp-json\/wp\/v2\/posts\/456584\/revisions\/456588"}],"wp:featuredmedia":[{"embeddable":true,"href":"https:\/\/www.zunoticia.com\/noticias-de-hidalgo\/wp-json\/wp\/v2\/media\/456585"}],"wp:attachment":[{"href":"https:\/\/www.zunoticia.com\/noticias-de-hidalgo\/wp-json\/wp\/v2\/media?parent=456584"}],"wp:term":[{"taxonomy":"category","embeddable":true,"href":"https:\/\/www.zunoticia.com\/noticias-de-hidalgo\/wp-json\/wp\/v2\/categories?post=456584"},{"taxonomy":"post_tag","embeddable":true,"href":"https:\/\/www.zunoticia.com\/noticias-de-hidalgo\/wp-json\/wp\/v2\/tags?post=456584"}],"curies":[{"name":"wp","href":"https:\/\/api.w.org\/{rel}","templated":true}]}}