{"id":456609,"date":"2022-11-25T19:49:48","date_gmt":"2022-11-26T01:49:48","guid":{"rendered":"https:\/\/www.zunoticia.com\/noticias-de-hidalgo\/?p=456609"},"modified":"2022-11-25T19:49:49","modified_gmt":"2022-11-26T01:49:49","slug":"piden-extremar-medidas-por-frio-y-lluvia","status":"publish","type":"post","link":"https:\/\/www.zunoticia.com\/noticias-de-hidalgo\/2022\/11\/25\/piden-extremar-medidas-por-frio-y-lluvia\/","title":{"rendered":"Piden extremar medidas por fr\u00edo y lluvia"},"content":{"rendered":"<aside class=\"mashsb-container mashsb-main mashsb-stretched\"><div class=\"mashsb-box\"><div class=\"mashsb-count mash-large\" style=\"float:left\"><div class=\"counts mashsbcount\">22<\/div><span class=\"mashsb-sharetext\">SHARES<\/span><\/div><div class=\"mashsb-buttons\"><a class=\"mashicon-facebook mash-large mash-center mashsb-noshadow\" href=\"https:\/\/www.facebook.com\/sharer.php?u=https%3A%2F%2Fwww.zunoticia.com%2Fnoticias-de-hidalgo%2F2022%2F11%2F25%2Fpiden-extremar-medidas-por-frio-y-lluvia%2F\" target=\"_top\" rel=\"nofollow\"><span class=\"icon\"><\/span><span class=\"text\">Share<\/span><\/a><a class=\"mashicon-twitter mash-large mash-center mashsb-noshadow\" href=\"https:\/\/twitter.com\/intent\/tweet?text=&amp;url=https:\/\/www.zunoticia.com\/noticias-de-hidalgo\/2022\/11\/25\/piden-extremar-medidas-por-frio-y-lluvia\/\" target=\"_top\" rel=\"nofollow\"><span class=\"icon\"><\/span><span class=\"text\">Tweet<\/span><\/a><div class=\"onoffswitch2 mash-large mashsb-noshadow\" style=\"display:none\"><\/div><\/div>\n            <\/div>\n                <div style=\"clear:both\"><\/div><div class=\"mashsb-toggle-container\"><\/div><\/aside>\n            <!-- Share buttons by mashshare.net - Version: 4.0.47-->\n<p><em>Por \u00c1ngel Silverio\/Zunoticia<\/em><\/p>\n\n\n\n<p><strong>Jaltoc\u00e1n, Hgo.-<\/strong>&nbsp; El departamento de Protecci\u00f3n Civil municipal hizo un llamado a la poblaci\u00f3n a extremar precauciones ante las bajas temperaturas que se tienen previstas para los pr\u00f3ximos d\u00edas, as\u00ed tambi\u00e9n se tienen preparados los albergues en caso de ser necesarios para aquellos que se vean afectados por el fr\u00edo.<\/p>\n\n\n\n<p>El responsable del citado departamento, Herlindo Hern\u00e1ndez Miranda, dijo que, en coordinaci\u00f3n con la polic\u00eda municipal y estatal, realizan recorridos por las zonas consideradas como puntos rojos, y que debido a la lluvia generan deslaves que pudieran ocasionar un accidente.<\/p>\n\n\n\n<p>&#8220;Seguimos insistiendo en que transiten con mucha precauci\u00f3n, as\u00ed tambi\u00e9n le pedimos a las familias que extremen sus medidas por el clima g\u00e9lido que se registra y que se tiene pronosticado que contin\u00faen en los pr\u00f3ximos d\u00edas, la neblina y la lluvia son principales factores de accidentes en esta temporada, y si podemos prevenir, hag\u00e1moslo&#8221;.<\/p>\n\n\n\n<p>A\u00f1adi\u00f3 que es muy importante que en esta temporada de fr\u00edo eviten exponerse a las corrientes de aire fr\u00edo, as\u00ed como evitar dejar encendidos anafres, fogones en el interior de las casas, para evitar accidentes por intoxicaci\u00f3n como ya ha sucedido.<\/p>\n","protected":false},"excerpt":{"rendered":"<p>Por \u00c1ngel Silverio\/Zunoticia Jaltoc\u00e1n, Hgo.-&nbsp; El departamento de Protecci\u00f3n Civil municipal hizo un llamado a la poblaci\u00f3n a extremar precauciones ante las bajas temperaturas que se tienen previstas para los pr\u00f3ximos d\u00edas, as\u00ed tambi\u00e9n se tienen preparados los albergues en caso de ser necesarios para aquellos que se vean afectados por el fr\u00edo. El responsable&hellip; <a class=\"more-link\" href=\"https:\/\/www.zunoticia.com\/noticias-de-hidalgo\/2022\/11\/25\/piden-extremar-medidas-por-frio-y-lluvia\/\">Seguir leyendo <span class=\"screen-reader-text\">Piden extremar medidas por fr\u00edo y lluvia<\/span><\/a><\/p>\n","protected":false},"author":12,"featured_media":456599,"comment_status":"closed","ping_status":"open","sticky":false,"template":"","format":"standard","meta":{"rop_custom_images_group":[],"rop_custom_messages_group":[],"rop_publish_now":"initial","rop_publish_now_accounts":{"facebook_10159540855086992_322828327761733":""},"rop_publish_now_history":[],"rop_publish_now_status":"pending","footnotes":""},"categories":[179,200],"tags":[131],"class_list":["post-456609","post","type-post","status-publish","format-standard","has-post-thumbnail","hentry","category-huasteca","category-jaltocan","tag-jaltocan","entry"],"_links":{"self":[{"href":"https:\/\/www.zunoticia.com\/noticias-de-hidalgo\/wp-json\/wp\/v2\/posts\/456609","targetHints":{"allow":["GET"]}}],"collection":[{"href":"https:\/\/www.zunoticia.com\/noticias-de-hidalgo\/wp-json\/wp\/v2\/posts"}],"about":[{"href":"https:\/\/www.zunoticia.com\/noticias-de-hidalgo\/wp-json\/wp\/v2\/types\/post"}],"author":[{"embeddable":true,"href":"https:\/\/www.zunoticia.com\/noticias-de-hidalgo\/wp-json\/wp\/v2\/users\/12"}],"replies":[{"embeddable":true,"href":"https:\/\/www.zunoticia.com\/noticias-de-hidalgo\/wp-json\/wp\/v2\/comments?post=456609"}],"version-history":[{"count":1,"href":"https:\/\/www.zunoticia.com\/noticias-de-hidalgo\/wp-json\/wp\/v2\/posts\/456609\/revisions"}],"predecessor-version":[{"id":456610,"href":"https:\/\/www.zunoticia.com\/noticias-de-hidalgo\/wp-json\/wp\/v2\/posts\/456609\/revisions\/456610"}],"wp:featuredmedia":[{"embeddable":true,"href":"https:\/\/www.zunoticia.com\/noticias-de-hidalgo\/wp-json\/wp\/v2\/media\/456599"}],"wp:attachment":[{"href":"https:\/\/www.zunoticia.com\/noticias-de-hidalgo\/wp-json\/wp\/v2\/media?parent=456609"}],"wp:term":[{"taxonomy":"category","embeddable":true,"href":"https:\/\/www.zunoticia.com\/noticias-de-hidalgo\/wp-json\/wp\/v2\/categories?post=456609"},{"taxonomy":"post_tag","embeddable":true,"href":"https:\/\/www.zunoticia.com\/noticias-de-hidalgo\/wp-json\/wp\/v2\/tags?post=456609"}],"curies":[{"name":"wp","href":"https:\/\/api.w.org\/{rel}","templated":true}]}}