{"id":456686,"date":"2022-11-26T15:00:03","date_gmt":"2022-11-26T21:00:03","guid":{"rendered":"https:\/\/www.zunoticia.com\/noticias-de-hidalgo\/?p=456686"},"modified":"2022-11-26T15:00:04","modified_gmt":"2022-11-26T21:00:04","slug":"27-de-noviembre-fecha-limite-para-inscribirse-al-parlamento-de-ninas-y-ninos-de-mexico","status":"publish","type":"post","link":"https:\/\/www.zunoticia.com\/noticias-de-hidalgo\/2022\/11\/26\/27-de-noviembre-fecha-limite-para-inscribirse-al-parlamento-de-ninas-y-ninos-de-mexico\/","title":{"rendered":"27 de noviembre, fecha l\u00edmite para inscribirse al Parlamento de ni\u00f1as y ni\u00f1os de M\u00e9xico"},"content":{"rendered":"<aside class=\"mashsb-container mashsb-main mashsb-stretched\"><div class=\"mashsb-box\"><div class=\"mashsb-count mash-large\" style=\"float:left\"><div class=\"counts mashsbcount\">15<\/div><span class=\"mashsb-sharetext\">SHARES<\/span><\/div><div class=\"mashsb-buttons\"><a class=\"mashicon-facebook mash-large mash-center mashsb-noshadow\" href=\"https:\/\/www.facebook.com\/sharer.php?u=https%3A%2F%2Fwww.zunoticia.com%2Fnoticias-de-hidalgo%2F2022%2F11%2F26%2F27-de-noviembre-fecha-limite-para-inscribirse-al-parlamento-de-ninas-y-ninos-de-mexico%2F\" target=\"_top\" rel=\"nofollow\"><span class=\"icon\"><\/span><span class=\"text\">Share<\/span><\/a><a class=\"mashicon-twitter mash-large mash-center mashsb-noshadow\" href=\"https:\/\/twitter.com\/intent\/tweet?text=&amp;url=https:\/\/www.zunoticia.com\/noticias-de-hidalgo\/2022\/11\/26\/27-de-noviembre-fecha-limite-para-inscribirse-al-parlamento-de-ninas-y-ninos-de-mexico\/\" target=\"_top\" rel=\"nofollow\"><span class=\"icon\"><\/span><span class=\"text\">Tweet<\/span><\/a><div class=\"onoffswitch2 mash-large mashsb-noshadow\" style=\"display:none\"><\/div><\/div>\n            <\/div>\n                <div style=\"clear:both\"><\/div><div class=\"mashsb-toggle-container\"><\/div><\/aside>\n            <!-- Share buttons by mashshare.net - Version: 4.0.47-->\n<p><em>Por Enedino Hern\u00e1ndez\/Zunoticia<\/em><\/p>\n\n\n\n<p><strong>Huejutla, Hgo. &#8211;<\/strong> Ser\u00e1 el d\u00eda 27 de noviembre la fecha l\u00edmite en la cual los alumnos de quinto grado de las escuelas primarias podr\u00e1n inscribirse para participar en el 12\u00b0 Parlamento de las ni\u00f1as y los ni\u00f1os de M\u00e9xico, cuya Convenci\u00f3n distrital se ha programado para el 8 de diciembre, as\u00ed lo confirma el vocal de Capacitaci\u00f3n y Educaci\u00f3n C\u00edvica del INE en Huejutla, Pedro del \u00c1ngel Badillo.<\/p>\n\n\n\n<p>Detall\u00f3 que en el 12\u00b0 Parlamento de las ni\u00f1as y los ni\u00f1os de M\u00e9xico se convoca a participar a todas las ni\u00f1as y los ni\u00f1os mexicanos inscritos en las escuelas de educaci\u00f3n primaria que tengan entre 10 y 12 a\u00f1os de edad cumplidos al 9 de diciembre de 2022 y cursen el 5\u00ba grado de primaria en el ciclo escolar 2022-2023.<\/p>\n\n\n\n<p>Expone que el objetivo es que las ni\u00f1as y los ni\u00f1os de M\u00e9xico ejerzan su derecho a la participaci\u00f3n, como dispone la Ley General de los Derechos de Ni\u00f1as, Ni\u00f1os y Adolescentes, fortaleciendo la cultura democr\u00e1tica y creando condiciones para incidir en su entorno con sus propuestas y recomendaciones.<\/p>\n\n\n\n<p>En este caso, podr\u00e1n participar ni\u00f1as y ni\u00f1os mexicanos inscritos en las escuelas de educaci\u00f3n primaria de los Estados Unidos Mexicanos, que tengan entre 10 y 12 a\u00f1os cumplidos al 9 de diciembre de 2022 y cursen el 5\u00b0 grado de educaci\u00f3n primaria o equivalente.<\/p>\n\n\n\n<p>El Parlamento de las Ni\u00f1as y los Ni\u00f1os de M\u00e9xico estar\u00e1 integrado en su momento por 300 legisladoras y legisladores infantiles, uno por cada distrito electoral federal; y en lo que corresponde a este 01 Distrito ya se realizan los preparativos correspondientes para la Convenci\u00f3n Distrital.<\/p>\n\n\n\n<p>En el periodo comprendido del 7 al 27 de noviembre de 2022, las autoridades escolares registrar\u00e1n personalmente o por correo electr\u00f3nico, a la o el representante escolar para participar en la convenci\u00f3n distrital; este tr\u00e1mite deber\u00e1 realizarse ante la Junta Distrital Ejecutiva del INE que corresponda al domicilio del centro escolar en el que se encuentre inscrito el o la representante escolar.<\/p>\n\n\n\n<p>La etapa de elecci\u00f3n de la o el legislador infantil ser\u00e1 responsabilidad del INE, que convocar\u00e1 a las y los representantes registrados a las convenciones distritales que se realizar\u00e1n entre el 28 de noviembre y el 10 de diciembre de 2022 en la sede, d\u00eda y hora que se determine.<\/p>\n","protected":false},"excerpt":{"rendered":"<p>Por Enedino Hern\u00e1ndez\/Zunoticia Huejutla, Hgo. &#8211; Ser\u00e1 el d\u00eda 27 de noviembre la fecha l\u00edmite en la cual los alumnos de quinto grado de las escuelas primarias podr\u00e1n inscribirse para participar en el 12\u00b0 Parlamento de las ni\u00f1as y los ni\u00f1os de M\u00e9xico, cuya Convenci\u00f3n distrital se ha programado para el 8 de diciembre, as\u00ed&hellip; <a class=\"more-link\" href=\"https:\/\/www.zunoticia.com\/noticias-de-hidalgo\/2022\/11\/26\/27-de-noviembre-fecha-limite-para-inscribirse-al-parlamento-de-ninas-y-ninos-de-mexico\/\">Seguir leyendo <span class=\"screen-reader-text\">27 de noviembre, fecha l\u00edmite para inscribirse al Parlamento de ni\u00f1as y ni\u00f1os de M\u00e9xico<\/span><\/a><\/p>\n","protected":false},"author":12,"featured_media":456687,"comment_status":"closed","ping_status":"open","sticky":false,"template":"","format":"standard","meta":{"rop_custom_images_group":[],"rop_custom_messages_group":[],"rop_publish_now":"initial","rop_publish_now_accounts":{"facebook_10159540855086992_322828327761733":""},"rop_publish_now_history":[],"rop_publish_now_status":"pending","footnotes":""},"categories":[181],"tags":[121],"class_list":["post-456686","post","type-post","status-publish","format-standard","has-post-thumbnail","hentry","category-huejutla","tag-huejutla","entry"],"_links":{"self":[{"href":"https:\/\/www.zunoticia.com\/noticias-de-hidalgo\/wp-json\/wp\/v2\/posts\/456686","targetHints":{"allow":["GET"]}}],"collection":[{"href":"https:\/\/www.zunoticia.com\/noticias-de-hidalgo\/wp-json\/wp\/v2\/posts"}],"about":[{"href":"https:\/\/www.zunoticia.com\/noticias-de-hidalgo\/wp-json\/wp\/v2\/types\/post"}],"author":[{"embeddable":true,"href":"https:\/\/www.zunoticia.com\/noticias-de-hidalgo\/wp-json\/wp\/v2\/users\/12"}],"replies":[{"embeddable":true,"href":"https:\/\/www.zunoticia.com\/noticias-de-hidalgo\/wp-json\/wp\/v2\/comments?post=456686"}],"version-history":[{"count":1,"href":"https:\/\/www.zunoticia.com\/noticias-de-hidalgo\/wp-json\/wp\/v2\/posts\/456686\/revisions"}],"predecessor-version":[{"id":456688,"href":"https:\/\/www.zunoticia.com\/noticias-de-hidalgo\/wp-json\/wp\/v2\/posts\/456686\/revisions\/456688"}],"wp:featuredmedia":[{"embeddable":true,"href":"https:\/\/www.zunoticia.com\/noticias-de-hidalgo\/wp-json\/wp\/v2\/media\/456687"}],"wp:attachment":[{"href":"https:\/\/www.zunoticia.com\/noticias-de-hidalgo\/wp-json\/wp\/v2\/media?parent=456686"}],"wp:term":[{"taxonomy":"category","embeddable":true,"href":"https:\/\/www.zunoticia.com\/noticias-de-hidalgo\/wp-json\/wp\/v2\/categories?post=456686"},{"taxonomy":"post_tag","embeddable":true,"href":"https:\/\/www.zunoticia.com\/noticias-de-hidalgo\/wp-json\/wp\/v2\/tags?post=456686"}],"curies":[{"name":"wp","href":"https:\/\/api.w.org\/{rel}","templated":true}]}}