{"id":456712,"date":"2022-11-26T18:57:05","date_gmt":"2022-11-27T00:57:05","guid":{"rendered":"https:\/\/www.zunoticia.com\/noticias-de-hidalgo\/?p=456712"},"modified":"2022-11-26T18:57:07","modified_gmt":"2022-11-27T00:57:07","slug":"avanza-positivamente-produccion-de-cafe-en-la-region","status":"publish","type":"post","link":"https:\/\/www.zunoticia.com\/noticias-de-hidalgo\/2022\/11\/26\/avanza-positivamente-produccion-de-cafe-en-la-region\/","title":{"rendered":"Avanza positivamente producci\u00f3n de caf\u00e9 en la regi\u00f3n"},"content":{"rendered":"<aside class=\"mashsb-container mashsb-main mashsb-stretched\"><div class=\"mashsb-box\"><div class=\"mashsb-count mash-large\" style=\"float:left\"><div class=\"counts mashsbcount\">8<\/div><span class=\"mashsb-sharetext\">SHARES<\/span><\/div><div class=\"mashsb-buttons\"><a class=\"mashicon-facebook mash-large mash-center mashsb-noshadow\" href=\"https:\/\/www.facebook.com\/sharer.php?u=https%3A%2F%2Fwww.zunoticia.com%2Fnoticias-de-hidalgo%2F2022%2F11%2F26%2Favanza-positivamente-produccion-de-cafe-en-la-region%2F\" target=\"_top\" rel=\"nofollow\"><span class=\"icon\"><\/span><span class=\"text\">Share<\/span><\/a><a class=\"mashicon-twitter mash-large mash-center mashsb-noshadow\" href=\"https:\/\/twitter.com\/intent\/tweet?text=&amp;url=https:\/\/www.zunoticia.com\/noticias-de-hidalgo\/2022\/11\/26\/avanza-positivamente-produccion-de-cafe-en-la-region\/\" target=\"_top\" rel=\"nofollow\"><span class=\"icon\"><\/span><span class=\"text\">Tweet<\/span><\/a><div class=\"onoffswitch2 mash-large mashsb-noshadow\" style=\"display:none\"><\/div><\/div>\n            <\/div>\n                <div style=\"clear:both\"><\/div><div class=\"mashsb-toggle-container\"><\/div><\/aside>\n            <!-- Share buttons by mashshare.net - Version: 4.0.47-->\n<p><em>Por Enedino Hern\u00e1ndez\/Zunoticia<\/em><\/p>\n\n\n\n<p><strong>Huejutla, Hgo. &#8211;<\/strong> Hasta el momento se avanza positivamente en la producci\u00f3n del caf\u00e9 en esta zona de Hidalgo, lo que habla de un buen trabajo por parte de los productores, as\u00ed lo se\u00f1al\u00f3 el presidente de la Alianza Nacional de Productores Agropecuarios y Cafetaleros de Hidalgo, Refugio Bautista Hern\u00e1ndez.<\/p>\n\n\n\n<p>Explic\u00f3 que en la regi\u00f3n en cada una de las parcelas se procedi\u00f3 a hacer el replanteo de las plantas de caf\u00e9 por parte de los productores y hasta el momento se tiene muy buenos avances.<\/p>\n\n\n\n<p>Reconoci\u00f3 que \u00faltimamente no se han bajado mayores apoyos para los cafetaleros, ya que se tiene el compromiso por parte del presidente de la Rep\u00fablica y del Gobernador del Estado en darle continuidad a los trabajos que se realizan en las parcelas cafetaleras de esta entidad, mediante la aplicaci\u00f3n del programa Sembrando vida.<\/p>\n\n\n\n<p>Concluy\u00f3 que al ampliarse las parcelas se espera una mayor producci\u00f3n de caf\u00e9 y una mayor comercializaci\u00f3n tanto a nivel municipal, regional y nacional, lo cual traer\u00e1 como consecuencia mayores beneficios para los productores cafetaleros.<\/p>\n","protected":false},"excerpt":{"rendered":"<p>Por Enedino Hern\u00e1ndez\/Zunoticia Huejutla, Hgo. &#8211; Hasta el momento se avanza positivamente en la producci\u00f3n del caf\u00e9 en esta zona de Hidalgo, lo que habla de un buen trabajo por parte de los productores, as\u00ed lo se\u00f1al\u00f3 el presidente de la Alianza Nacional de Productores Agropecuarios y Cafetaleros de Hidalgo, Refugio Bautista Hern\u00e1ndez. Explic\u00f3 que&hellip; <a class=\"more-link\" href=\"https:\/\/www.zunoticia.com\/noticias-de-hidalgo\/2022\/11\/26\/avanza-positivamente-produccion-de-cafe-en-la-region\/\">Seguir leyendo <span class=\"screen-reader-text\">Avanza positivamente producci\u00f3n de caf\u00e9 en la regi\u00f3n<\/span><\/a><\/p>\n","protected":false},"author":12,"featured_media":456713,"comment_status":"closed","ping_status":"open","sticky":false,"template":"","format":"standard","meta":{"rop_custom_images_group":[],"rop_custom_messages_group":[],"rop_publish_now":"initial","rop_publish_now_accounts":{"facebook_10159540855086992_322828327761733":""},"rop_publish_now_history":[],"rop_publish_now_status":"pending","footnotes":""},"categories":[181],"tags":[121],"class_list":["post-456712","post","type-post","status-publish","format-standard","has-post-thumbnail","hentry","category-huejutla","tag-huejutla","entry"],"_links":{"self":[{"href":"https:\/\/www.zunoticia.com\/noticias-de-hidalgo\/wp-json\/wp\/v2\/posts\/456712","targetHints":{"allow":["GET"]}}],"collection":[{"href":"https:\/\/www.zunoticia.com\/noticias-de-hidalgo\/wp-json\/wp\/v2\/posts"}],"about":[{"href":"https:\/\/www.zunoticia.com\/noticias-de-hidalgo\/wp-json\/wp\/v2\/types\/post"}],"author":[{"embeddable":true,"href":"https:\/\/www.zunoticia.com\/noticias-de-hidalgo\/wp-json\/wp\/v2\/users\/12"}],"replies":[{"embeddable":true,"href":"https:\/\/www.zunoticia.com\/noticias-de-hidalgo\/wp-json\/wp\/v2\/comments?post=456712"}],"version-history":[{"count":1,"href":"https:\/\/www.zunoticia.com\/noticias-de-hidalgo\/wp-json\/wp\/v2\/posts\/456712\/revisions"}],"predecessor-version":[{"id":456714,"href":"https:\/\/www.zunoticia.com\/noticias-de-hidalgo\/wp-json\/wp\/v2\/posts\/456712\/revisions\/456714"}],"wp:featuredmedia":[{"embeddable":true,"href":"https:\/\/www.zunoticia.com\/noticias-de-hidalgo\/wp-json\/wp\/v2\/media\/456713"}],"wp:attachment":[{"href":"https:\/\/www.zunoticia.com\/noticias-de-hidalgo\/wp-json\/wp\/v2\/media?parent=456712"}],"wp:term":[{"taxonomy":"category","embeddable":true,"href":"https:\/\/www.zunoticia.com\/noticias-de-hidalgo\/wp-json\/wp\/v2\/categories?post=456712"},{"taxonomy":"post_tag","embeddable":true,"href":"https:\/\/www.zunoticia.com\/noticias-de-hidalgo\/wp-json\/wp\/v2\/tags?post=456712"}],"curies":[{"name":"wp","href":"https:\/\/api.w.org\/{rel}","templated":true}]}}