{"id":456752,"date":"2022-11-26T21:23:26","date_gmt":"2022-11-27T03:23:26","guid":{"rendered":"https:\/\/www.zunoticia.com\/noticias-de-hidalgo\/?p=456752"},"modified":"2022-11-26T21:23:28","modified_gmt":"2022-11-27T03:23:28","slug":"quemo-a-su-hija","status":"publish","type":"post","link":"https:\/\/www.zunoticia.com\/noticias-de-hidalgo\/2022\/11\/26\/quemo-a-su-hija\/","title":{"rendered":"Quem\u00f3 a su hija"},"content":{"rendered":"<aside class=\"mashsb-container mashsb-main mashsb-stretched\"><div class=\"mashsb-box\"><div class=\"mashsb-count mash-large\" style=\"float:left\"><div class=\"counts mashsbcount\">23<\/div><span class=\"mashsb-sharetext\">SHARES<\/span><\/div><div class=\"mashsb-buttons\"><a class=\"mashicon-facebook mash-large mash-center mashsb-noshadow\" href=\"https:\/\/www.facebook.com\/sharer.php?u=https%3A%2F%2Fwww.zunoticia.com%2Fnoticias-de-hidalgo%2F2022%2F11%2F26%2Fquemo-a-su-hija%2F\" target=\"_top\" rel=\"nofollow\"><span class=\"icon\"><\/span><span class=\"text\">Share<\/span><\/a><a class=\"mashicon-twitter mash-large mash-center mashsb-noshadow\" href=\"https:\/\/twitter.com\/intent\/tweet?text=&amp;url=https:\/\/www.zunoticia.com\/noticias-de-hidalgo\/2022\/11\/26\/quemo-a-su-hija\/\" target=\"_top\" rel=\"nofollow\"><span class=\"icon\"><\/span><span class=\"text\">Tweet<\/span><\/a><div class=\"onoffswitch2 mash-large mashsb-noshadow\" style=\"display:none\"><\/div><\/div>\n            <\/div>\n                <div style=\"clear:both\"><\/div><div class=\"mashsb-toggle-container\"><\/div><\/aside>\n            <!-- Share buttons by mashshare.net - Version: 4.0.47-->\n<p><em>Por Redacci\u00f3n\/Zunoticia<\/em><\/p>\n\n\n\n<p><strong>Huejutla, Hgo.-<\/strong> Una menor de edad result\u00f3 con una quemadura en una de sus extremidades superiores, luego que presuntamente su propio padre la quemara como castigo.<\/p>\n\n\n\n<p>Los hechos ocurrieron en d\u00edas pasados en la comunidad de La Cruz de Zocuiteco, cuando se dio a conocer que una menor de edad de dicha zona presuntamente hab\u00eda sido quemada por su propio progenitor, sin embargo, fue uno de sus t\u00edos quien se percat\u00f3 de la herida de la ni\u00f1a y enfrent\u00f3 a su familiar con quien se li\u00f3 a golpes.<\/p>\n\n\n\n<p>Por lo anterior, el caso fue denunciado con el delegado, a quien se le coment\u00f3 lo sucedido y quien recomend\u00f3 acudir a las instancias correspondientes para poner la formal denuncia por el maltrato a la menor, quien presentaba una quemadura en una de sus manos, as\u00ed mismo se desconoce c\u00f3mo fue quemada, ya que la menor s\u00f3lo refiri\u00f3 que su padre actu\u00f3 de esa forma para castigarla por su mal comportamiento, de igual manera se presume que el responsable logr\u00f3 huir para evadir su responsabilidad, por lo que se espera que las autoridades sean quienes realizen las investigaciones necesarias.<\/p>\n","protected":false},"excerpt":{"rendered":"<p>Por Redacci\u00f3n\/Zunoticia Huejutla, Hgo.- Una menor de edad result\u00f3 con una quemadura en una de sus extremidades superiores, luego que presuntamente su propio padre la quemara como castigo. Los hechos ocurrieron en d\u00edas pasados en la comunidad de La Cruz de Zocuiteco, cuando se dio a conocer que una menor de edad de dicha zona&hellip; <a class=\"more-link\" href=\"https:\/\/www.zunoticia.com\/noticias-de-hidalgo\/2022\/11\/26\/quemo-a-su-hija\/\">Seguir leyendo <span class=\"screen-reader-text\">Quem\u00f3 a su hija<\/span><\/a><\/p>\n","protected":false},"author":13,"featured_media":456746,"comment_status":"closed","ping_status":"open","sticky":false,"template":"","format":"standard","meta":{"rop_custom_images_group":[],"rop_custom_messages_group":[],"rop_publish_now":"initial","rop_publish_now_accounts":{"facebook_10159540855086992_322828327761733":""},"rop_publish_now_history":[],"rop_publish_now_status":"pending","footnotes":""},"categories":[178,209],"tags":[121,259],"class_list":["post-456752","post","type-post","status-publish","format-standard","has-post-thumbnail","hentry","category-policiaca","category-relevante","tag-huejutla","tag-policiaca","entry"],"_links":{"self":[{"href":"https:\/\/www.zunoticia.com\/noticias-de-hidalgo\/wp-json\/wp\/v2\/posts\/456752","targetHints":{"allow":["GET"]}}],"collection":[{"href":"https:\/\/www.zunoticia.com\/noticias-de-hidalgo\/wp-json\/wp\/v2\/posts"}],"about":[{"href":"https:\/\/www.zunoticia.com\/noticias-de-hidalgo\/wp-json\/wp\/v2\/types\/post"}],"author":[{"embeddable":true,"href":"https:\/\/www.zunoticia.com\/noticias-de-hidalgo\/wp-json\/wp\/v2\/users\/13"}],"replies":[{"embeddable":true,"href":"https:\/\/www.zunoticia.com\/noticias-de-hidalgo\/wp-json\/wp\/v2\/comments?post=456752"}],"version-history":[{"count":1,"href":"https:\/\/www.zunoticia.com\/noticias-de-hidalgo\/wp-json\/wp\/v2\/posts\/456752\/revisions"}],"predecessor-version":[{"id":456753,"href":"https:\/\/www.zunoticia.com\/noticias-de-hidalgo\/wp-json\/wp\/v2\/posts\/456752\/revisions\/456753"}],"wp:featuredmedia":[{"embeddable":true,"href":"https:\/\/www.zunoticia.com\/noticias-de-hidalgo\/wp-json\/wp\/v2\/media\/456746"}],"wp:attachment":[{"href":"https:\/\/www.zunoticia.com\/noticias-de-hidalgo\/wp-json\/wp\/v2\/media?parent=456752"}],"wp:term":[{"taxonomy":"category","embeddable":true,"href":"https:\/\/www.zunoticia.com\/noticias-de-hidalgo\/wp-json\/wp\/v2\/categories?post=456752"},{"taxonomy":"post_tag","embeddable":true,"href":"https:\/\/www.zunoticia.com\/noticias-de-hidalgo\/wp-json\/wp\/v2\/tags?post=456752"}],"curies":[{"name":"wp","href":"https:\/\/api.w.org\/{rel}","templated":true}]}}