{"id":457145,"date":"2022-11-29T16:21:21","date_gmt":"2022-11-29T22:21:21","guid":{"rendered":"https:\/\/www.zunoticia.com\/noticias-de-hidalgo\/?p=457145"},"modified":"2022-11-29T16:21:22","modified_gmt":"2022-11-29T22:21:22","slug":"festejaran-el-152-aniversario-de-la-fundacion-del-municipio","status":"publish","type":"post","link":"https:\/\/www.zunoticia.com\/noticias-de-hidalgo\/2022\/11\/29\/festejaran-el-152-aniversario-de-la-fundacion-del-municipio\/","title":{"rendered":"Festejar\u00e1n el 152 aniversario de la fundaci\u00f3n del municipio"},"content":{"rendered":"<aside class=\"mashsb-container mashsb-main mashsb-stretched\"><div class=\"mashsb-box\"><div class=\"mashsb-count mash-large\" style=\"float:left\"><div class=\"counts mashsbcount\">28<\/div><span class=\"mashsb-sharetext\">SHARES<\/span><\/div><div class=\"mashsb-buttons\"><a class=\"mashicon-facebook mash-large mash-center mashsb-noshadow\" href=\"https:\/\/www.facebook.com\/sharer.php?u=https%3A%2F%2Fwww.zunoticia.com%2Fnoticias-de-hidalgo%2F2022%2F11%2F29%2Ffestejaran-el-152-aniversario-de-la-fundacion-del-municipio%2F\" target=\"_top\" rel=\"nofollow\"><span class=\"icon\"><\/span><span class=\"text\">Share<\/span><\/a><a class=\"mashicon-twitter mash-large mash-center mashsb-noshadow\" href=\"https:\/\/twitter.com\/intent\/tweet?text=&amp;url=https:\/\/www.zunoticia.com\/noticias-de-hidalgo\/2022\/11\/29\/festejaran-el-152-aniversario-de-la-fundacion-del-municipio\/\" target=\"_top\" rel=\"nofollow\"><span class=\"icon\"><\/span><span class=\"text\">Tweet<\/span><\/a><div class=\"onoffswitch2 mash-large mashsb-noshadow\" style=\"display:none\"><\/div><\/div>\n            <\/div>\n                <div style=\"clear:both\"><\/div><div class=\"mashsb-toggle-container\"><\/div><\/aside>\n            <!-- Share buttons by mashshare.net - Version: 4.0.47-->\n<p><em>Por \u00c1ngel Silverio\/Zunoticia<\/em><\/p>\n\n\n\n<p><strong>San Felipe Orizatl\u00e1n, Hgo. &#8211;<\/strong> Con el fin de conmemorar el 152 aniversario de la erecci\u00f3n del municipio, se estar\u00e1n llevando a cabo una serie de actividades este 30 de noviembre, por lo que invitan a todos los orizatlenses a ser part\u00edcipes de estas y juntos celebrar el orgullo de ser de San Felipe Orizatl\u00e1n.<\/p>\n\n\n\n<p>De acuerdo con lo informado por el secretario del ayuntamiento, Camilo Melo Rivera, para festejar estos 152 a\u00f1os de la fundaci\u00f3n del municipio, el ayuntamiento tiene preparado en punto de las 09:00 de la ma\u00f1ana el izamiento de bandera, posteriormente a las 09:30 horas una exposici\u00f3n fotogr\u00e1fica y de fotograf\u00eda antigua.<\/p>\n\n\n\n<p>As\u00ed mismo, se continuar\u00e1 a las 10:00 de la ma\u00f1ana con una demostraci\u00f3n, elaboraci\u00f3n de pan artesanal y exposici\u00f3n gastron\u00f3mica, recordando que hace apenas un mes el municipio recibi\u00f3 el galard\u00f3n como \u201cPueblo con sabor\u201d; para finalizar las actividades se transmitir\u00e1 el partido de la selecci\u00f3n nacional en el mundial de f\u00fatbol, siendo esto a las 13:00 horas.<\/p>\n\n\n\n<p>&#8220;Los invitamos a todos a que participen y sean parte de estos festejos, sentir el orgullo de ser de San Felipe Orizatl\u00e1n, es una fecha importante para todos los ciudadanos y qu\u00e9 mejor que lo celebremos juntos, por ello esperamos contar con la presencia de todos nuestros paisanos&#8221; finaliz\u00f3.<\/p>\n","protected":false},"excerpt":{"rendered":"<p>Por \u00c1ngel Silverio\/Zunoticia San Felipe Orizatl\u00e1n, Hgo. &#8211; Con el fin de conmemorar el 152 aniversario de la erecci\u00f3n del municipio, se estar\u00e1n llevando a cabo una serie de actividades este 30 de noviembre, por lo que invitan a todos los orizatlenses a ser part\u00edcipes de estas y juntos celebrar el orgullo de ser de&hellip; <a class=\"more-link\" href=\"https:\/\/www.zunoticia.com\/noticias-de-hidalgo\/2022\/11\/29\/festejaran-el-152-aniversario-de-la-fundacion-del-municipio\/\">Seguir leyendo <span class=\"screen-reader-text\">Festejar\u00e1n el 152 aniversario de la fundaci\u00f3n del municipio<\/span><\/a><\/p>\n","protected":false},"author":12,"featured_media":457146,"comment_status":"closed","ping_status":"open","sticky":false,"template":"","format":"standard","meta":{"rop_custom_images_group":[],"rop_custom_messages_group":[],"rop_publish_now":"initial","rop_publish_now_accounts":{"facebook_10159540855086992_322828327761733":""},"rop_publish_now_history":[],"rop_publish_now_status":"pending","footnotes":""},"categories":[180],"tags":[129],"class_list":["post-457145","post","type-post","status-publish","format-standard","has-post-thumbnail","hentry","category-orizatlan","tag-orizatlan","entry"],"_links":{"self":[{"href":"https:\/\/www.zunoticia.com\/noticias-de-hidalgo\/wp-json\/wp\/v2\/posts\/457145","targetHints":{"allow":["GET"]}}],"collection":[{"href":"https:\/\/www.zunoticia.com\/noticias-de-hidalgo\/wp-json\/wp\/v2\/posts"}],"about":[{"href":"https:\/\/www.zunoticia.com\/noticias-de-hidalgo\/wp-json\/wp\/v2\/types\/post"}],"author":[{"embeddable":true,"href":"https:\/\/www.zunoticia.com\/noticias-de-hidalgo\/wp-json\/wp\/v2\/users\/12"}],"replies":[{"embeddable":true,"href":"https:\/\/www.zunoticia.com\/noticias-de-hidalgo\/wp-json\/wp\/v2\/comments?post=457145"}],"version-history":[{"count":1,"href":"https:\/\/www.zunoticia.com\/noticias-de-hidalgo\/wp-json\/wp\/v2\/posts\/457145\/revisions"}],"predecessor-version":[{"id":457147,"href":"https:\/\/www.zunoticia.com\/noticias-de-hidalgo\/wp-json\/wp\/v2\/posts\/457145\/revisions\/457147"}],"wp:featuredmedia":[{"embeddable":true,"href":"https:\/\/www.zunoticia.com\/noticias-de-hidalgo\/wp-json\/wp\/v2\/media\/457146"}],"wp:attachment":[{"href":"https:\/\/www.zunoticia.com\/noticias-de-hidalgo\/wp-json\/wp\/v2\/media?parent=457145"}],"wp:term":[{"taxonomy":"category","embeddable":true,"href":"https:\/\/www.zunoticia.com\/noticias-de-hidalgo\/wp-json\/wp\/v2\/categories?post=457145"},{"taxonomy":"post_tag","embeddable":true,"href":"https:\/\/www.zunoticia.com\/noticias-de-hidalgo\/wp-json\/wp\/v2\/tags?post=457145"}],"curies":[{"name":"wp","href":"https:\/\/api.w.org\/{rel}","templated":true}]}}