{"id":457188,"date":"2022-11-29T17:47:16","date_gmt":"2022-11-29T23:47:16","guid":{"rendered":"https:\/\/www.zunoticia.com\/noticias-de-hidalgo\/?p=457188"},"modified":"2022-11-29T17:47:17","modified_gmt":"2022-11-29T23:47:17","slug":"erika-saab-participa-en-reunion-interregional-de-seguridad-con-hidalgo-san-luis-potosi-y-veracruz","status":"publish","type":"post","link":"https:\/\/www.zunoticia.com\/noticias-de-hidalgo\/2022\/11\/29\/erika-saab-participa-en-reunion-interregional-de-seguridad-con-hidalgo-san-luis-potosi-y-veracruz\/","title":{"rendered":"Erika Saab participa en reuni\u00f3n interregional de seguridad con Hidalgo, San Luis Potos\u00ed y Veracruz"},"content":{"rendered":"<aside class=\"mashsb-container mashsb-main mashsb-stretched\"><div class=\"mashsb-box\"><div class=\"mashsb-count mash-large\" style=\"float:left\"><div class=\"counts mashsbcount\">26<\/div><span class=\"mashsb-sharetext\">SHARES<\/span><\/div><div class=\"mashsb-buttons\"><a class=\"mashicon-facebook mash-large mash-center mashsb-noshadow\" href=\"https:\/\/www.facebook.com\/sharer.php?u=https%3A%2F%2Fwww.zunoticia.com%2Fnoticias-de-hidalgo%2F2022%2F11%2F29%2Ferika-saab-participa-en-reunion-interregional-de-seguridad-con-hidalgo-san-luis-potosi-y-veracruz%2F\" target=\"_top\" rel=\"nofollow\"><span class=\"icon\"><\/span><span class=\"text\">Share<\/span><\/a><a class=\"mashicon-twitter mash-large mash-center mashsb-noshadow\" href=\"https:\/\/twitter.com\/intent\/tweet?text=&amp;url=https:\/\/www.zunoticia.com\/noticias-de-hidalgo\/2022\/11\/29\/erika-saab-participa-en-reunion-interregional-de-seguridad-con-hidalgo-san-luis-potosi-y-veracruz\/\" target=\"_top\" rel=\"nofollow\"><span class=\"icon\"><\/span><span class=\"text\">Tweet<\/span><\/a><div class=\"onoffswitch2 mash-large mashsb-noshadow\" style=\"display:none\"><\/div><\/div>\n            <\/div>\n                <div style=\"clear:both\"><\/div><div class=\"mashsb-toggle-container\"><\/div><\/aside>\n            <!-- Share buttons by mashshare.net - Version: 4.0.47-->\n<p><em>Por Redacci\u00f3n\/Zunoticia<\/em><\/p>\n\n\n\n<p><strong>San Felipe Orizatl\u00e1n, Hgo. &#8211;<\/strong> Con la finalidad de unificar criterios y optimizar el trabajo de seguridad ciudadana, la presidenta municipal Erika Saab Lara, asisti\u00f3 a la &#8220;Reuni\u00f3n Interregional de la Coordinaci\u00f3n para la Construcci\u00f3n de Paz y Seguridad con los Estados de Hidalgo &#8211; San Luis Potos\u00ed y Veracruz.<\/p>\n\n\n\n<p>En dicha reuni\u00f3n estuvieron alcaldes de los tres estados, el encargado de la Procuradur\u00eda del Estado de Hidalgo, el secretario de Gobernaci\u00f3n del Estado de Veracruz, as\u00ed como Juan Pablo Escobar Mart\u00ednez subsecretario Interinstitucional de San Luis Potos\u00ed, en donde se reafirm\u00f3 el compromiso para mejorar las estrategias de prevenci\u00f3n y seguridad en municipios de los estados colindantes.&nbsp;&nbsp;&nbsp;&nbsp;&nbsp;&nbsp;&nbsp;&nbsp;&nbsp;&nbsp;&nbsp;&nbsp;&nbsp;&nbsp;&nbsp;&nbsp;&nbsp;&nbsp;&nbsp;&nbsp;&nbsp;&nbsp;&nbsp;&nbsp;&nbsp;&nbsp;&nbsp;&nbsp;&nbsp;&nbsp;&nbsp;&nbsp;&nbsp;&nbsp;&nbsp;&nbsp;&nbsp;&nbsp;&nbsp;&nbsp;<\/p>\n\n\n\n<figure class=\"wp-block-image size-large\"><img fetchpriority=\"high\" decoding=\"async\" width=\"766\" height=\"1024\" src=\"https:\/\/www.zunoticia.com\/noticias-de-hidalgo\/wp-content\/uploads\/2022\/11\/WhatsApp-Image-2022-11-29-at-5.44.34-PM-2-766x1024.jpeg\" alt=\"\" class=\"wp-image-457190\" srcset=\"https:\/\/www.zunoticia.com\/noticias-de-hidalgo\/wp-content\/uploads\/2022\/11\/WhatsApp-Image-2022-11-29-at-5.44.34-PM-2-766x1024.jpeg 766w, https:\/\/www.zunoticia.com\/noticias-de-hidalgo\/wp-content\/uploads\/2022\/11\/WhatsApp-Image-2022-11-29-at-5.44.34-PM-2-225x300.jpeg 225w, https:\/\/www.zunoticia.com\/noticias-de-hidalgo\/wp-content\/uploads\/2022\/11\/WhatsApp-Image-2022-11-29-at-5.44.34-PM-2-768x1026.jpeg 768w, https:\/\/www.zunoticia.com\/noticias-de-hidalgo\/wp-content\/uploads\/2022\/11\/WhatsApp-Image-2022-11-29-at-5.44.34-PM-2.jpeg 958w\" sizes=\"(max-width: 766px) 100vw, 766px\" \/><\/figure>\n\n\n\n<p>&nbsp;Con esto se busca hacer un esfuerzo integral entre los gobiernos de las tres entidades federativas, as\u00ed garantizar la seguridad p\u00fablica a las familias, asignando la alianza por la prevenci\u00f3n y vigilancia para buscar la disminuci\u00f3n de la incidencia delictiva y el fortalecimiento de la tranquilidad.<\/p>\n\n\n\n<p>En esta administraci\u00f3n que dirige Erika Saab Lara se contin\u00faa trabajando con el fin de generar nuevos mecanismos de seguridad para los habitantes de San Felipe Orizatl\u00e1n.<\/p>\n","protected":false},"excerpt":{"rendered":"<p>Por Redacci\u00f3n\/Zunoticia San Felipe Orizatl\u00e1n, Hgo. &#8211; Con la finalidad de unificar criterios y optimizar el trabajo de seguridad ciudadana, la presidenta municipal Erika Saab Lara, asisti\u00f3 a la &#8220;Reuni\u00f3n Interregional de la Coordinaci\u00f3n para la Construcci\u00f3n de Paz y Seguridad con los Estados de Hidalgo &#8211; San Luis Potos\u00ed y Veracruz. En dicha reuni\u00f3n&hellip; <a class=\"more-link\" href=\"https:\/\/www.zunoticia.com\/noticias-de-hidalgo\/2022\/11\/29\/erika-saab-participa-en-reunion-interregional-de-seguridad-con-hidalgo-san-luis-potosi-y-veracruz\/\">Seguir leyendo <span class=\"screen-reader-text\">Erika Saab participa en reuni\u00f3n interregional de seguridad con Hidalgo, San Luis Potos\u00ed y Veracruz<\/span><\/a><\/p>\n","protected":false},"author":12,"featured_media":457189,"comment_status":"closed","ping_status":"open","sticky":false,"template":"","format":"standard","meta":{"rop_custom_images_group":[],"rop_custom_messages_group":[],"rop_publish_now":"initial","rop_publish_now_accounts":{"facebook_10159540855086992_322828327761733":""},"rop_publish_now_history":[],"rop_publish_now_status":"pending","footnotes":""},"categories":[180],"tags":[129],"class_list":["post-457188","post","type-post","status-publish","format-standard","has-post-thumbnail","hentry","category-orizatlan","tag-orizatlan","entry"],"_links":{"self":[{"href":"https:\/\/www.zunoticia.com\/noticias-de-hidalgo\/wp-json\/wp\/v2\/posts\/457188","targetHints":{"allow":["GET"]}}],"collection":[{"href":"https:\/\/www.zunoticia.com\/noticias-de-hidalgo\/wp-json\/wp\/v2\/posts"}],"about":[{"href":"https:\/\/www.zunoticia.com\/noticias-de-hidalgo\/wp-json\/wp\/v2\/types\/post"}],"author":[{"embeddable":true,"href":"https:\/\/www.zunoticia.com\/noticias-de-hidalgo\/wp-json\/wp\/v2\/users\/12"}],"replies":[{"embeddable":true,"href":"https:\/\/www.zunoticia.com\/noticias-de-hidalgo\/wp-json\/wp\/v2\/comments?post=457188"}],"version-history":[{"count":1,"href":"https:\/\/www.zunoticia.com\/noticias-de-hidalgo\/wp-json\/wp\/v2\/posts\/457188\/revisions"}],"predecessor-version":[{"id":457191,"href":"https:\/\/www.zunoticia.com\/noticias-de-hidalgo\/wp-json\/wp\/v2\/posts\/457188\/revisions\/457191"}],"wp:featuredmedia":[{"embeddable":true,"href":"https:\/\/www.zunoticia.com\/noticias-de-hidalgo\/wp-json\/wp\/v2\/media\/457189"}],"wp:attachment":[{"href":"https:\/\/www.zunoticia.com\/noticias-de-hidalgo\/wp-json\/wp\/v2\/media?parent=457188"}],"wp:term":[{"taxonomy":"category","embeddable":true,"href":"https:\/\/www.zunoticia.com\/noticias-de-hidalgo\/wp-json\/wp\/v2\/categories?post=457188"},{"taxonomy":"post_tag","embeddable":true,"href":"https:\/\/www.zunoticia.com\/noticias-de-hidalgo\/wp-json\/wp\/v2\/tags?post=457188"}],"curies":[{"name":"wp","href":"https:\/\/api.w.org\/{rel}","templated":true}]}}