{"id":457311,"date":"2022-11-30T12:21:39","date_gmt":"2022-11-30T18:21:39","guid":{"rendered":"https:\/\/www.zunoticia.com\/noticias-de-hidalgo\/?p=457311"},"modified":"2022-11-30T12:21:41","modified_gmt":"2022-11-30T18:21:41","slug":"confirman-recorridos-de-modulos-de-atencion-ciudadana-del-ine","status":"publish","type":"post","link":"https:\/\/www.zunoticia.com\/noticias-de-hidalgo\/2022\/11\/30\/confirman-recorridos-de-modulos-de-atencion-ciudadana-del-ine\/","title":{"rendered":"Confirman recorridos de M\u00f3dulos de Atenci\u00f3n Ciudadana del INE"},"content":{"rendered":"<aside class=\"mashsb-container mashsb-main mashsb-stretched\"><div class=\"mashsb-box\"><div class=\"mashsb-count mash-large\" style=\"float:left\"><div class=\"counts mashsbcount\">31<\/div><span class=\"mashsb-sharetext\">SHARES<\/span><\/div><div class=\"mashsb-buttons\"><a class=\"mashicon-facebook mash-large mash-center mashsb-noshadow\" href=\"https:\/\/www.facebook.com\/sharer.php?u=https%3A%2F%2Fwww.zunoticia.com%2Fnoticias-de-hidalgo%2F2022%2F11%2F30%2Fconfirman-recorridos-de-modulos-de-atencion-ciudadana-del-ine%2F\" target=\"_top\" rel=\"nofollow\"><span class=\"icon\"><\/span><span class=\"text\">Share<\/span><\/a><a class=\"mashicon-twitter mash-large mash-center mashsb-noshadow\" href=\"https:\/\/twitter.com\/intent\/tweet?text=&amp;url=https:\/\/www.zunoticia.com\/noticias-de-hidalgo\/2022\/11\/30\/confirman-recorridos-de-modulos-de-atencion-ciudadana-del-ine\/\" target=\"_top\" rel=\"nofollow\"><span class=\"icon\"><\/span><span class=\"text\">Tweet<\/span><\/a><div class=\"onoffswitch2 mash-large mashsb-noshadow\" style=\"display:none\"><\/div><\/div>\n            <\/div>\n                <div style=\"clear:both\"><\/div><div class=\"mashsb-toggle-container\"><\/div><\/aside>\n            <!-- Share buttons by mashshare.net - Version: 4.0.47-->\n<p><em>Por Enedino Hern\u00e1ndez\/Zunoticia<\/em><\/p>\n\n\n\n<p><strong>Huejutla, Hgo. &#8211;<\/strong> El vocal del Registro Federal de Electores del Instituto Nacional Electoral (INE) en Huejutla de Reyes, Vicente Rodr\u00edguez, dio a conocer en t\u00e9rminos generales el recorrido que realizar\u00e1n durante lo que resta de la presente semana los M\u00f3dulos de Atenci\u00f3n Ciudadana por municipios de la sierra y la huasteca de Hidalgo.<\/p>\n\n\n\n<p>El M\u00f3dulo Fijo de Atenci\u00f3n Ciudadana del INE en Huejutla de Reyes atiende de lunes a viernes de 08:00 a 15:00 horas, tres de la tarde, espacio en el cual los ciudadanos pueden tramitar, actualizar o recoger la credencial de elector con fotograf\u00eda.<\/p>\n\n\n\n<p>El M\u00f3dulo de Atenci\u00f3n Ciudadana que recorre los municipios de la huasteca de Hidalgo durante este d\u00eda 30 de noviembre y el 1 de diciembre estar\u00e1 en el municipio de Huazalingo; y para el 2 de diciembre en Yahualica.<\/p>\n\n\n\n<p>Mientras que el M\u00f3dulo de Atenci\u00f3n Ciudadana que recorre los municipios de la sierra, este 30 de noviembre estar\u00eda en Lolotla y los d\u00edas 1 y 2 de diciembre en Molango; en ambos casos se brinda atenci\u00f3n de 09:00 a las 16:00 horas, cuatro de la tarde.<\/p>\n\n\n\n<p>Vicente Rodr\u00edguez, subray\u00f3 que, los ciudadanos quienes acuden a los M\u00f3dulos de Atenci\u00f3n Ciudadana para tramitar, actualizar o recoger la credencial de elector con fotograf\u00eda deben de ir con su respectivo cubrebocas, adem\u00e1s de permitir la aplicaci\u00f3n de gel antibacterial y que les tomen la temperatura correspondiente.<\/p>\n\n\n\n<p>Para concluir, dijo que, personal de los M\u00f3dulos de Atenci\u00f3n Ciudadana tendr\u00e1n un periodo vacacional que comprende del 25 de diciembre al 2 de enero del 2023, por lo que el \u00faltimo d\u00eda para tramitar la credencial es el 23 de diciembre, y nuevamente se retornan a las actividades con normalidad el d\u00eda 3 de enero del 2023.<\/p>\n","protected":false},"excerpt":{"rendered":"<p>Por Enedino Hern\u00e1ndez\/Zunoticia Huejutla, Hgo. &#8211; El vocal del Registro Federal de Electores del Instituto Nacional Electoral (INE) en Huejutla de Reyes, Vicente Rodr\u00edguez, dio a conocer en t\u00e9rminos generales el recorrido que realizar\u00e1n durante lo que resta de la presente semana los M\u00f3dulos de Atenci\u00f3n Ciudadana por municipios de la sierra y la huasteca&hellip; <a class=\"more-link\" href=\"https:\/\/www.zunoticia.com\/noticias-de-hidalgo\/2022\/11\/30\/confirman-recorridos-de-modulos-de-atencion-ciudadana-del-ine\/\">Seguir leyendo <span class=\"screen-reader-text\">Confirman recorridos de M\u00f3dulos de Atenci\u00f3n Ciudadana del INE<\/span><\/a><\/p>\n","protected":false},"author":12,"featured_media":457312,"comment_status":"closed","ping_status":"open","sticky":false,"template":"","format":"standard","meta":{"rop_custom_images_group":[],"rop_custom_messages_group":[],"rop_publish_now":"initial","rop_publish_now_accounts":{"facebook_10159540855086992_322828327761733":""},"rop_publish_now_history":[],"rop_publish_now_status":"pending","footnotes":""},"categories":[181],"tags":[121],"class_list":["post-457311","post","type-post","status-publish","format-standard","has-post-thumbnail","hentry","category-huejutla","tag-huejutla","entry"],"_links":{"self":[{"href":"https:\/\/www.zunoticia.com\/noticias-de-hidalgo\/wp-json\/wp\/v2\/posts\/457311","targetHints":{"allow":["GET"]}}],"collection":[{"href":"https:\/\/www.zunoticia.com\/noticias-de-hidalgo\/wp-json\/wp\/v2\/posts"}],"about":[{"href":"https:\/\/www.zunoticia.com\/noticias-de-hidalgo\/wp-json\/wp\/v2\/types\/post"}],"author":[{"embeddable":true,"href":"https:\/\/www.zunoticia.com\/noticias-de-hidalgo\/wp-json\/wp\/v2\/users\/12"}],"replies":[{"embeddable":true,"href":"https:\/\/www.zunoticia.com\/noticias-de-hidalgo\/wp-json\/wp\/v2\/comments?post=457311"}],"version-history":[{"count":1,"href":"https:\/\/www.zunoticia.com\/noticias-de-hidalgo\/wp-json\/wp\/v2\/posts\/457311\/revisions"}],"predecessor-version":[{"id":457313,"href":"https:\/\/www.zunoticia.com\/noticias-de-hidalgo\/wp-json\/wp\/v2\/posts\/457311\/revisions\/457313"}],"wp:featuredmedia":[{"embeddable":true,"href":"https:\/\/www.zunoticia.com\/noticias-de-hidalgo\/wp-json\/wp\/v2\/media\/457312"}],"wp:attachment":[{"href":"https:\/\/www.zunoticia.com\/noticias-de-hidalgo\/wp-json\/wp\/v2\/media?parent=457311"}],"wp:term":[{"taxonomy":"category","embeddable":true,"href":"https:\/\/www.zunoticia.com\/noticias-de-hidalgo\/wp-json\/wp\/v2\/categories?post=457311"},{"taxonomy":"post_tag","embeddable":true,"href":"https:\/\/www.zunoticia.com\/noticias-de-hidalgo\/wp-json\/wp\/v2\/tags?post=457311"}],"curies":[{"name":"wp","href":"https:\/\/api.w.org\/{rel}","templated":true}]}}