{"id":457349,"date":"2022-11-30T14:34:53","date_gmt":"2022-11-30T20:34:53","guid":{"rendered":"https:\/\/www.zunoticia.com\/noticias-de-hidalgo\/?p=457349"},"modified":"2022-11-30T14:34:55","modified_gmt":"2022-11-30T20:34:55","slug":"recibe-alcalde-certificado-de-incorporacion-al-programa-de-reforma-a-sectores-prioritarios","status":"publish","type":"post","link":"https:\/\/www.zunoticia.com\/noticias-de-hidalgo\/2022\/11\/30\/recibe-alcalde-certificado-de-incorporacion-al-programa-de-reforma-a-sectores-prioritarios\/","title":{"rendered":"Recibe alcalde certificado de incorporaci\u00f3n al programa de Reforma a sectores prioritarios"},"content":{"rendered":"<aside class=\"mashsb-container mashsb-main mashsb-stretched\"><div class=\"mashsb-box\"><div class=\"mashsb-count mash-large\" style=\"float:left\"><div class=\"counts mashsbcount\">11<\/div><span class=\"mashsb-sharetext\">SHARES<\/span><\/div><div class=\"mashsb-buttons\"><a class=\"mashicon-facebook mash-large mash-center mashsb-noshadow\" href=\"https:\/\/www.facebook.com\/sharer.php?u=https%3A%2F%2Fwww.zunoticia.com%2Fnoticias-de-hidalgo%2F2022%2F11%2F30%2Frecibe-alcalde-certificado-de-incorporacion-al-programa-de-reforma-a-sectores-prioritarios%2F\" target=\"_top\" rel=\"nofollow\"><span class=\"icon\"><\/span><span class=\"text\">Share<\/span><\/a><a class=\"mashicon-twitter mash-large mash-center mashsb-noshadow\" href=\"https:\/\/twitter.com\/intent\/tweet?text=&amp;url=https:\/\/www.zunoticia.com\/noticias-de-hidalgo\/2022\/11\/30\/recibe-alcalde-certificado-de-incorporacion-al-programa-de-reforma-a-sectores-prioritarios\/\" target=\"_top\" rel=\"nofollow\"><span class=\"icon\"><\/span><span class=\"text\">Tweet<\/span><\/a><div class=\"onoffswitch2 mash-large mashsb-noshadow\" style=\"display:none\"><\/div><\/div>\n            <\/div>\n                <div style=\"clear:both\"><\/div><div class=\"mashsb-toggle-container\"><\/div><\/aside>\n            <!-- Share buttons by mashshare.net - Version: 4.0.47-->\n<p><em>Por Redacci\u00f3n\/Zunoticia<\/em><\/p>\n\n\n\n<p><strong>Tlanchinol, Hgo. &#8211;<\/strong> En el marco de la Sesi\u00f3n Ordinaria del Consejo Estatal de Mejora Regulatoria que presidi\u00f3 el gobernador Julio Ram\u00f3n Menchaca Salazar, llevada a cabo en la ciudad de Pachuca, el presidente municipal de Tlanchinol Marcos Bautista Medina recibi\u00f3 el Certificado de Incorporaci\u00f3n al Programa de Reforma a Sectores Prioritarios.<\/p>\n\n\n\n<figure class=\"wp-block-image size-large\"><img fetchpriority=\"high\" decoding=\"async\" width=\"766\" height=\"1024\" src=\"https:\/\/www.zunoticia.com\/noticias-de-hidalgo\/wp-content\/uploads\/2022\/11\/WhatsApp-Image-2022-11-30-at-2.16.55-PM-1-766x1024.jpeg\" alt=\"\" class=\"wp-image-457352\" srcset=\"https:\/\/www.zunoticia.com\/noticias-de-hidalgo\/wp-content\/uploads\/2022\/11\/WhatsApp-Image-2022-11-30-at-2.16.55-PM-1-766x1024.jpeg 766w, https:\/\/www.zunoticia.com\/noticias-de-hidalgo\/wp-content\/uploads\/2022\/11\/WhatsApp-Image-2022-11-30-at-2.16.55-PM-1-225x300.jpeg 225w, https:\/\/www.zunoticia.com\/noticias-de-hidalgo\/wp-content\/uploads\/2022\/11\/WhatsApp-Image-2022-11-30-at-2.16.55-PM-1-768x1026.jpeg 768w, https:\/\/www.zunoticia.com\/noticias-de-hidalgo\/wp-content\/uploads\/2022\/11\/WhatsApp-Image-2022-11-30-at-2.16.55-PM-1.jpeg 958w\" sizes=\"(max-width: 766px) 100vw, 766px\" \/><\/figure>\n\n\n\n<p>En este acuerdo se establecen los tr\u00e1mites para el despliegue, uso, mantenimiento y reparaci\u00f3n de infraestructura de telecomunicaciones en Tlanchinol; con este certificado el municipio se incorpora a la regulaci\u00f3n administrativa en el proceso de telecomunicaciones, para mejorar la accesibilidad a internet, adem\u00e1s se incluye como participe en los programas que se implementen de avance de acceso al internet y se busca llevar este beneficio cada vez a m\u00e1s comunidades.<\/p>\n\n\n\n<figure class=\"wp-block-image size-large\"><img decoding=\"async\" width=\"766\" height=\"1024\" src=\"https:\/\/www.zunoticia.com\/noticias-de-hidalgo\/wp-content\/uploads\/2022\/11\/WhatsApp-Image-2022-11-30-at-2.16.55-PM-766x1024.jpeg\" alt=\"\" class=\"wp-image-457351\" srcset=\"https:\/\/www.zunoticia.com\/noticias-de-hidalgo\/wp-content\/uploads\/2022\/11\/WhatsApp-Image-2022-11-30-at-2.16.55-PM-766x1024.jpeg 766w, https:\/\/www.zunoticia.com\/noticias-de-hidalgo\/wp-content\/uploads\/2022\/11\/WhatsApp-Image-2022-11-30-at-2.16.55-PM-225x300.jpeg 225w, https:\/\/www.zunoticia.com\/noticias-de-hidalgo\/wp-content\/uploads\/2022\/11\/WhatsApp-Image-2022-11-30-at-2.16.55-PM-768x1026.jpeg 768w, https:\/\/www.zunoticia.com\/noticias-de-hidalgo\/wp-content\/uploads\/2022\/11\/WhatsApp-Image-2022-11-30-at-2.16.55-PM.jpeg 958w\" sizes=\"(max-width: 766px) 100vw, 766px\" \/><\/figure>\n\n\n\n<p>Cabe se\u00f1alar que estos pliegos son emitidos por la Secretar\u00eda de Econom\u00eda y la Comisi\u00f3n Nacional de Mejora Regulatoria, por lo que la administraci\u00f3n que preside Marcos Bautista, ha trabajado los \u00faltimos meses para la obtenci\u00f3n de este certificado, el cual se logr\u00f3 con una puntuaci\u00f3n de 91.4<\/p>\n","protected":false},"excerpt":{"rendered":"<p>Por Redacci\u00f3n\/Zunoticia Tlanchinol, Hgo. &#8211; En el marco de la Sesi\u00f3n Ordinaria del Consejo Estatal de Mejora Regulatoria que presidi\u00f3 el gobernador Julio Ram\u00f3n Menchaca Salazar, llevada a cabo en la ciudad de Pachuca, el presidente municipal de Tlanchinol Marcos Bautista Medina recibi\u00f3 el Certificado de Incorporaci\u00f3n al Programa de Reforma a Sectores Prioritarios. En&hellip; <a class=\"more-link\" href=\"https:\/\/www.zunoticia.com\/noticias-de-hidalgo\/2022\/11\/30\/recibe-alcalde-certificado-de-incorporacion-al-programa-de-reforma-a-sectores-prioritarios\/\">Seguir leyendo <span class=\"screen-reader-text\">Recibe alcalde certificado de incorporaci\u00f3n al programa de Reforma a sectores prioritarios<\/span><\/a><\/p>\n","protected":false},"author":12,"featured_media":457350,"comment_status":"closed","ping_status":"open","sticky":false,"template":"","format":"standard","meta":{"rop_custom_images_group":[],"rop_custom_messages_group":[],"rop_publish_now":"initial","rop_publish_now_accounts":{"facebook_10159540855086992_322828327761733":""},"rop_publish_now_history":[],"rop_publish_now_status":"pending","footnotes":""},"categories":[219,201],"tags":[127],"class_list":["post-457349","post","type-post","status-publish","format-standard","has-post-thumbnail","hentry","category-sierra","category-tlanchinol","tag-tlanchinol","entry"],"_links":{"self":[{"href":"https:\/\/www.zunoticia.com\/noticias-de-hidalgo\/wp-json\/wp\/v2\/posts\/457349","targetHints":{"allow":["GET"]}}],"collection":[{"href":"https:\/\/www.zunoticia.com\/noticias-de-hidalgo\/wp-json\/wp\/v2\/posts"}],"about":[{"href":"https:\/\/www.zunoticia.com\/noticias-de-hidalgo\/wp-json\/wp\/v2\/types\/post"}],"author":[{"embeddable":true,"href":"https:\/\/www.zunoticia.com\/noticias-de-hidalgo\/wp-json\/wp\/v2\/users\/12"}],"replies":[{"embeddable":true,"href":"https:\/\/www.zunoticia.com\/noticias-de-hidalgo\/wp-json\/wp\/v2\/comments?post=457349"}],"version-history":[{"count":1,"href":"https:\/\/www.zunoticia.com\/noticias-de-hidalgo\/wp-json\/wp\/v2\/posts\/457349\/revisions"}],"predecessor-version":[{"id":457353,"href":"https:\/\/www.zunoticia.com\/noticias-de-hidalgo\/wp-json\/wp\/v2\/posts\/457349\/revisions\/457353"}],"wp:featuredmedia":[{"embeddable":true,"href":"https:\/\/www.zunoticia.com\/noticias-de-hidalgo\/wp-json\/wp\/v2\/media\/457350"}],"wp:attachment":[{"href":"https:\/\/www.zunoticia.com\/noticias-de-hidalgo\/wp-json\/wp\/v2\/media?parent=457349"}],"wp:term":[{"taxonomy":"category","embeddable":true,"href":"https:\/\/www.zunoticia.com\/noticias-de-hidalgo\/wp-json\/wp\/v2\/categories?post=457349"},{"taxonomy":"post_tag","embeddable":true,"href":"https:\/\/www.zunoticia.com\/noticias-de-hidalgo\/wp-json\/wp\/v2\/tags?post=457349"}],"curies":[{"name":"wp","href":"https:\/\/api.w.org\/{rel}","templated":true}]}}