{"id":457374,"date":"2022-11-30T16:45:04","date_gmt":"2022-11-30T22:45:04","guid":{"rendered":"https:\/\/www.zunoticia.com\/noticias-de-hidalgo\/?p=457374"},"modified":"2022-11-30T16:45:05","modified_gmt":"2022-11-30T22:45:05","slug":"pc-pide-tomar-medidas-preventivas-para-esta-temporada-decembrina","status":"publish","type":"post","link":"https:\/\/www.zunoticia.com\/noticias-de-hidalgo\/2022\/11\/30\/pc-pide-tomar-medidas-preventivas-para-esta-temporada-decembrina\/","title":{"rendered":"PC pide tomar medidas preventivas para esta temporada decembrina"},"content":{"rendered":"<aside class=\"mashsb-container mashsb-main mashsb-stretched\"><div class=\"mashsb-box\"><div class=\"mashsb-count mash-large\" style=\"float:left\"><div class=\"counts mashsbcount\">7<\/div><span class=\"mashsb-sharetext\">SHARES<\/span><\/div><div class=\"mashsb-buttons\"><a class=\"mashicon-facebook mash-large mash-center mashsb-noshadow\" href=\"https:\/\/www.facebook.com\/sharer.php?u=https%3A%2F%2Fwww.zunoticia.com%2Fnoticias-de-hidalgo%2F2022%2F11%2F30%2Fpc-pide-tomar-medidas-preventivas-para-esta-temporada-decembrina%2F\" target=\"_top\" rel=\"nofollow\"><span class=\"icon\"><\/span><span class=\"text\">Share<\/span><\/a><a class=\"mashicon-twitter mash-large mash-center mashsb-noshadow\" href=\"https:\/\/twitter.com\/intent\/tweet?text=&amp;url=https:\/\/www.zunoticia.com\/noticias-de-hidalgo\/2022\/11\/30\/pc-pide-tomar-medidas-preventivas-para-esta-temporada-decembrina\/\" target=\"_top\" rel=\"nofollow\"><span class=\"icon\"><\/span><span class=\"text\">Tweet<\/span><\/a><div class=\"onoffswitch2 mash-large mashsb-noshadow\" style=\"display:none\"><\/div><\/div>\n            <\/div>\n                <div style=\"clear:both\"><\/div><div class=\"mashsb-toggle-container\"><\/div><\/aside>\n            <!-- Share buttons by mashshare.net - Version: 4.0.47-->\n<p><em>Por Pedro Luciano\/Zunoticia<\/em><\/p>\n\n\n\n<p><strong>Tlanchinol, Hgo. &#8211;<\/strong> \u201cYa que dar\u00e1n inicio las fiestas decembrinas y junto con ellas, las convivencias familiares, visitas de otras regiones, estados o incluso quienes acuden de otros pa\u00edses a celebrar la navidad con las familias, cuando la mayor\u00eda consume bebidas et\u00edlicas, se invita a la poblaci\u00f3n en general a tomar sus precauciones\u201d.<\/p>\n\n\n\n<p>Lo anterior fue afirmado por Catalino Baltazar Concepci\u00f3n, director del \u00e1rea de Protecci\u00f3n Civil (P.C.) en el municipio de Tlanchinol, de igual forma recomend\u00f3 vigilar el aspecto el\u00e9ctrico de las viviendas para no sobrecargar los contactos con las luces navide\u00f1as y dem\u00e1s aparatos, pues pueden provocar un corto circuito y resultando en algunas ocasiones un incendio.<\/p>\n\n\n\n<p>De igual forma prevenir el uso de la pirotecnia en menores de edad, siendo necesario para su utilizaci\u00f3n la supervisi\u00f3n de un adulto, por ser estos productos peligrosos, sin embargo muy utilizados en estas fiestas.<\/p>\n\n\n\n<p>Verificar que los ni\u00f1os y ni\u00f1as tengan esta informaci\u00f3n, as\u00ed tambi\u00e9n se recomienda en estas temporadas de festividad cuando normalmente se consumen bebidas et\u00edlicas, no manejar; de igual forma en la sierra, en estos tiempos es muy frecuente la presencia de neblina y llovizna lo cual hace que sea m\u00e1s peligroso el conducir, lo anterior para prevenir accidentes y que estas fiestas se lleven a cabo sin tragedias.<\/p>\n","protected":false},"excerpt":{"rendered":"<p>Por Pedro Luciano\/Zunoticia Tlanchinol, Hgo. &#8211; \u201cYa que dar\u00e1n inicio las fiestas decembrinas y junto con ellas, las convivencias familiares, visitas de otras regiones, estados o incluso quienes acuden de otros pa\u00edses a celebrar la navidad con las familias, cuando la mayor\u00eda consume bebidas et\u00edlicas, se invita a la poblaci\u00f3n en general a tomar sus&hellip; <a class=\"more-link\" href=\"https:\/\/www.zunoticia.com\/noticias-de-hidalgo\/2022\/11\/30\/pc-pide-tomar-medidas-preventivas-para-esta-temporada-decembrina\/\">Seguir leyendo <span class=\"screen-reader-text\">PC pide tomar medidas preventivas para esta temporada decembrina<\/span><\/a><\/p>\n","protected":false},"author":12,"featured_media":457375,"comment_status":"closed","ping_status":"open","sticky":false,"template":"","format":"standard","meta":{"rop_custom_images_group":[],"rop_custom_messages_group":[],"rop_publish_now":"initial","rop_publish_now_accounts":{"facebook_10159540855086992_322828327761733":""},"rop_publish_now_history":[],"rop_publish_now_status":"pending","footnotes":""},"categories":[219,201],"tags":[127],"class_list":["post-457374","post","type-post","status-publish","format-standard","has-post-thumbnail","hentry","category-sierra","category-tlanchinol","tag-tlanchinol","entry"],"_links":{"self":[{"href":"https:\/\/www.zunoticia.com\/noticias-de-hidalgo\/wp-json\/wp\/v2\/posts\/457374","targetHints":{"allow":["GET"]}}],"collection":[{"href":"https:\/\/www.zunoticia.com\/noticias-de-hidalgo\/wp-json\/wp\/v2\/posts"}],"about":[{"href":"https:\/\/www.zunoticia.com\/noticias-de-hidalgo\/wp-json\/wp\/v2\/types\/post"}],"author":[{"embeddable":true,"href":"https:\/\/www.zunoticia.com\/noticias-de-hidalgo\/wp-json\/wp\/v2\/users\/12"}],"replies":[{"embeddable":true,"href":"https:\/\/www.zunoticia.com\/noticias-de-hidalgo\/wp-json\/wp\/v2\/comments?post=457374"}],"version-history":[{"count":1,"href":"https:\/\/www.zunoticia.com\/noticias-de-hidalgo\/wp-json\/wp\/v2\/posts\/457374\/revisions"}],"predecessor-version":[{"id":457376,"href":"https:\/\/www.zunoticia.com\/noticias-de-hidalgo\/wp-json\/wp\/v2\/posts\/457374\/revisions\/457376"}],"wp:featuredmedia":[{"embeddable":true,"href":"https:\/\/www.zunoticia.com\/noticias-de-hidalgo\/wp-json\/wp\/v2\/media\/457375"}],"wp:attachment":[{"href":"https:\/\/www.zunoticia.com\/noticias-de-hidalgo\/wp-json\/wp\/v2\/media?parent=457374"}],"wp:term":[{"taxonomy":"category","embeddable":true,"href":"https:\/\/www.zunoticia.com\/noticias-de-hidalgo\/wp-json\/wp\/v2\/categories?post=457374"},{"taxonomy":"post_tag","embeddable":true,"href":"https:\/\/www.zunoticia.com\/noticias-de-hidalgo\/wp-json\/wp\/v2\/tags?post=457374"}],"curies":[{"name":"wp","href":"https:\/\/api.w.org\/{rel}","templated":true}]}}